{"id":567439,"date":"2026-05-24T05:37:16","date_gmt":"2026-05-24T05:37:16","guid":{"rendered":"https:\/\/www.europesays.com\/es\/567439\/"},"modified":"2026-05-24T05:37:16","modified_gmt":"2026-05-24T05:37:16","slug":"lidl-trek-le-birla-a-movistar-team-a-un-interesante-esprinter-que-andaba-libre-por-el-mercado","status":"publish","type":"post","link":"https:\/\/www.europesays.com\/es\/567439\/","title":{"rendered":"Lidl-Trek le &#8216;birla&#8217; a Movistar Team a un interesante esprinter que andaba libre por el mercado"},"content":{"rendered":"<p>El mercado ciclista entra en ebullici\u00f3n mientras los corredores que buscan contrato valoran sus opciones y esperan que su primavera dispare ofertas antes de los anuncios previstos para m\u00e1s adelante en la temporada. Seg\u00fan varios informes, <a href=\"https:\/\/ciclismoaldia.es\/jordi-meeus\" title=\"Jordi Meeus\" rel=\"nofollow noopener\" target=\"_blank\">Jordi Meeus<\/a> ser\u00eda el \u00faltimo en cambiar de aires, ya que est\u00e1 listo para dejar Red Bull &#8211; BORA Hansgrohe en un movimiento sorprendente. Otro crack que se le escapa a Movistar Team, necesitado de este tipo de corredores para aspirar a m\u00e1s victorias.<\/p>\n<p>El contrato del belga de 27 a\u00f1os con Red Bull &#8211; BORA Hansgrohe expira al final de esta temporada, y con un palmar\u00e9s que incluye una victoria en los Campos El\u00edseos del Tour de France y la versatilidad para competir en las cl\u00e1sicas de primavera, Meeus es una pieza muy codiciada. Meeus se incorpor\u00f3 al equipo alem\u00e1n en 2021 y este cambio supondr\u00eda su primer traspaso como corredor WorldTour.<\/p>\n<p>El velocista alem\u00e1n est\u00e1 cerca de firmar con <a href=\"https:\/\/ciclismoaldia.es\/lidl-trek\" title=\"Lidl-Trek\" rel=\"nofollow noopener\" target=\"_blank\">Lidl-Trek<\/a> tras rechazar una oferta para continuar en su equipo actual, <a href=\"https:\/\/www.hln.be\/wielrennen\/opvallende-transfer-in-de-maak-jordi-meeus-op-weg-naar-lidl-trek~a0a09858\/\" target=\"_blank\" rel=\"nofollow noopener\">informa HLN<\/a>. Lidl-Trek parece haber ganado la puja por la firma de Meeus en su intento de reforzar su bloque de cl\u00e1sicas de primavera.Soudal &#8211; Quickstep, entre los otros equipos interesados en Meeus<\/p>\n<p>Se informa de que Soudal &#8211; Quickstep pregunt\u00f3 por Meeus, pero finalmente se retir\u00f3 al contar ya con opciones al sprint como Tim Merlier y Paul Magnier, sin carencias en ese frente. Lotto Intermarche tambi\u00e9n mostr\u00f3 inter\u00e9s, dado que Arnaud De Lie parece encaminado a dejar el equipo.<\/p>\n<p>Pero ahora los informes indican que Lidl-Trek ser\u00e1 el destino de Meeus, lo que le unir\u00eda a Mads Pedersen y Jonathan Milan como hombres r\u00e1pidos dentro de la escuadra. El movimiento tambi\u00e9n abre interrogantes sobre su encaje en la estructura, con Pedersen y Milan ya piezas clave en el asalto a grandes objetivos.<\/p>\n<p><img decoding=\"async\" width=\"720\" height=\"405\" loading=\"lazy\" src=\"https:\/\/www.europesays.com\/es\/wp-content\/uploads\/2026\/05\/meeus-6a117a1ddc77b.jpg@webp.webp\" class=\"w-auto h-auto\" alt=\"Jordi Meeus, esprinter belga\"\/><\/p>\n<p>Jordi Meeus, ciclista de Red Bull que podr\u00eda acabar en Lidl-Trek<\/p>\n<p>Las aptitudes cl\u00e1sicas del alem\u00e1n apuntan a que puede convertirse en un hombre importante, con resultados destacados como el tercer puesto en Gent-Wevelgem y el octavo en Paris-Roubaix. Meeus tambi\u00e9n ha logrado victorias en cl\u00e1sicas de un d\u00eda como Paris-Bourges, la Primus Classic, el Circuit de Wallonie, Copenhagen Sprint, Binche-Chimay-Binche y la Ename Samyn Classic.<\/p>\n","protected":false},"excerpt":{"rendered":"El mercado ciclista entra en ebullici\u00f3n mientras los corredores que buscan contrato valoran sus opciones y esperan que&hellip;\n","protected":false},"author":2,"featured_media":567440,"comment_status":"","ping_status":"","sticky":false,"template":"","format":"standard","meta":{"footnotes":""},"categories":[273],"tags":[313,312,168,25,24,108893,11482,46023,23,167],"class_list":["post-567439","post","type-post","status-publish","format-standard","has-post-thumbnail","category-ciclismo","tag-ciclismo","tag-cycling","tag-deportes","tag-es","tag-espana","tag-jordi-meeus","tag-lidl-trek","tag-red-bull-bora-hansgrohe","tag-spain","tag-sports"],"share_on_mastodon":{"url":"https:\/\/pubeurope.com\/@es\/116627941306833310","error":""},"_links":{"self":[{"href":"https:\/\/www.europesays.com\/es\/wp-json\/wp\/v2\/posts\/567439","targetHints":{"allow":["GET"]}}],"collection":[{"href":"https:\/\/www.europesays.com\/es\/wp-json\/wp\/v2\/posts"}],"about":[{"href":"https:\/\/www.europesays.com\/es\/wp-json\/wp\/v2\/types\/post"}],"author":[{"embeddable":true,"href":"https:\/\/www.europesays.com\/es\/wp-json\/wp\/v2\/users\/2"}],"replies":[{"embeddable":true,"href":"https:\/\/www.europesays.com\/es\/wp-json\/wp\/v2\/comments?post=567439"}],"version-history":[{"count":0,"href":"https:\/\/www.europesays.com\/es\/wp-json\/wp\/v2\/posts\/567439\/revisions"}],"wp:featuredmedia":[{"embeddable":true,"href":"https:\/\/www.europesays.com\/es\/wp-json\/wp\/v2\/media\/567440"}],"wp:attachment":[{"href":"https:\/\/www.europesays.com\/es\/wp-json\/wp\/v2\/media?parent=567439"}],"wp:term":[{"taxonomy":"category","embeddable":true,"href":"https:\/\/www.europesays.com\/es\/wp-json\/wp\/v2\/categories?post=567439"},{"taxonomy":"post_tag","embeddable":true,"href":"https:\/\/www.europesays.com\/es\/wp-json\/wp\/v2\/tags?post=567439"}],"curies":[{"name":"wp","href":"https:\/\/api.w.org\/{rel}","templated":true}]}}