{"id":567475,"date":"2026-05-24T06:12:24","date_gmt":"2026-05-24T06:12:24","guid":{"rendered":"https:\/\/www.europesays.com\/es\/567475\/"},"modified":"2026-05-24T06:12:24","modified_gmt":"2026-05-24T06:12:24","slug":"pinar-roman-y-lorenzo-tres-estilos-tres-faenas-y-tres-orejas-en-bocairent","status":"publish","type":"post","link":"https:\/\/www.europesays.com\/es\/567475\/","title":{"rendered":"Pinar, Rom\u00e1n y Lorenzo, tres estilos, tres faenas y tres orejas en Bocairent"},"content":{"rendered":"<p><strong>Rub\u00e9n Pinar<\/strong> cuaj\u00f3 una notable faena con el primer toro de <strong>Victorino Mart\u00edn<\/strong>, que embisti\u00f3 con ritmo y son. El espada de <strong>Tobarra<\/strong> le cogi\u00f3 el pulso en una faena fundamentalmente templada -exigi\u00f3 sutileza en toques y alturas- y resuelta con excelente oficio. Lo mat\u00f3 de una estocada muy bien ejecutada y pase\u00f3 la primera oreja de la tarde.<\/p>\n<p>El segundo, de peculiar pelaje -un defecto de pigmentaci\u00f3n-, embisti\u00f3 bien al capote de <strong>Rom\u00e1n<\/strong> de salida. Se encel\u00f3 en el caballo. En banderillas, apret\u00f3 el toro, que se creci\u00f3 adem\u00e1s en un ruedo tan peque\u00f1o como el de <strong>Bocairent<\/strong>. Cogi\u00f3 de forma fe\u00edsima a <strong>Fernando S\u00e1nchez<\/strong>, que qued\u00f3 colgado del pit\u00f3n unos segundos. Pas\u00f3 por su propio pie a la enfermer\u00eda con la taleguilla rota y con una cornada. Brind\u00f3 <strong>Rom\u00e1n<\/strong> al maestro <strong>Luis Francisco Espl\u00e1<\/strong>, que este s\u00e1bado celebra el quincuag\u00e9simo aniversario de su alternativa. Tardo, escarbador, le falt\u00f3 ritmo al toro pero se encontr\u00f3 a un muy firme <strong>Rom\u00e1n <\/strong>que supli\u00f3 con disposici\u00f3n y valor las embestidas reservonas del victorino. Lo mat\u00f3 de una buena estocada, punto trasera, y pase\u00f3 una oreja.<\/p>\n<p><strong>\u00c1lvaro Lorenzo<\/strong> demostr\u00f3 ante el tercero su gran sentido del temple. Muy asentado el toledano, embarc\u00f3 con la muleta en la izquierda, siempre muerta, apenas sin toques, la calidad del toro de <strong>Victorino Mart\u00edn<\/strong>, al que le falt\u00f3 un punto mayor de transmisi\u00f3n. Exprimi\u00f3 al toro y se dej\u00f3 lo mejor para el final en una serie estupenda, por ligada, templada y profunda, de naturales. Un pinchazo precedi\u00f3 a una buena estocada. Fue premiado con una oreja.<\/p>\n<p>El asaltillado cuarto fue un victorino de los complejos. Se volv\u00eda sobre las manos, sin entregarse y midiendo, no quer\u00eda pasar. Muy deslucido. <strong>Rub\u00e9n Pinar <\/strong>lo prob\u00f3&#8230; pero no hab\u00eda manera de meterle mano. Lo mat\u00f3 con habilidad.<\/p>\n<p>El quinto fue un toro costoso para estar delante. Se lo pensaba mucho el de <strong>Victorino Mart\u00edn<\/strong> y eso exigi\u00f3 un esfuerzo al valenciano, que apost\u00f3 por el toro con mucha firmeza de nuevo. Muy meritoria la actuaci\u00f3n por cuanto tuvo que tragar. Todo lo bien que estuvo <strong>Rom\u00e1n<\/strong> con la muleta lo estuvo de mal con los aceros. No lo vio nada claro con la espada, descabellando al toro al borde del tercer aviso.<\/p>\n<p><strong>\u00c1lvaro Lorenzo<\/strong> marr\u00f3 con la espada una seria y s\u00f3lida actuaci\u00f3n ante el sexto de la tarde, un toro con sus teclas y con el que no resultaba f\u00e1cil estar delante. Como le ocurriera a <strong>Rom\u00e1n <\/strong>en su anterior, emborron\u00f3 con los aceros su buen hacer con la muleta. El toro nunca iba metido en la muleta con su falta de entrega y Lorenzo lo pas\u00f3 por ambas manos con aparente facilidad en una labor sorda pero de gran m\u00e9rito.<\/p>\n<p><strong>Bocairent (Valencia)<\/strong>. S\u00e1bado, 23 de mayo de 2026. Corrida Sorollana. Toros de <strong>Victorino Mart\u00edn<\/strong>, correctos de presentaci\u00f3n y de variado juego. De m\u00e1s opciones los tres primeros; exigentes y complicados los tres \u00faltimos. <strong>Rub\u00e9n Pinar<\/strong>, oreja y palmas; <strong>Rom\u00e1n<\/strong>, oreja y silencio tras dos avisos; y <strong>\u00c1lvaro Lorenzo<\/strong>, oreja y silencio tras dos avisos. <strong>Entrada<\/strong>: M\u00e1s de tres cuartos de plaza. Salud\u00f3 <strong>Iv\u00e1n Garc\u00eda<\/strong> tras banderillear al sexto.<\/p>\n","protected":false},"excerpt":{"rendered":"Rub\u00e9n Pinar cuaj\u00f3 una notable faena con el primer toro de Victorino Mart\u00edn, que embisti\u00f3 con ritmo y&hellip;\n","protected":false},"author":2,"featured_media":567476,"comment_status":"","ping_status":"","sticky":false,"template":"","format":"standard","meta":{"footnotes":""},"categories":[91],"tags":[3076,4773,47785,108900,146,147,25,24,4792,108901,23,35034],"class_list":["post-567475","post","type-post","status-publish","format-standard","has-post-thumbnail","category-entretenimiento","tag-3076","tag-alvaro-lorenzo","tag-bocairent","tag-corrida-sorollana","tag-entertainment","tag-entretenimiento","tag-es","tag-espana","tag-roman","tag-ruben-pinar","tag-spain","tag-victorino-martin"],"share_on_mastodon":{"url":"https:\/\/pubeurope.com\/@es\/116628078540649088","error":""},"_links":{"self":[{"href":"https:\/\/www.europesays.com\/es\/wp-json\/wp\/v2\/posts\/567475","targetHints":{"allow":["GET"]}}],"collection":[{"href":"https:\/\/www.europesays.com\/es\/wp-json\/wp\/v2\/posts"}],"about":[{"href":"https:\/\/www.europesays.com\/es\/wp-json\/wp\/v2\/types\/post"}],"author":[{"embeddable":true,"href":"https:\/\/www.europesays.com\/es\/wp-json\/wp\/v2\/users\/2"}],"replies":[{"embeddable":true,"href":"https:\/\/www.europesays.com\/es\/wp-json\/wp\/v2\/comments?post=567475"}],"version-history":[{"count":0,"href":"https:\/\/www.europesays.com\/es\/wp-json\/wp\/v2\/posts\/567475\/revisions"}],"wp:featuredmedia":[{"embeddable":true,"href":"https:\/\/www.europesays.com\/es\/wp-json\/wp\/v2\/media\/567476"}],"wp:attachment":[{"href":"https:\/\/www.europesays.com\/es\/wp-json\/wp\/v2\/media?parent=567475"}],"wp:term":[{"taxonomy":"category","embeddable":true,"href":"https:\/\/www.europesays.com\/es\/wp-json\/wp\/v2\/categories?post=567475"},{"taxonomy":"post_tag","embeddable":true,"href":"https:\/\/www.europesays.com\/es\/wp-json\/wp\/v2\/tags?post=567475"}],"curies":[{"name":"wp","href":"https:\/\/api.w.org\/{rel}","templated":true}]}}