{"id":567515,"date":"2026-05-24T06:40:42","date_gmt":"2026-05-24T06:40:42","guid":{"rendered":"https:\/\/www.europesays.com\/es\/567515\/"},"modified":"2026-05-24T06:40:42","modified_gmt":"2026-05-24T06:40:42","slug":"trump-dice-que-esta-dividido-entre-cerrar-un-acuerdo-o-atacar-a-iran","status":"publish","type":"post","link":"https:\/\/www.europesays.com\/es\/567515\/","title":{"rendered":"Trump dice que est\u00e1 dividido entre cerrar un acuerdo o atacar a Ir\u00e1n"},"content":{"rendered":"<p class=\"ft-text\">El presidente de Estados Unidos, <strong>Donald Trump,<\/strong> explic\u00f3 este s\u00e1bado que est\u00e1 dividido entre cerrar un acuerdo o retomar la ofensiva militar contra Ir\u00e1n. En breves declaraciones telef\u00f3nicas al portal Axios, el presidente dijo que hay un <strong>50 % de probabilidades de llegar a un \u00abbuen\u00bb trato<\/strong> o, por el contrario, har\u00e1 \u00abvolar por los aires\u00bb a Ir\u00e1n, pa\u00eds con el que acord\u00f3 un alto el fuego en <strong>abril<\/strong>.<\/p>\n<p class=\"ft-text\">El presidente tiene previsto reunirse este mismo s\u00e1bado con su equipo de seguridad, incluido el vicepresidente, <strong>JD Vance, <\/strong>y el equipo negociador estadounidense,<strong> Steve Witkoff y Jared Kushner,<\/strong> para evaluar la situaci\u00f3n. Trump cancel\u00f3 el viernes sus planes de pasar el fin de semana en su campo de golf en Nueva Jersey y regres\u00f3 a Washington para dar seguimiento a las negociaciones con Teher\u00e1n.<\/p>\n<p class=\"ft-text\">El jefe del Ej\u00e9rcito paquistan\u00ed, el general <strong>Asim Munir,<\/strong> que ejerce de mediador entre<strong> Estados Unidos e Ir\u00e1n, <\/strong>visit\u00f3 este s\u00e1bado Teher\u00e1n para tratar de impulsar un acuerdo. El Ministerio de Exteriores iran\u00ed declar\u00f3 que en la \u00faltima semana ha habido \u00abun acercamiento de posturas\u00bb y el secretario de Estado de Estados Unidos, <strong>Marco Rubio<\/strong>, de visita oficial en la India, anticip\u00f3 que podr\u00eda haber un anuncio en las pr\u00f3ximas horas o d\u00edas.<\/p>\n<p class=\"ft-text\">En el centro de las negociaciones est\u00e1 el programa nuclear iran\u00ed, pues Washington exige que Teher\u00e1n deje de enriquecer uranio, y la situaci\u00f3n del estrecho de Ormuz, bloqueado por Ir\u00e1n desde el inicio de la guerra y donde quiere cobrar un peaje para su tr\u00e1nsito<\/p>\n","protected":false},"excerpt":{"rendered":"El presidente de Estados Unidos, Donald Trump, explic\u00f3 este s\u00e1bado que est\u00e1 dividido entre cerrar un acuerdo o&hellip;\n","protected":false},"author":2,"featured_media":567516,"comment_status":"","ping_status":"","sticky":false,"template":"","format":"standard","meta":{"footnotes":""},"categories":[5],"tags":[945,17,18,5417,6727,65415,352,25,24,629,13,14,11,3137,49684,19,20,9,10,15,16,23,12,936,21,22],"class_list":["post-567515","post","type-post","status-publish","format-standard","has-post-thumbnail","category-titulares","tag-acuerdo","tag-breaking-news","tag-breakingnews","tag-cerrar","tag-dice","tag-dividido","tag-donald-trump","tag-es","tag-espana","tag-estados-unidos","tag-featured-news","tag-featurednews","tag-headlines","tag-iran","tag-jared-kushner","tag-latest-news","tag-latestnews","tag-news","tag-noticias","tag-noticias-destacadas","tag-noticiasdestacadas","tag-spain","tag-titulares","tag-trump","tag-ultimas-noticias","tag-ultimasnoticias"],"share_on_mastodon":{"url":"https:\/\/pubeurope.com\/@es\/116628188340916716","error":""},"_links":{"self":[{"href":"https:\/\/www.europesays.com\/es\/wp-json\/wp\/v2\/posts\/567515","targetHints":{"allow":["GET"]}}],"collection":[{"href":"https:\/\/www.europesays.com\/es\/wp-json\/wp\/v2\/posts"}],"about":[{"href":"https:\/\/www.europesays.com\/es\/wp-json\/wp\/v2\/types\/post"}],"author":[{"embeddable":true,"href":"https:\/\/www.europesays.com\/es\/wp-json\/wp\/v2\/users\/2"}],"replies":[{"embeddable":true,"href":"https:\/\/www.europesays.com\/es\/wp-json\/wp\/v2\/comments?post=567515"}],"version-history":[{"count":0,"href":"https:\/\/www.europesays.com\/es\/wp-json\/wp\/v2\/posts\/567515\/revisions"}],"wp:featuredmedia":[{"embeddable":true,"href":"https:\/\/www.europesays.com\/es\/wp-json\/wp\/v2\/media\/567516"}],"wp:attachment":[{"href":"https:\/\/www.europesays.com\/es\/wp-json\/wp\/v2\/media?parent=567515"}],"wp:term":[{"taxonomy":"category","embeddable":true,"href":"https:\/\/www.europesays.com\/es\/wp-json\/wp\/v2\/categories?post=567515"},{"taxonomy":"post_tag","embeddable":true,"href":"https:\/\/www.europesays.com\/es\/wp-json\/wp\/v2\/tags?post=567515"}],"curies":[{"name":"wp","href":"https:\/\/api.w.org\/{rel}","templated":true}]}}