{"id":567523,"date":"2026-05-24T06:49:11","date_gmt":"2026-05-24T06:49:11","guid":{"rendered":"https:\/\/www.europesays.com\/es\/567523\/"},"modified":"2026-05-24T06:49:11","modified_gmt":"2026-05-24T06:49:11","slug":"la-tablet-de-victor-asi-se-vivio-el-partido-en-el-palco","status":"publish","type":"post","link":"https:\/\/www.europesays.com\/es\/567523\/","title":{"rendered":"La tablet de V\u00edctor: as\u00ed se vivi\u00f3 el partido en el palco"},"content":{"rendered":"<p>\n        Los nervios en la <a href=\"https:\/\/www.noticiasdenavarra.com\/tags\/getafe-osasuna\/\" title=\"expedici\u00f3n rojilla\" target=\"_blank\" class=\"link copy\" rel=\"nofollow noopener\"><strong>expedici\u00f3n rojilla<\/strong><\/a><strong> <\/strong>eran evidentes antes de empezar la jornada clave. El palco de autoridades fue el epicentro del otro partido, el que jugaban los que no pod\u00edan saltar al c\u00e9sped.\n<\/p>\n<p class=\"article-body__text \">\n        De los primeros en asomarse al palco fue el <strong>presidente de Osasuna<\/strong>, <strong>Luis Sabalza<\/strong>. Parec\u00eda bastante tranquilo o por lo menos se guardaba sus emociones de los que mejor. El resto de la Junta presente y escoltados por trabajadores y ejecutivos del club. Algunos, como <strong>Braulio<\/strong>, con sus cascos bien colocados. Es una imagen habitual, aunque esta vez no hab\u00eda llamadas telef\u00f3nicas. Poco antes de empezar el partido aparecieron por el palco los <strong>Mu\u00f1oz<\/strong>, <strong>Iker y V\u00edctor<\/strong>. El primero, reci\u00e9n sentado, demostraba sus nervios con un importante agitar de su pierna. <strong>V\u00edctor<\/strong>, por su parte, coloc\u00f3 entre sus piernas una tablet y se coloc\u00f3 el multif\u00fatbol. Poco iba a durar ah\u00ed, ya que su compa\u00f1ero le pidi\u00f3 r\u00e1pidamente que la colocase en las escaleras para que la pudiesen ver los dos.\n<\/p>\n<p class=\"article-body__text \">\n        Durante la primera mitad, aunque se notaban los nervios, los resultados iban acompa\u00f1ando y, especialmente, se celebr\u00f3 el <strong>gol del Elche<\/strong> con poca efusividad eso s\u00ed, que ah\u00ed andaba <strong>Canal<\/strong> intentando calmar a todos los presentes. No ten\u00eda trabajo f\u00e1cil. Con el tanto ilicitano, al secretario t\u00e9cnico, <strong>Cata Prieto<\/strong>, ya no le quedaban u\u00f1as que morder de los nervios. En el campo, <strong>Barja<\/strong> y <strong>Aitor<\/strong> viv\u00edan la primera mitad con los ayudantes, en un banquillo aparte siguiendo el resto de la jornada. Con la llegada del descanso todo el mundo se dispers\u00f3.\n<\/p>\n<p>  <strong>Emoci\u00f3n desbordada al final<\/strong><\/p>\n<p class=\"article-body__text \">\n        Con el comienzo de la segunda mitad lleg\u00f3 el <strong>gol del Girona<\/strong>. Los nervios ya estaban a flor de piel. Pero <strong>Osasuna<\/strong> cumpl\u00eda su papel y con eso bastaba. Entonces lleg\u00f3 el <strong>gol del Getafe<\/strong>. Los dos <strong>Mu\u00f1oz<\/strong> no pod\u00edan creerlo. Manos en la cara. El sufrimiento de ambos era palpable. Para entonces, <strong>Osasuna<\/strong> ya ten\u00eda a una persona en la bocana de vestuarios para ir informando al banquillo. <strong>Braulio<\/strong> se retir\u00f3 al antepalco mientras que <strong>Cata<\/strong> ya se hab\u00eda colocado detr\u00e1s de <strong>V\u00edctor<\/strong> para tambi\u00e9n seguir el partido del <strong>Girona<\/strong>. Todos centrados en la tablet. Bueno, <strong>Iker<\/strong> de vez en cuando se quejaba al \u00e1rbitro, pero los dem\u00e1s ah\u00ed estaban.\n<\/p>\n<p class=\"article-body__text \">\n        <strong>Canal<\/strong> ya no pod\u00eda poner paz ni as\u00ed mismo. El palco se le quedaba peque\u00f1o hasta que encontr\u00f3 refugio en las escaleras para seguir el partido del <strong>Girona<\/strong>&#8230;en la tablet de <strong>V\u00edctor<\/strong>. Aquello ya era la tablet del osasunismo. Y m\u00e1s que lo iba a ser al acabar el partido rojillo. Directivos, mujeres de estos, empleados del club&#8230; todo el mundo se arremolinaban alrededor de los dos jugadores. La tensi\u00f3n era palpable. Hasta que el <strong>director general<\/strong>, que tambi\u00e9n se hab\u00eda retirado, volvi\u00f3 corriendo al palco para fundirse en un abrazo con <strong>Iker y V\u00edctor<\/strong>. <strong>Se hab\u00eda acabado el sufrimiento<\/strong>. Las l\u00e1grimas brotaron de todos los presentes y la emoci\u00f3n se desbord\u00f3. En algunos como <strong>Cata<\/strong>, quien hay que recordar que pod\u00eda estar viviendo su \u00faltimo partido como rojillo si acaba firmando por el <strong>Oviedo<\/strong>, totalmente palpable.\n<\/p>\n<p class=\"article-body__text \">\n        Una vez recompuestos todos, con el paso de los minutos eso s\u00ed, las caras no eran de gran felicidad, s\u00ed de <strong>alivio<\/strong>, pero claramente no hab\u00eda efusividad.\n<\/p>\n<p>  <strong>El agradecimiento a los pocos aficionados<\/strong><\/p>\n<p class=\"article-body__text \">\n        Aunque el <strong>Getafe<\/strong> no vendiese entradas, all\u00ed se plantaron algunos <strong>aficionados rojillos<\/strong>. Unos dentro, otros en los bares de alrededor. Al acabar, unas dos decenas de rojillos se concentraron en las inmediaciones del bus. All\u00ed sali\u00f3 <strong>Aitor Fern\u00e1ndez<\/strong>, quien no dud\u00f3 en abrazar, firmar, sacarse fotos (incluso compartir alguna bebida que otra) con los aficionados. Tambi\u00e9n <strong>Aimar Oroz<\/strong>, un poco m\u00e1s desencadenado tras haberlo digerido todo. Luego salieron miembros del club adem\u00e1s de otros jugadores, quienes estuvieron con los all\u00ed presentes.\n<\/p>\n<p class=\"article-body__text \">\n        Y as\u00ed, con el <strong>alivio de quien ha visto el peligro de muy cerca<\/strong>, <strong>Getafe<\/strong> se fue quedando sin rojillos.<\/p>\n","protected":false},"excerpt":{"rendered":"Los nervios en la expedici\u00f3n rojilla eran evidentes antes de empezar la jornada clave. El palco de autoridades&hellip;\n","protected":false},"author":2,"featured_media":567524,"comment_status":"","ping_status":"","sticky":false,"template":"","format":"standard","meta":{"footnotes":""},"categories":[268],"tags":[168,25,24,280,282,16774,1045,281,23,167,15959,1780,19678],"class_list":["post-567523","post","type-post","status-publish","format-standard","has-post-thumbnail","category-futbol","tag-deportes","tag-es","tag-espana","tag-football","tag-futbol","tag-palco","tag-partido","tag-soccer","tag-spain","tag-sports","tag-tablet","tag-victor","tag-vivio"],"share_on_mastodon":{"url":"https:\/\/pubeurope.com\/@es\/116628223828216463","error":""},"_links":{"self":[{"href":"https:\/\/www.europesays.com\/es\/wp-json\/wp\/v2\/posts\/567523","targetHints":{"allow":["GET"]}}],"collection":[{"href":"https:\/\/www.europesays.com\/es\/wp-json\/wp\/v2\/posts"}],"about":[{"href":"https:\/\/www.europesays.com\/es\/wp-json\/wp\/v2\/types\/post"}],"author":[{"embeddable":true,"href":"https:\/\/www.europesays.com\/es\/wp-json\/wp\/v2\/users\/2"}],"replies":[{"embeddable":true,"href":"https:\/\/www.europesays.com\/es\/wp-json\/wp\/v2\/comments?post=567523"}],"version-history":[{"count":0,"href":"https:\/\/www.europesays.com\/es\/wp-json\/wp\/v2\/posts\/567523\/revisions"}],"wp:featuredmedia":[{"embeddable":true,"href":"https:\/\/www.europesays.com\/es\/wp-json\/wp\/v2\/media\/567524"}],"wp:attachment":[{"href":"https:\/\/www.europesays.com\/es\/wp-json\/wp\/v2\/media?parent=567523"}],"wp:term":[{"taxonomy":"category","embeddable":true,"href":"https:\/\/www.europesays.com\/es\/wp-json\/wp\/v2\/categories?post=567523"},{"taxonomy":"post_tag","embeddable":true,"href":"https:\/\/www.europesays.com\/es\/wp-json\/wp\/v2\/tags?post=567523"}],"curies":[{"name":"wp","href":"https:\/\/api.w.org\/{rel}","templated":true}]}}