{"id":567955,"date":"2026-05-24T12:34:19","date_gmt":"2026-05-24T12:34:19","guid":{"rendered":"https:\/\/www.europesays.com\/es\/567955\/"},"modified":"2026-05-24T12:34:19","modified_gmt":"2026-05-24T12:34:19","slug":"kostyuk-tras-ganar-a-la-nueva-espanola-selekhmeteva-un-misil-ha-caido-a-100-metros-de-mis-padres-esta-manana","status":"publish","type":"post","link":"https:\/\/www.europesays.com\/es\/567955\/","title":{"rendered":"Kostyuk tras ganar a la &#8216;nueva&#8217; espa\u00f1ola Selekhmeteva: \u00abUn m\u00edsil ha ca\u00eddo a 100 metros de mis padres esta ma\u00f1ana\u00bb"},"content":{"rendered":"<p class=\"ft-text\"><strong>Marta Kostyuk<\/strong>,<a class=\"ft-link ft-link--decoration\" href=\"https:\/\/www.sport.es\/es\/noticias\/tenis\/kostyuk-andreeva-mutua-madrid-open-tenis-129776768\" rel=\"nofollow noopener\" target=\"_blank\"> campeona este a\u00f1o en el Mutua Madrid Open, <\/a>fue la m\u00e1s tempranera en conseguir el billete para la segunda ronda de <strong>Roland Garros<\/strong> tras superar a la tenista de origen ruso y que compite desde esta misma semana con la bandera espa\u00f1ola, <strong>Oksana Selekhmeteva (6-2 y 6-3).<\/strong><\/p>\n<p class=\"ft-text\">Una victoria que cumpli\u00f3 con lo esperado, pero con una carga emocional especial para la tenista ucraniana, que con l\u00e1grimas en los ojos explic\u00f3 tras el partido que esta misma <strong>ma\u00f1ana<\/strong> un <strong>m\u00edsil ruso<\/strong> estuvo cerca de impactar en casa de su familia. <\/p>\n<p class=\"ft-text\">\u00abEstoy incre\u00edblemente orgullosa de m\u00ed misma hoy. Creo que fue uno de los partidos m\u00e1s dif\u00edciles de mi carrera. Esta ma\u00f1ana, a <strong>100 metros de la casa de mis padres<\/strong>, el misil destruy\u00f3 el edificio. Fue una ma\u00f1ana muy dif\u00edcil. <strong>No sab\u00eda c\u00f3mo me iba a salir este partido. No sab\u00eda c\u00f3mo lo iba a manejar. <\/strong>He estado llorando parte de la ma\u00f1ana. No quiero hablar de m\u00ed hoy. <strong>Estoy muy contenta de estar en la segunda ronda, pero todos mis pensamientos<\/strong> y todo mi coraz\u00f3n van para el pueblo de Ucrania hoy. Muchas gracias por venir\u00bb explic\u00f3 la ucraniana.<\/p>\n<blockquote class=\"ft-mol-quote\" data-aida-quote=\"\"><p> He estado llorando parte de la ma\u00f1ana. No quiero hablar de m\u00ed<\/p><\/blockquote>\n<p class=\"ft-text\"><strong>Kostyuk <\/strong>ha sido y es una de las grandes exponentes de la denuncia de la guerra entre <strong>Rusia y Ucrania<\/strong> sin saludar a las tenistas rusas o que proceden del pa\u00eds como es el caso de la propia <strong>Selekhmetva<\/strong>, a la que tampoco salud\u00f3 tras el partido. <\/p>\n<p class=\"ft-text\">Un d\u00eda duro para una de las favoritas en el cuadro femenino, que demostr\u00f3 un d\u00eda m\u00e1s saber dejar a un lado lo <strong>extradeportivo <\/strong>y sac\u00f3 su talento para superar sin problemas su primer compromiso en la <strong>capital francesa. <\/strong><\/p>\n<p><img decoding=\"async\" src=\"https:\/\/www.europesays.com\/es\/wp-content\/uploads\/2026\/05\/9c79f14f-6170-4ef7-afdf-4735c2f95fa9_alta-libre-aspect-ratio_default_0_x1000y445.jpg\" width=\"1200\" height=\"802\" alt=\"Marta Kostyuk, celebrando su victoria en el Mutua Madrid Open.\" class=\"ft-helper-img-rd\" loading=\"lazy\" fetchpriority=\"auto\"\/><\/p>\n<p class=\"ft-helper-fontColor-quaternary ft-helper-fontSize-body-S ft-helper-spacer-t-xxs\">Marta Kostyuk, celebrando su victoria en el Mutua Madrid Open.  \/ EFE<\/p>\n<p class=\"ft-text\">\u00abMi mayor ejemplo son las personas ucranianas. Me despert\u00e9 esta ma\u00f1ana y vi a toda esta gente que se despert\u00f3 y sigui\u00f3 viviendo sus vidas, sigui\u00f3 ayudando a las personas que lo necesitan. Sab\u00eda que habr\u00eda muchas banderas ucranianas aqu\u00ed hoy y que mucha gente ucraniana vendr\u00eda a apoyar. Mis amigos de Ucrania tambi\u00e9n vinieron. Muy feliz de tenerlos aqu\u00ed. No tengo mucho m\u00e1s que decir\u00bb argument\u00f3 con l\u00e1grimas en los ojos la ucraniana, que ahora se medir\u00e1 a Volynets o Burel en segunda ronda. <\/p>\n","protected":false},"excerpt":{"rendered":"Marta Kostyuk, campeona este a\u00f1o en el Mutua Madrid Open, fue la m\u00e1s tempranera en conseguir el billete&hellip;\n","protected":false},"author":2,"featured_media":567956,"comment_status":"","ping_status":"","sticky":false,"template":"","format":"standard","meta":{"footnotes":""},"categories":[274],"tags":[168,25,24,54387,20585,23,167,327,326],"class_list":["post-567955","post","type-post","status-publish","format-standard","has-post-thumbnail","category-tenis","tag-deportes","tag-es","tag-espana","tag-kostyuk","tag-roland-garros","tag-spain","tag-sports","tag-tenis","tag-tennis"],"share_on_mastodon":{"url":"https:\/\/pubeurope.com\/@es\/116629580982750923","error":""},"_links":{"self":[{"href":"https:\/\/www.europesays.com\/es\/wp-json\/wp\/v2\/posts\/567955","targetHints":{"allow":["GET"]}}],"collection":[{"href":"https:\/\/www.europesays.com\/es\/wp-json\/wp\/v2\/posts"}],"about":[{"href":"https:\/\/www.europesays.com\/es\/wp-json\/wp\/v2\/types\/post"}],"author":[{"embeddable":true,"href":"https:\/\/www.europesays.com\/es\/wp-json\/wp\/v2\/users\/2"}],"replies":[{"embeddable":true,"href":"https:\/\/www.europesays.com\/es\/wp-json\/wp\/v2\/comments?post=567955"}],"version-history":[{"count":0,"href":"https:\/\/www.europesays.com\/es\/wp-json\/wp\/v2\/posts\/567955\/revisions"}],"wp:featuredmedia":[{"embeddable":true,"href":"https:\/\/www.europesays.com\/es\/wp-json\/wp\/v2\/media\/567956"}],"wp:attachment":[{"href":"https:\/\/www.europesays.com\/es\/wp-json\/wp\/v2\/media?parent=567955"}],"wp:term":[{"taxonomy":"category","embeddable":true,"href":"https:\/\/www.europesays.com\/es\/wp-json\/wp\/v2\/categories?post=567955"},{"taxonomy":"post_tag","embeddable":true,"href":"https:\/\/www.europesays.com\/es\/wp-json\/wp\/v2\/tags?post=567955"}],"curies":[{"name":"wp","href":"https:\/\/api.w.org\/{rel}","templated":true}]}}