{"id":568165,"date":"2026-05-24T15:11:31","date_gmt":"2026-05-24T15:11:31","guid":{"rendered":"https:\/\/www.europesays.com\/es\/568165\/"},"modified":"2026-05-24T15:11:31","modified_gmt":"2026-05-24T15:11:31","slug":"daniela-la-hija-de-luis-figo-y-helen-svedin-se-licencia-en-medicina-el-emotivo-mensaje-de-su-novio-en-la-graduacion","status":"publish","type":"post","link":"https:\/\/www.europesays.com\/es\/568165\/","title":{"rendered":"Daniela, la hija de Luis Figo y Helen Svedin, se licencia en Medicina: el emotivo mensaje de su novio en la graduaci\u00f3n"},"content":{"rendered":"<p class=\"paragraph\" id=\"paragraph_1\">D\u00eda feliz para la familia de <strong>Luis Figo<\/strong> (53 a\u00f1os). El exfutbolista y su mujer,<strong> Helen Svedin<\/strong> (51) han disfrutado de una jornada muy intensa al lado de su hija <strong>Daniela<\/strong>, que se acaba de graduar de <strong>Medicina<\/strong> en la <strong>Universidad de Navarra<\/strong>.<\/p>\n<p class=\"paragraph\" id=\"paragraph_2\">El exfutbolista portugu\u00e9s y su mujer han vivido un d\u00eda de muchas emociones. Y es que su <strong>hija mayor<\/strong> ha llegado al fin de una etapa clave y comienza una prometedora carrera en el \u00e1mbito de las ciencias de la <strong>salud<\/strong>.<\/p>\n<p class=\"paragraph\" id=\"paragraph_3\"><strong>\u00ab\u00a1Bien hecho, Daniela! Tu duro trabajo ha dado sus frutos<\/strong>\u00ab, ha escrito, orgullosa, la modelo a trav\u00e9s de las redes sociales.<\/p>\n<p><img loading=\"lazy\" decoding=\"async\" alt=\"La cita 'inc\u00f3moda' de Luis Figo, su mujer, Helen Svedin, y su hija, Daniela en un restaurante de madrid\" height=\"240\" src=\"https:\/\/www.europesays.com\/es\/wp-content\/uploads\/2026\/05\/1003743729590_255094666_320x240.jpg\" width=\"320\" data-lazy-status=\"processed\" data-lazy-info=\"remove loading item 1\"\/><\/p>\n<p><img decoding=\"async\" alt=\"Daniela, la hija de Luis Figo y Helen Svedin, se ha graduado en Medicina.\" data-imgm=\"true\" height=\"1152\" loading=\"lazy\"  src=\"https:\/\/www.europesays.com\/es\/wp-content\/uploads\/2026\/05\/1003744257501_263103429_960x1706.jpg\"  width=\"648\"\/><\/p>\n<p>                                                            Daniela, la hija de Luis Figo y Helen Svedin, se ha graduado en Medicina.<\/p>\n<p>                    Redes sociales.<\/p>\n<p>El aplauso de su familia<\/p>\n<p class=\"paragraph\" id=\"paragraph_4\">Tras a\u00f1os de intenso estudio y dedicaci\u00f3n, <strong>Daniela Figo Svedin<\/strong> se ha graduado oficialmente en Medicina.<\/p>\n<p class=\"paragraph\" id=\"paragraph_5\">La ceremonia de graduaci\u00f3n se ha convertido en una aut\u00e9ntica celebraci\u00f3n familiar en la que la reci\u00e9n licenciada ha estado arropada por sus orgullosos padres y sus hermanas, <strong>Martina <\/strong>y <strong>Stella<\/strong>.<\/p>\n<p class=\"paragraph\" id=\"paragraph_6\">El logro acad\u00e9mico de la joven, que siempre ha mantenido un<strong> perfil discreto<\/strong> alejado del foco medi\u00e1tico directo que rodea a sus progenitores, marca un hito en la trayectoria familiar, inclin\u00e1ndose por el sector m\u00e9dico.<\/p>\n<p><img decoding=\"async\" alt=\"Daniela, la hija de Luis Figo, el d\u00eda de su graduaci\u00f3n, con su pareja, Beltr\u00e1n Lozano.\" data-imgm=\"true\" height=\"1152\" loading=\"lazy\"  src=\"https:\/\/www.europesays.com\/es\/wp-content\/uploads\/2026\/05\/1003744257498_263103459_960x1706.jpg\"  width=\"648\"\/><\/p>\n<p>                                                            Daniela, la hija de Luis Figo, el d\u00eda de su graduaci\u00f3n, con su pareja, Beltr\u00e1n Lozano.<\/p>\n<p>                    @beltranlozano<\/p>\n<p>\u00abDoctora, lo has conseguido\u00bb<\/p>\n<p class=\"paragraph\" id=\"paragraph_7\">Adem\u00e1s del apoyo incondicional de su familia, el evento ha contado con una presencia muy especial: la de su novio, el modelo y actor<strong> Beltr\u00e1n Lozano<\/strong> (32).<\/p>\n<p class=\"paragraph\" id=\"paragraph_8\">Lozano, conocido tambi\u00e9n por sus lazos de parentesco con la familia real espa\u00f1ola -es primo lejano del <strong>rey Felipe VI <\/strong>(58)-, no ha querido dejar pasar la oportunidad de gritar a los cuatro vientos el orgullo que siente por su pareja.<\/p>\n<p class=\"paragraph\" id=\"paragraph_9\">A trav\u00e9s de su cuenta de <strong>Instagram<\/strong>, Beltr\u00e1n ha compartido varias instant\u00e1neas de la jornada junto a un emotivo mensaje.<\/p>\n<p class=\"paragraph\" id=\"paragraph_10\">\u00abHoy es un d\u00eda muy especial, del que<strong> me siento profundamente orgulloso de una persona a la que admiro mucho<\/strong>\u00ab, ha comenzado diciendo.<\/p>\n<p class=\"paragraph\" id=\"paragraph_11\">\u00abDoctora. Lo has conseguido y nunca tuve dudas de que lo conseguir\u00edas<strong>. Hoy has cumplido tu sue\u00f1o, te admiro y te admirar\u00e9 siempre<\/strong>\u00ab, contin\u00faa Beltr\u00e1n en las redes.<\/p>\n<p><img decoding=\"async\" alt=\"Luis Figo y su mujer, Helen Svedin, en la graduaci\u00f3n de su hija Daniela.\" data-imgm=\"true\" height=\"1152\" loading=\"lazy\"  src=\"https:\/\/www.europesays.com\/es\/wp-content\/uploads\/2026\/05\/1003744257503_263103456_960x1706.jpg\"  width=\"648\"\/><\/p>\n<p>                                                            Luis Figo y su mujer, Helen Svedin, en la graduaci\u00f3n de su hija Daniela.<\/p>\n<p>                    Redes sociales<\/p>\n<p>\u00abOrgulloso de ti\u00bb<\/p>\n<p class=\"paragraph\" id=\"paragraph_12\">No cabe duda de que la relaci\u00f3n entre Daniela y Beltr\u00e1n, que se hizo p\u00fablica a principios de <strong>2021<\/strong>, es m\u00e1s fuerte que nunca.<\/p>\n<p class=\"paragraph\" id=\"paragraph_13\">Con este <strong>t\u00edtulo <\/strong>bajo el brazo, Daniela Figo ha demostrado que el <strong>talento<\/strong> y la <strong>constancia<\/strong> son se\u00f1as de identidad en las nuevas generaciones de su familia.<\/p>\n<p class=\"paragraph\" id=\"paragraph_14\">Es algo que llena de satisfacci\u00f3n a su pareja. \u00abOrgulloso de ti hoy, orgulloso de ti ma\u00f1ana, orgulloso de ti cada d\u00eda, porque<strong> eres una de las personas m\u00e1s fuertes con el coraz\u00f3n m\u00e1s bonito que existe<\/strong>\u00ab, ha recordado.<\/p>\n<p class=\"paragraph\" id=\"paragraph_15\">En su Instagram, adem\u00e1s, ha publicado im\u00e1genes de Daniela en las que se la ve luciendo la tradicional <strong>beca acad\u00e9mica.<\/strong><\/p>\n<p><img decoding=\"async\" alt=\"Helen Svedin, con su hija Daniela, que acaba de graduarse en Medicina.\" data-imgm=\"true\" height=\"1152\" loading=\"lazy\"  src=\"https:\/\/www.europesays.com\/es\/wp-content\/uploads\/2026\/05\/1003744257505_263103507_960x1706.jpg\"  width=\"648\"\/><\/p>\n<p>                                                            Helen Svedin, con su hija Daniela, que acaba de graduarse en Medicina.<\/p>\n<p>                    Redes sociales.<\/p>\n<p>Estudi\u00f3 Biomedicina en Inglaterra<\/p>\n<p class=\"paragraph\" id=\"paragraph_16\">A pesar de mantener un perfil bajo, Daniela Figo Svedin declar\u00f3 hace tiempo a los medios de comunicaci\u00f3n <strong>su intenci\u00f3n de dedicarse al sector sanitario.<\/strong><\/p>\n<p class=\"paragraph\" id=\"paragraph_17\">Fue en la revista \u00a1HOLA! donde la joven expres\u00f3 su deseo de trabajar como m\u00e9dico. \u00abEn el colegio siempre he sido m\u00e1s de ciencias que de letras\u00bb, dec\u00eda.<\/p>\n<p class=\"paragraph\" id=\"paragraph_18\">Y a\u00f1ad\u00eda: \u00abCuando<strong> estuve estudiando Biomedicina, en Inglaterra<\/strong>, tuve experiencias en sectores relacionados m\u00e1s con la Medicina y me di cuenta de que eso era lo que quer\u00eda hacer. As\u00ed que, al acabar la carrera, decid\u00ed empezar a <strong>estudiar Medicina en Espa\u00f1a<\/strong>\u00ab.<\/p>\n<p><img decoding=\"async\" alt=\"Daniela, la hija de Luis Figo y Helen Svedin, ha finalizado sus estudios en la Universidad de Navarra.\" data-imgm=\"true\" height=\"1152\" loading=\"lazy\"  src=\"https:\/\/www.europesays.com\/es\/wp-content\/uploads\/2026\/05\/1003744257508_263103576_960x1706.jpg\"  width=\"648\"\/><\/p>\n<p>                                                            Daniela, la hija de Luis Figo y Helen Svedin, ha finalizado sus estudios en la Universidad de Navarra.<\/p>\n<p>                    Redes sociales.<\/p>\n<p>Pasi\u00f3n por la cirug\u00eda<\/p>\n<p class=\"paragraph\" id=\"paragraph_19\">Entonces, a\u00fan no ten\u00eda claro \u00abqu\u00e9 especialidad escoger\u00bb, ya que se admit\u00eda atravesar un \u00abmomento en el que me fascina todo\u00bb.<\/p>\n<p class=\"paragraph\" id=\"paragraph_20\">A pesar de ello, ya intu\u00eda de manera clara cu\u00e1l ser\u00eda una de las especialidades por las que iba a decantarse: <strong>\u00abLa cirug\u00eda es algo que siempre me ha encantado\u00bb.<\/strong><\/p>\n","protected":false},"excerpt":{"rendered":"D\u00eda feliz para la familia de Luis Figo (53 a\u00f1os). El exfutbolista y su mujer, Helen Svedin (51)&hellip;\n","protected":false},"author":2,"featured_media":568166,"comment_status":"","ping_status":"","sticky":false,"template":"","format":"standard","meta":{"footnotes":""},"categories":[5],"tags":[17,18,25,24,256,13,14,11,4536,19,20,16435,9,10,15,16,1922,23,12,21,22],"class_list":["post-568165","post","type-post","status-publish","format-standard","has-post-thumbnail","category-titulares","tag-breaking-news","tag-breakingnews","tag-es","tag-espana","tag-famosos","tag-featured-news","tag-featurednews","tag-headlines","tag-instagram","tag-latest-news","tag-latestnews","tag-luis-figo","tag-news","tag-noticias","tag-noticias-destacadas","tag-noticiasdestacadas","tag-redes-sociales","tag-spain","tag-titulares","tag-ultimas-noticias","tag-ultimasnoticias"],"share_on_mastodon":{"url":"https:\/\/pubeurope.com\/@es\/116630198533239042","error":""},"_links":{"self":[{"href":"https:\/\/www.europesays.com\/es\/wp-json\/wp\/v2\/posts\/568165","targetHints":{"allow":["GET"]}}],"collection":[{"href":"https:\/\/www.europesays.com\/es\/wp-json\/wp\/v2\/posts"}],"about":[{"href":"https:\/\/www.europesays.com\/es\/wp-json\/wp\/v2\/types\/post"}],"author":[{"embeddable":true,"href":"https:\/\/www.europesays.com\/es\/wp-json\/wp\/v2\/users\/2"}],"replies":[{"embeddable":true,"href":"https:\/\/www.europesays.com\/es\/wp-json\/wp\/v2\/comments?post=568165"}],"version-history":[{"count":0,"href":"https:\/\/www.europesays.com\/es\/wp-json\/wp\/v2\/posts\/568165\/revisions"}],"wp:featuredmedia":[{"embeddable":true,"href":"https:\/\/www.europesays.com\/es\/wp-json\/wp\/v2\/media\/568166"}],"wp:attachment":[{"href":"https:\/\/www.europesays.com\/es\/wp-json\/wp\/v2\/media?parent=568165"}],"wp:term":[{"taxonomy":"category","embeddable":true,"href":"https:\/\/www.europesays.com\/es\/wp-json\/wp\/v2\/categories?post=568165"},{"taxonomy":"post_tag","embeddable":true,"href":"https:\/\/www.europesays.com\/es\/wp-json\/wp\/v2\/tags?post=568165"}],"curies":[{"name":"wp","href":"https:\/\/api.w.org\/{rel}","templated":true}]}}