{"id":56820,"date":"2025-08-19T01:04:07","date_gmt":"2025-08-19T01:04:07","guid":{"rendered":"https:\/\/www.europesays.com\/es\/56820\/"},"modified":"2025-08-19T01:04:07","modified_gmt":"2025-08-19T01:04:07","slug":"solitaria-oreja-para-un-valiente-fortes-en-tarde-muy-torera-de-la-terna-2","status":"publish","type":"post","link":"https:\/\/www.europesays.com\/es\/56820\/","title":{"rendered":"Solitaria oreja para un valiente Fortes en tarde muy torera de la terna"},"content":{"rendered":"<p>El primero de la tarde fue un toro noble, encastado y justo de fuerzas. <strong>Urdiales<\/strong> los bord\u00f3 a la ver\u00f3nica con lances a c\u00e1mara lenta. Tom\u00f3 dos varas y en su quite tambi\u00e9n se luci\u00f3 Fortes, a quien el torero riojano brind\u00f3 su faena. Comenz\u00f3 por bajo con buenos muletazos, seguido de dos tandas de derechazos desiguales, en las que el toro protest\u00f3 por arriba. Lo mejor lleg\u00f3 en dos nuevas sobre la izquierda, m\u00e1s templadas, se\u00f1oriales y con cadencia. Lo mat\u00f3 de una estocada algo desprendida. Petici\u00f3n de oreja mayoritaria no atendida. Dos vueltas al ruedo.<\/p>\n<p>El cuarto fue protestado por sus escasas fuerzas. No hubo nada destacado en los primeros tercios. Con el p\u00fablico a la contra, <strong>Diego Urdiales<\/strong> dibuj\u00f3 una tanda suave sobre la derecha. Con la muleta en la izquierda, se agrav\u00f3 la condici\u00f3n inv\u00e1lida del animal y, aunque el trazo de los pases fue exquisito, le cost\u00f3 trabajo levantar la situaci\u00f3n. De todas formas, el riojano insisti\u00f3 con un toro ya por completo decadente. Estocada ca\u00edda. Saludos.<\/p>\n<p>La tarde se vino arriba en el tercio de quites del quinto. Emoci\u00f3n a raudales. En su turno, <strong>Pablo Aguado<\/strong> cuaj\u00f3 tres ver\u00f3nicas y media enormes de ritmo y temple. Sali\u00f3 a replicar <strong>Fortes<\/strong>, que en el primer lances result\u00f3 cogido, sin que fuera herido. Ya en pie, culmin\u00f3 su quite ya con el toro m\u00e1s afligido. En banderillas, <strong>Urdiales<\/strong> le hizo un quite providencial a <strong>G\u00f3mez Pascual.<\/strong> El toro present\u00f3 muchos problemas por el pit\u00f3n izquierdo y <strong>Fortes<\/strong> comenz\u00f3 con la derecha, por donde logr\u00f3 muletazos mandones. Sigui\u00f3 por la diestra en una labor con altibajos y sin poder ligar los pases, ya que el toro se fren\u00f3. Se la puso por la izquierda y lo oblig\u00f3 por abajo con mucho m\u00e9rito. De nuevo con la derecha, ya con el de <strong>Torrealta<\/strong> muy aplomado, le ech\u00f3 un pulso valiente para robarle pases inesperados, sobre todo unos naturales emocionantes. Lo mat\u00f3 de una estocada. Una oreja.<\/p>\n<p>El segundo no se emple\u00f3 en los primeros tercios. <strong>Fortes<\/strong> cumpli\u00f3 en los lances del saludo. Tras brindar al p\u00fablico, comenz\u00f3 con pases a media altura. Por la izquierda, el de <strong>Torrealta<\/strong> se atasc\u00f3 sobre el albero. Pas\u00f3 a la derecha para consentir al animal y lograr pases sueltos a media altura. Por encima de todo, una faena valiente que el toro no merec\u00eda. Lo mat\u00f3 de una estocada trasera. Ovaci\u00f3n y saludos.<\/p>\n<p>El tercero sali\u00f3 de chiqueros muy parado. La lidia fue muy parsimoniosa por la escasa viveza del toro. En la muleta desparram\u00f3 la vista y ech\u00f3 la cara arriba al final de los muletazos.<strong> Pablo Aguado<\/strong> se dobl\u00f3 por bajo con torer\u00eda de inicio. En el toreo sobre la derecha no hubo acoplamiento por las condiciones del animal. Mejor\u00f3 en el toreo al natural, aunque el de <strong>Torrealta<\/strong> remat\u00f3 los viajes con la cara alta. Hubo naturales de buena factura. Lo mat\u00f3 de media estocada fulminante. Saludos desde el tercio.<\/p>\n<p>La tarde con el capote fue muy completa. Tambi\u00e9n en el saludo del sexto hubo lances de una gran calidad por parte de <strong>Aguado<\/strong>. Saludaron en banderillas<strong> Joselito Rus y S\u00e1nchez Araujo<\/strong>. Embisti\u00f3 algo rebrincado en la primera tanda a la muleta del sevillano. En la siguiente se acopl\u00f3 mejor con derechazos buenos. Algo parecido sobre la izquierda, buen trazo y un toro echando la cara arriba. Lo mat\u00f3 de cuatro pinchazos y media estocada. Silencio<\/p>\n<p><strong>M\u00e1laga<\/strong>. Lunes 18 de agosto de 2025. Toros de <strong>Torrealta<\/strong>, correctos de presentaci\u00f3n. Primero, noble y justo de fuerzas; segundo, muy descastado; tercero, mir\u00f3n sin clase; cuarto, desfondado sin fuerzas; quinto, peligroso por la izquierda y justo de raza, y sexto, con movilidad sin clase.\u00a0<strong>Diego Urdiales,<\/strong> que sustitu\u00eda a Morante de la Puebla, dos vueltas al ruedo tras petici\u00f3n mayoritaria y ovaci\u00f3n; <strong>Fortes<\/strong>, ovaci\u00f3n y oreja; y <strong>Pablo Aguado<\/strong>, ovaci\u00f3n y . <strong>Entrada<\/strong>: Casi lleno. <strong>Fortes<\/strong> recibi\u00f3 tras el pase\u00edllo el Capote de Paseo como autor de la mejor faena del a\u00f1o 2024, de manos del alcalde de la ciudad, <strong>Francisco de la Torre<\/strong>, acompa\u00f1ado por la concejala de fiestas,<strong> Teresa Porras<\/strong> y de <strong>Juan Pedro de Luna<\/strong>, presidente del Capote de Paseo. Saludaron en las banderillas del sexto<strong> Joselito Rus y S\u00e1nchez Araujo.<\/strong><\/p>\n","protected":false},"excerpt":{"rendered":"El primero de la tarde fue un toro noble, encastado y justo de fuerzas. Urdiales los bord\u00f3 a&hellip;\n","protected":false},"author":2,"featured_media":56722,"comment_status":"","ping_status":"","sticky":false,"template":"","format":"standard","meta":{"footnotes":""},"categories":[91],"tags":[45,5998,146,147,25,24,24265,3855,1226,1227,23,625,22444],"class_list":{"0":"post-56820","1":"post","2":"type-post","3":"status-publish","4":"format-standard","5":"has-post-thumbnail","7":"category-entretenimiento","8":"tag-45","9":"tag-aguado","10":"tag-entertainment","11":"tag-entretenimiento","12":"tag-es","13":"tag-espana","14":"tag-fortes","15":"tag-malaga","16":"tag-noticias-de-toros","17":"tag-noticias-taurinas","18":"tag-spain","19":"tag-tauromaquia","20":"tag-urdiales"},"share_on_mastodon":{"url":"","error":""},"_links":{"self":[{"href":"https:\/\/www.europesays.com\/es\/wp-json\/wp\/v2\/posts\/56820","targetHints":{"allow":["GET"]}}],"collection":[{"href":"https:\/\/www.europesays.com\/es\/wp-json\/wp\/v2\/posts"}],"about":[{"href":"https:\/\/www.europesays.com\/es\/wp-json\/wp\/v2\/types\/post"}],"author":[{"embeddable":true,"href":"https:\/\/www.europesays.com\/es\/wp-json\/wp\/v2\/users\/2"}],"replies":[{"embeddable":true,"href":"https:\/\/www.europesays.com\/es\/wp-json\/wp\/v2\/comments?post=56820"}],"version-history":[{"count":0,"href":"https:\/\/www.europesays.com\/es\/wp-json\/wp\/v2\/posts\/56820\/revisions"}],"wp:featuredmedia":[{"embeddable":true,"href":"https:\/\/www.europesays.com\/es\/wp-json\/wp\/v2\/media\/56722"}],"wp:attachment":[{"href":"https:\/\/www.europesays.com\/es\/wp-json\/wp\/v2\/media?parent=56820"}],"wp:term":[{"taxonomy":"category","embeddable":true,"href":"https:\/\/www.europesays.com\/es\/wp-json\/wp\/v2\/categories?post=56820"},{"taxonomy":"post_tag","embeddable":true,"href":"https:\/\/www.europesays.com\/es\/wp-json\/wp\/v2\/tags?post=56820"}],"curies":[{"name":"wp","href":"https:\/\/api.w.org\/{rel}","templated":true}]}}