{"id":568213,"date":"2026-05-24T15:51:15","date_gmt":"2026-05-24T15:51:15","guid":{"rendered":"https:\/\/www.europesays.com\/es\/568213\/"},"modified":"2026-05-24T15:51:15","modified_gmt":"2026-05-24T15:51:15","slug":"el-ebola-inquieta-el-numero-de-casos-y-muertes-es-muy-superior-al-notificado","status":"publish","type":"post","link":"https:\/\/www.europesays.com\/es\/568213\/","title":{"rendered":"El \u00e9bola inquieta: \u00abEl n\u00famero de casos y muertes es muy superior al notificado\u00bb"},"content":{"rendered":"<p><img decoding=\"async\" class=\"v-ath__i\" loading=\"lazy\" src=\"https:\/\/www.europesays.com\/es\/wp-content\/uploads\/2026\/05\/autor-5987-foto-1.png\" alt=\"Javier Hern\u00e1ndez\"\/><\/p>\n<p>24\/05\/2026 a las 16:50h.<\/p>\n<p class=\"v-d-p\" style=\"\">La <strong>Organizaci\u00f3n Mundial de la Salud (OMS)<\/strong> declar\u00f3 el pasado 17 de mayo una emergencia de salud p\u00fablica de importancia internacional por el brote de \u00e9bola que afecta a la <strong>Rep\u00fablica Democr\u00e1tica del Congo (RDC)<\/strong> y <strong>Uganda<\/strong>. El origen est\u00e1 en la provincia de Ituri, en el noreste del pa\u00eds, donde las autoridades sanitarias confirmaron el 15 de mayo la presencia del <strong>virus Bundibugyo<\/strong>, una especie del g\u00e9nero \u00e9bola, tras analizar 13 muestras de sangre. Hasta el 19 de mayo, los ministerios de Salud de ambos pa\u00edses han notificado un total de 536 casos presuntos, 105 probables, 34 confirmados y 134 muertes.<\/p>\n<p class=\"v-d-p\" style=\"\">El microbi\u00f3logo <strong>Ra\u00fal Rivas Gonz\u00e1lez<\/strong>, profesor de la <strong>Universidad de Salamanca<\/strong> e investigador del <strong>Instituto de Recursos Naturales y Agrobiolog\u00eda de Salamanca<\/strong>, considera que estas cifras no reflejan la magnitud real. \u00abCreo que el n\u00famero de casos es muy superior y el n\u00famero de muertes tambi\u00e9n, porque muchos no est\u00e1n notificados o aumentar\u00e1n en cuesti\u00f3n de d\u00edas\u00bb, advierte.<\/p>\n<p class=\"v-d-p\" style=\"\">La peligrosidad de este brote tiene un factor clave: la cepa implicada. El virus Bundibugyo es distinto al <strong>\u00e9bola Zaire<\/strong>, el m\u00e1s conocido, y en los dos \u00fanicos brotes anteriores de esta variante \u2014registrados en 2007 y 2012\u2014 la tasa de mortalidad oscil\u00f3 entre el 30% y el 50%. \u00abLas vacunas autorizadas van contra el Zaire, y los anticuerpos monoclonales tambi\u00e9n. Para el Bundibugyo no hay vacuna ni tratamiento aprobado. Es un problema\u00bb, se\u00f1ala Rivas.<\/p>\n<p class=\"v-d-p\" style=\"\">El microbi\u00f3logo apunta a este hecho como una de las razones por las que el brote no se detect\u00f3 antes. \u00abEl virus lleva circulando bastantes semanas antes de que se confirmara el brote. Hubo falsos negativos porque los laboratorios buscaban el \u00e9bola Zaire y este es \u00e9bola Bundibugyo\u00bb.<\/p>\n<p class=\"v-d-p\" style=\"\">Las autoridades sanitarias estudian varios tratamientos potenciales, entre ellos anticuerpos monoclonales y el antiviral Remdesivir, aunque ninguno est\u00e1 aprobado espec\u00edficamente para infecciones por Bundibugyo.<\/p>\n<p>\nMiner\u00eda ilegal\n<\/p>\n<p><img decoding=\"async\" loading=\"lazy\" src=\"https:\/\/www.europesays.com\/es\/wp-content\/uploads\/2026\/05\/ebolados-kJXC-U202467287610W8F-624x385@Gaceta Salamanca.jpg\" class=\"v-a-img\" width=\"680\" height=\"478\" alt=\"\" data-voc-vtm-id=\"in-text-traffic\"\/><\/p>\n<p class=\"v-d-p\" style=\"\">El epicentro del brote a\u00f1ade dificultades de otro tipo. Rivas explica que la provincia de <strong>Ituri<\/strong> es \u00abfamosa por su miner\u00eda ilegal de oro, controlada por grupos armados y milicias. Cuando aparece una muerte, por lo general se oculta o no se lleva a un centro sanitario por miedo a que las autoridades cierren la mina. Y hay un tr\u00e1nsito bestial entre fronteras\u00bb. Las milicias tambi\u00e9n impiden la labor de los sanitarios, que hasta hace pocos d\u00edas ni siquiera sab\u00edan a qu\u00e9 se enfrentaban. \u00abSe puede confundir con la malaria, as\u00ed que ha estado expuesta m\u00e1s gente de la que se pensaba\u00bb, advierte.<\/p>\n<p class=\"v-d-p\" style=\"\">Lo que m\u00e1s preocupa al investigador salmantino es la expansi\u00f3n geogr\u00e1fica. \u00abEl punto de mira est\u00e1 en este brote y no en el hantavirus. El riesgo en la zona de <strong>\u00c1frica central<\/strong> es muy elevado. No solo en el Congo, sino en los pa\u00edses adyacentes: <strong>Ruanda<\/strong>, Uganda y <strong>Sud\u00e1n del Sur<\/strong>\u00bb. El brote ya se ha extendido a once zonas sanitarias en la provincia de Ituri y en la provincia de <strong>Nord-Kivu<\/strong>.<\/p>\n<p class=\"v-d-p\" style=\"\">La llegada del virus a grandes urbes es el escenario que m\u00e1s inquieta. \u00abYa se encuentra en grandes ciudades. Lleg\u00f3 a <strong>Goma<\/strong>, que tiene dos millones de habitantes oficiales. Ha llegado a varias capitales m\u00e1s. Pas\u00f3 a <strong>Kampala<\/strong>, con cinco millones. Son nexos de uni\u00f3n con otras urbes\u00bb. En Uganda, dos casos confirmados por laboratorio se notificaron en Kampala en un plazo de 24 horas, entre personas que viajaban desde la RDC.<\/p>\n<p class=\"v-d-p\" style=\"\">Un m\u00e9dico misionero estadounidense, el doctor <strong>Peter Stafford<\/strong>, que trabajaba en el <strong>Hospital Nyankunde de Ituri<\/strong>, dio positivo por la cepa Bundibugyo y fue evacuado al <strong>Hospital Universitario Charit\u00e9<\/strong> acompa\u00f1ado por seis personas con las que hab\u00eda tenido contacto. \u00abYa hay una persona de <strong>Estados Unidos<\/strong> que ha sido llevada a <strong>Alemania<\/strong>\u00bb, se\u00f1alaba Rivas antes de hacerse p\u00fablica esa informaci\u00f3n.<\/p>\n<p>\nRiesgo bajo en Europa\n<\/p>\n<p class=\"v-d-p\" style=\"\">El investigador considera improbable \u2014aunque no descartable\u2014 que el brote llegue a extenderse a Europa. \u00abEl riesgo es bajo. Que salga de \u00c1frica\u2026 el riesgo cero no existe, pero es bajo\u00bb. La transmisi\u00f3n del virus limita su expansi\u00f3n internacional: \u00abEsto no es la covid ni la gripe. No se conoce que se transmita por aerosoles. Se transmite por fluidos\u00bb.<\/p>\n<p class=\"v-d-p\" style=\"\">Los s\u00edntomas incluyen fiebre, dolor de cabeza, v\u00f3mitos, debilidad grave, dolor abdominal y hemorragias nasales. En los casos m\u00e1s graves, la enfermedad termina en fallo multiorg\u00e1nico con hemorragias internas y externas.<\/p>\n<p class=\"v-d-p\" style=\"\">Espa\u00f1a tiene protocolos establecidos desde 2014, cuando un misionero infectado fue repatriado y una enfermera del Hospital Carlos III contrajo el virus \u2014el \u00fanico caso de contagio de \u00e9bola registrado fuera de \u00c1frica en ese brote\u2014. Desde entonces, los sistemas de aislamiento y detecci\u00f3n fueron reforzados. \u00abDesde ese momento hay protocolos establecidos y controlados tanto en Salamanca como en el resto del pa\u00eds\u00bb, recuerda Rivas.<\/p>\n<p>\nCuando Los Montalvos fue un centro para \u00e9bola\n<\/p>\n<p class=\"v-d-p\" style=\"\">En 2014, en plena crisis sanitaria por el contagio de una auxiliar de enfermer\u00eda en <strong>Madrid<\/strong>, <strong>Salamanca<\/strong> activ\u00f3 un protocolo espec\u00edfico frente al \u00e9bola que centralizaba la atenci\u00f3n de posibles casos en el <strong>Hospital de Los Montalvos<\/strong>. El dispositivo establec\u00eda un circuito aislado desde la llegada del paciente, que era trasladado en ambulancia por una entrada trasera, conducido por un ascensor reservado y llevado hasta la cuarta planta, donde exist\u00edan habitaciones herm\u00e9ticas de aislamiento y una zona restringida con capacidad para diez camas en caso de necesidad.<\/p>\n<p class=\"v-d-p\" style=\"\">El recorrido se dise\u00f1\u00f3 para evitar el contacto con otras personas. La implantaci\u00f3n del protocolo vino acompa\u00f1ada de formaci\u00f3n para profesionales sanitarios y del reparto de equipos de protecci\u00f3n, aunque sindicatos y trabajadores reclamaron entonces m\u00e1s informaci\u00f3n pr\u00e1ctica y medios suficientes.<\/p>\n<p class=\"v-d-p\" style=\"\">A comienzos de septiembre, 111 profesionales del <strong>Hospital de Salamanca<\/strong> hab\u00edan recibido instrucciones sobre el manejo de posibles casos.<\/p>\n<p>\nM\u00e1s de 670 casos sospechosos notificados y hasta 160 muertes\n<\/p>\n<p class=\"v-d-p\" style=\"\">El Gobierno de la Rep\u00fablica Democr\u00e1tica del Congo (RDC) ha elevado a m\u00e1s de 670 los casos sospechosos y a 160 las muertes sospechosas a causa del brote de \u00e9bola en la provincia de Ituri (noreste), antes de apuntar que hasta la fecha se han confirmado mediante pruebas de laboratorio un total de 64 casos y seis fallecidos.<\/p>\n<p class=\"v-d-p\" style=\"\">El Ministerio de Sanidad congole\u00f1o ha indicado en un balance publicado en redes sociales que hasta ahora se han detectado 671 casos sospechosos \u2014con 64 confirmados, 60 en Ituri y cuatro en Kivu Norte\u2014 y 160 fallecimientos sospechosos \u2014con seis confirmados, cuatro en Ituri y dos en Kivu Norte\u2014.<\/p>\n","protected":false},"excerpt":{"rendered":"24\/05\/2026 a las 16:50h. La Organizaci\u00f3n Mundial de la Salud (OMS) declar\u00f3 el pasado 17 de mayo una&hellip;\n","protected":false},"author":2,"featured_media":568214,"comment_status":"","ping_status":"","sticky":false,"template":"","format":"standard","meta":{"footnotes":""},"categories":[92],"tags":[858,34141,25,24,165,108987,4809,81051,5533,166,23,1577],"class_list":["post-568213","post","type-post","status-publish","format-standard","has-post-thumbnail","category-salud","tag-casos","tag-ebola","tag-es","tag-espana","tag-health","tag-inquietael","tag-muertes","tag-notificado","tag-numero","tag-salud","tag-spain","tag-superior"],"share_on_mastodon":{"url":"https:\/\/pubeurope.com\/@es\/116630355380349938","error":""},"_links":{"self":[{"href":"https:\/\/www.europesays.com\/es\/wp-json\/wp\/v2\/posts\/568213","targetHints":{"allow":["GET"]}}],"collection":[{"href":"https:\/\/www.europesays.com\/es\/wp-json\/wp\/v2\/posts"}],"about":[{"href":"https:\/\/www.europesays.com\/es\/wp-json\/wp\/v2\/types\/post"}],"author":[{"embeddable":true,"href":"https:\/\/www.europesays.com\/es\/wp-json\/wp\/v2\/users\/2"}],"replies":[{"embeddable":true,"href":"https:\/\/www.europesays.com\/es\/wp-json\/wp\/v2\/comments?post=568213"}],"version-history":[{"count":0,"href":"https:\/\/www.europesays.com\/es\/wp-json\/wp\/v2\/posts\/568213\/revisions"}],"wp:featuredmedia":[{"embeddable":true,"href":"https:\/\/www.europesays.com\/es\/wp-json\/wp\/v2\/media\/568214"}],"wp:attachment":[{"href":"https:\/\/www.europesays.com\/es\/wp-json\/wp\/v2\/media?parent=568213"}],"wp:term":[{"taxonomy":"category","embeddable":true,"href":"https:\/\/www.europesays.com\/es\/wp-json\/wp\/v2\/categories?post=568213"},{"taxonomy":"post_tag","embeddable":true,"href":"https:\/\/www.europesays.com\/es\/wp-json\/wp\/v2\/tags?post=568213"}],"curies":[{"name":"wp","href":"https:\/\/api.w.org\/{rel}","templated":true}]}}