{"id":568494,"date":"2026-05-24T19:21:15","date_gmt":"2026-05-24T19:21:15","guid":{"rendered":"https:\/\/www.europesays.com\/es\/568494\/"},"modified":"2026-05-24T19:21:15","modified_gmt":"2026-05-24T19:21:15","slug":"solo-dura-hora-y-media-y-siempre-te-arregla-la-tarde-esta-pelicula-se-ha-convertido-en-un-clasico-generacional-noticias-de-cine","status":"publish","type":"post","link":"https:\/\/www.europesays.com\/es\/568494\/","title":{"rendered":"S\u00f3lo dura hora y media y siempre te arregla la tarde: esta pel\u00edcula se ha convertido en un cl\u00e1sico generacional &#8211; Noticias de cine"},"content":{"rendered":"<p>No muchos lo ve\u00edan venir, pero no hay festividades sin que alguien rescate la pel\u00edcula<\/p>\n<p class=\"bo-p\">No es hasta que se produce un notable paso del tiempo cuando <b>se vislumbra qu\u00e9 pel\u00edculas tienen realmente valor sentimental en una generaci\u00f3n<\/b>. Ya no hablamos s\u00f3lo de qu\u00e9 pel\u00edculas trascienden o van a ser influyentes, sino cu\u00e1les tienen a todo un grupo de poblaci\u00f3n dispuesta a partir lanzas por haberse criado con ellas.<\/p>\n<p class=\"bo-p\">No muchos en su momento pensar\u00edan que una pel\u00edcula como <a href=\"https:\/\/www.sensacine.com\/peliculas\/pelicula-45156\/\" class=\"bo-link\" rel=\"nofollow noopener\" target=\"_blank\">Elf<\/a> estuviera destinada a ser uno de esos cl\u00e1sicos generacionales, pero la pel\u00edcula de <a href=\"https:\/\/www.sensacine.com\/actores\/actor-29365\/\" class=\"bo-link\" rel=\"nofollow noopener\" target=\"_blank\">Will Ferrell<\/a> ha conseguido volverse algo que hay que recuperar s\u00ed o s\u00ed por Navidades. <b>Una joya navide\u00f1a de hora y media que nunca va mal recuperar<\/b>.<\/p>\n<p class=\"bo-p\">Buddy era un beb\u00e9 hu\u00e9rfano que viaj\u00f3 como poliz\u00f3n en el saco de Santa Claus, acabando en el Polo Norte. All\u00ed crecer\u00eda junto a los duendes, pero, a medida que pasaba el tiempo, m\u00e1s se acentuaban sus diferencias f\u00edsicas con ellos. Buddy le pide permiso a Santa para <b>viajar a Nueva York y buscar a su verdadero padre<\/b>: Walter Hobbs.<\/p>\n<p>    <a class=\"cms-see-also\" data-title=\"Link relacionado\" href=\"https:\/\/www.sensacine.com\/noticias\/cine\/noticia-1000182897\/\" rel=\"nofollow noopener\" target=\"_blank\">Las mejores pel\u00edculas de 2025, seg\u00fan SensaCine<\/a><\/p>\n<p class=\"bo-p\">Hobbs est\u00e1 en la lista negra de Santa desde hace a\u00f1os por ser un idiota integral y no tiene idea de la existencia de un hijo. Una vez en la gran manzana, Buddy experimentar\u00e1 los placeres de la cultura humana como s\u00f3lo un elfo podr\u00eda hacer. Pero, a medida que gane m\u00e1s relaci\u00f3n con su padre, \u00e9ste m\u00e1s interferir\u00e1 en su trabajo por lo que <b>Buddy deber\u00e1 tomar una decisi\u00f3n<\/b>.<\/p>\n<p>&#8216;Elf&#8217;: encanto imperecedero<\/p>\n<p class=\"bo-p\"><a href=\"https:\/\/www.sensacine.com\/actores\/actor-24377\/\" class=\"bo-link\" rel=\"nofollow noopener\" target=\"_blank\">Jon Favreau<\/a> tomo la tarea de dirigir la pel\u00edcula cuando era todav\u00eda un cineasta principalmente de comedia, antes de convertirse en el gran art\u00edfice de blockbusters para Marvel y Star Wars. Resulta incluso extra\u00f1o el salto hacia ese extremo cuando Elf es <b>un gran ejemplo de gran sencillez aplicada para darle encanto a la historia<\/b>.<\/p>\n<p>    <a class=\"cms-see-also\" data-title=\"Link relacionado\" href=\"https:\/\/www.sensacine.com\/noticias\/cine\/noticia-1000182333\/\" rel=\"nofollow noopener\" target=\"_blank\">\u00abNo hay nadie que pueda procesar a Pap\u00e1 Noel\u00bb: Una experta en justicia penal analiza si hay delito en esta m\u00edtica pel\u00edcula navide\u00f1a<\/a><\/p>\n<p class=\"bo-p\">Tiene bien medido el punto entre revolver la imagen blanca cl\u00e1sica de la Navidad y hacer algo que apele bien a todos los p\u00fablicos. Sin duda lo logr\u00f3 al m\u00e1ximo por c\u00f3mo <b>toda una generaci\u00f3n de ni\u00f1os de la \u00e9poca sigue agarrada a ella<\/b>, convirti\u00e9ndola en un \u00e9xito en streaming cada vez que se acercan las fiestas. Pero lo cierto es que nunca falla.<\/p>\n<p class=\"bo-p\">Puedes ver Elf en <a href=\"https:\/\/www.sensacine.com\/streaming\/hbo-max\/\" class=\"bo-link\" rel=\"nofollow noopener\" target=\"_blank\">HBO Max<\/a> y en <a href=\"https:\/\/www.sensacine.com\/streaming\/netflix\/\" class=\"bo-link\" rel=\"nofollow noopener\" target=\"_blank\">Netflix<\/a>. <\/p>\n<p class=\"bo-p\">SensaCine ofrece diariamente las \u00faltimas noticias de cine, series y televisi\u00f3n, entrevistas, recomendaciones de &#8216;streaming&#8217; y an\u00e9cdotas interesantes sobre tus pel\u00edculas y series favoritas. Aseg\u00farate de que has seleccionado SensaCine entre tus preferencias de fuentes para tener acceso diario al contenido de este sitio creado por cin\u00e9filos para cin\u00e9filos.<\/p>\n","protected":false},"excerpt":{"rendered":"No muchos lo ve\u00edan venir, pero no hay festividades sin que alguien rescate la pel\u00edcula No es hasta&hellip;\n","protected":false},"author":2,"featured_media":568495,"comment_status":"","ping_status":"","sticky":false,"template":"","format":"standard","meta":{"footnotes":""},"categories":[169],"tags":[177,3059,146,147,25,24,176,11943,175,2951,152,23],"class_list":["post-568494","post","type-post","status-publish","format-standard","has-post-thumbnail","category-cine","tag-cine","tag-comedia","tag-entertainment","tag-entretenimiento","tag-es","tag-espana","tag-film","tag-hbo","tag-movies","tag-navidad","tag-netflix","tag-spain"],"share_on_mastodon":{"url":"https:\/\/pubeurope.com\/@es\/116631180738195342","error":""},"_links":{"self":[{"href":"https:\/\/www.europesays.com\/es\/wp-json\/wp\/v2\/posts\/568494","targetHints":{"allow":["GET"]}}],"collection":[{"href":"https:\/\/www.europesays.com\/es\/wp-json\/wp\/v2\/posts"}],"about":[{"href":"https:\/\/www.europesays.com\/es\/wp-json\/wp\/v2\/types\/post"}],"author":[{"embeddable":true,"href":"https:\/\/www.europesays.com\/es\/wp-json\/wp\/v2\/users\/2"}],"replies":[{"embeddable":true,"href":"https:\/\/www.europesays.com\/es\/wp-json\/wp\/v2\/comments?post=568494"}],"version-history":[{"count":0,"href":"https:\/\/www.europesays.com\/es\/wp-json\/wp\/v2\/posts\/568494\/revisions"}],"wp:featuredmedia":[{"embeddable":true,"href":"https:\/\/www.europesays.com\/es\/wp-json\/wp\/v2\/media\/568495"}],"wp:attachment":[{"href":"https:\/\/www.europesays.com\/es\/wp-json\/wp\/v2\/media?parent=568494"}],"wp:term":[{"taxonomy":"category","embeddable":true,"href":"https:\/\/www.europesays.com\/es\/wp-json\/wp\/v2\/categories?post=568494"},{"taxonomy":"post_tag","embeddable":true,"href":"https:\/\/www.europesays.com\/es\/wp-json\/wp\/v2\/tags?post=568494"}],"curies":[{"name":"wp","href":"https:\/\/api.w.org\/{rel}","templated":true}]}}