{"id":568518,"date":"2026-05-24T19:37:15","date_gmt":"2026-05-24T19:37:15","guid":{"rendered":"https:\/\/www.europesays.com\/es\/568518\/"},"modified":"2026-05-24T19:37:15","modified_gmt":"2026-05-24T19:37:15","slug":"derrota-que-no-duele-del-recoletas-salud-san-pablo-burgos-en-la-pista-del-joventut-86-79","status":"publish","type":"post","link":"https:\/\/www.europesays.com\/es\/568518\/","title":{"rendered":"Derrota que no duele del Recoletas Salud San Pablo Burgos en la pista del Joventut (86-79)"},"content":{"rendered":"<p>Derrota intrascendente del Recoletas Salud San Pablo Burgos en la pista del Joventut de Badalona, que se ha impuesto por 86-79 en un partido en el que no hab\u00eda nada en juego clasificatoriamente. Los locales han sumado su cuarta victoria seguida pero ya hab\u00edan asegurado su presencia en el play off mientras que<strong> los azulones ya estaban salvados matem\u00e1ticamente tras la derrota del Gran Canaria el d\u00eda anterior<\/strong>.<\/p>\n<p>El conjunto de Badalona siempre ha mandado en el marcador y en el San Pablo, que <strong>no ha contado con Leo Meindl por unas molestias f\u00edsicas<\/strong>, Raul Neto y Max Heidegger han sido los mejores con 19 y 17 puntos respectivamente. Gonzalo Corbal\u00e1n esta vez no ha estado nada acertado y el equipo lo ha notado. El pobre 11\/19 en tiros libres tambi\u00e9n ha sido una de las explicaciones de la derrota.<\/p>\n<p><strong>Ya solo le queda un partido al conjunto de Porfi Fisac, el del pr\u00f3ximo viernes en el Coliseum frente al Covir\u00e1n Granada<\/strong>. Comenzar\u00e1 a las 18:00 horas dicho compromiso, que seguro ser\u00e1 una fiesta para la afici\u00f3n azulona, ansiosa por celebrar con los suyos la permanencia en la Liga Endesa.<\/p>\n","protected":false},"excerpt":{"rendered":"Derrota intrascendente del Recoletas Salud San Pablo Burgos en la pista del Joventut de Badalona, que se ha&hellip;\n","protected":false},"author":2,"featured_media":568519,"comment_status":"","ping_status":"","sticky":false,"template":"","format":"standard","meta":{"footnotes":""},"categories":[269],"tags":[517,3592,299,298,57778,42069,33368,623,168,1819,25,24,28915,57779,17650,10,4069,2330,28914,6436,11786,23,167,1284],"class_list":["post-568518","post","type-post","status-publish","format-standard","has-post-thumbnail","category-baloncesto","tag-actualidad","tag-aranda-de-duero","tag-baloncesto","tag-basketball","tag-briviesca","tag-burgales","tag-burgalesa","tag-burgos","tag-deportes","tag-diario","tag-es","tag-espana","tag-grupo-promecal","tag-lerma","tag-miranda-de-ebro","tag-noticias","tag-periodico","tag-prensa","tag-promecal","tag-provincia","tag-salas-de-los-infantes","tag-spain","tag-sports","tag-vivir"],"share_on_mastodon":{"url":"https:\/\/pubeurope.com\/@es\/116631243739095861","error":""},"_links":{"self":[{"href":"https:\/\/www.europesays.com\/es\/wp-json\/wp\/v2\/posts\/568518","targetHints":{"allow":["GET"]}}],"collection":[{"href":"https:\/\/www.europesays.com\/es\/wp-json\/wp\/v2\/posts"}],"about":[{"href":"https:\/\/www.europesays.com\/es\/wp-json\/wp\/v2\/types\/post"}],"author":[{"embeddable":true,"href":"https:\/\/www.europesays.com\/es\/wp-json\/wp\/v2\/users\/2"}],"replies":[{"embeddable":true,"href":"https:\/\/www.europesays.com\/es\/wp-json\/wp\/v2\/comments?post=568518"}],"version-history":[{"count":0,"href":"https:\/\/www.europesays.com\/es\/wp-json\/wp\/v2\/posts\/568518\/revisions"}],"wp:featuredmedia":[{"embeddable":true,"href":"https:\/\/www.europesays.com\/es\/wp-json\/wp\/v2\/media\/568519"}],"wp:attachment":[{"href":"https:\/\/www.europesays.com\/es\/wp-json\/wp\/v2\/media?parent=568518"}],"wp:term":[{"taxonomy":"category","embeddable":true,"href":"https:\/\/www.europesays.com\/es\/wp-json\/wp\/v2\/categories?post=568518"},{"taxonomy":"post_tag","embeddable":true,"href":"https:\/\/www.europesays.com\/es\/wp-json\/wp\/v2\/tags?post=568518"}],"curies":[{"name":"wp","href":"https:\/\/api.w.org\/{rel}","templated":true}]}}