{"id":568557,"date":"2026-05-24T20:06:12","date_gmt":"2026-05-24T20:06:12","guid":{"rendered":"https:\/\/www.europesays.com\/es\/568557\/"},"modified":"2026-05-24T20:06:12","modified_gmt":"2026-05-24T20:06:12","slug":"la-promesa-avance-del-capitulo-841-del-25-de-mayo-alonso-frena-los-chantajes-del-palacio","status":"publish","type":"post","link":"https:\/\/www.europesays.com\/es\/568557\/","title":{"rendered":"&#8216;La promesa&#8217;, avance del cap\u00edtulo 841 del 25 de mayo: Alonso frena los chantajes del palacio"},"content":{"rendered":"<p class=\"ft-text\">La semana arranca por todo lo alto en &#8216;La Promesa&#8217;. Tras destaparse el gran secreto sobre los verdaderos or\u00edgenes de Vera, la joven comienza de manera oficial su etapa como invitada de honor en el palacio de los Luj\u00e1n. Sin embargo, no ser\u00e1 un camino de rosas: la muchacha tendr\u00e1 que hacer frente desde el primer minuto a la extrema hostilidad de Leocadia y Lorenzo, aunque por suerte contar\u00e1 con el f\u00e9rreo apoyo de Manuel y Julieta.<\/p>\n<p class=\"ft-text\">Mientras tanto, en la zona del servicio, la preocupaci\u00f3n por P\u00eda no deja de aumentar. El ama de llaves se encuentra al borde del colapso absoluto tras verse totalmente incapaz de confesarle a Curro la implicaci\u00f3n de Leocadia en la muerte de Jana antes de que este partiera hacia Madrid. Por otro lado, Petra contin\u00faa con sus hilos de manipulaci\u00f3n e insiste a Santos para que denuncie a su propio padre, Ricardo, por la muerte de Ana.<\/p>\n<p class=\"ft-text\">El gran momento de fricci\u00f3n del cap\u00edtulo de hoy se vivir\u00e1 en los salones nobles. Manuel toma la desesperada decisi\u00f3n de ceder ante el chantaje del duque, pero la oportuna intervenci\u00f3n de su padre, Alonso, impedir\u00e1 la entrega del dinero en el \u00faltimo segundo. La tensi\u00f3n escalar\u00e1 de tal manera que <strong>\u00a1el marqu\u00e9s de Luj\u00e1n y el de Carril estar\u00e1n a punto de llegar a las manos!<\/strong><\/p>\n","protected":false},"excerpt":{"rendered":"La semana arranca por todo lo alto en &#8216;La Promesa&#8217;. Tras destaparse el gran secreto sobre los verdaderos&hellip;\n","protected":false},"author":2,"featured_media":568558,"comment_status":"","ping_status":"","sticky":false,"template":"","format":"standard","meta":{"footnotes":""},"categories":[171],"tags":[4495,109040,3732,7377,10515,109041,146,147,25,24,6058,1783,10695,7376,23,214],"class_list":["post-568557","post","type-post","status-publish","format-standard","has-post-thumbnail","category-tv","tag-4495","tag-109040","tag-alonso","tag-avance","tag-capitulo","tag-chantajes","tag-entertainment","tag-entretenimiento","tag-es","tag-espana","tag-frena","tag-la","tag-mayo","tag-promesa","tag-spain","tag-tv"],"share_on_mastodon":{"url":"https:\/\/pubeurope.com\/@es\/116631358030555193","error":""},"_links":{"self":[{"href":"https:\/\/www.europesays.com\/es\/wp-json\/wp\/v2\/posts\/568557","targetHints":{"allow":["GET"]}}],"collection":[{"href":"https:\/\/www.europesays.com\/es\/wp-json\/wp\/v2\/posts"}],"about":[{"href":"https:\/\/www.europesays.com\/es\/wp-json\/wp\/v2\/types\/post"}],"author":[{"embeddable":true,"href":"https:\/\/www.europesays.com\/es\/wp-json\/wp\/v2\/users\/2"}],"replies":[{"embeddable":true,"href":"https:\/\/www.europesays.com\/es\/wp-json\/wp\/v2\/comments?post=568557"}],"version-history":[{"count":0,"href":"https:\/\/www.europesays.com\/es\/wp-json\/wp\/v2\/posts\/568557\/revisions"}],"wp:featuredmedia":[{"embeddable":true,"href":"https:\/\/www.europesays.com\/es\/wp-json\/wp\/v2\/media\/568558"}],"wp:attachment":[{"href":"https:\/\/www.europesays.com\/es\/wp-json\/wp\/v2\/media?parent=568557"}],"wp:term":[{"taxonomy":"category","embeddable":true,"href":"https:\/\/www.europesays.com\/es\/wp-json\/wp\/v2\/categories?post=568557"},{"taxonomy":"post_tag","embeddable":true,"href":"https:\/\/www.europesays.com\/es\/wp-json\/wp\/v2\/tags?post=568557"}],"curies":[{"name":"wp","href":"https:\/\/api.w.org\/{rel}","templated":true}]}}