{"id":56856,"date":"2025-08-19T01:34:12","date_gmt":"2025-08-19T01:34:12","guid":{"rendered":"https:\/\/www.europesays.com\/es\/56856\/"},"modified":"2025-08-19T01:34:12","modified_gmt":"2025-08-19T01:34:12","slug":"bravo-toledano-historia-de-las-ganaderias-de-bravo-en-toledo-exito-en-ferias-taurinas-de-beziers-y-dax","status":"publish","type":"post","link":"https:\/\/www.europesays.com\/es\/56856\/","title":{"rendered":"Bravo Toledano: Historia de las Ganader\u00edas de Bravo en Toledo &#8211; \u00c9xito en Ferias Taurinas de B\u00e9ziers y Dax"},"content":{"rendered":"<p>El libro \u201c<strong>Bravo Toledano. Historia de las ganader\u00edas de bravo en la provincia de Toledo\u201d<\/strong> fue presentado la pasada semana coincidiendo con la celebraci\u00f3n de las ferias taurinas francesas de <strong>B\u00e9ziers y Dax.<\/strong><\/p>\n<p>BRAVO TOLEDANO EN LA FERIA DE B\u00c9ZIERS<\/p>\n<p>Durante el inicio de la Feria taurina de B\u00e9ziers, ciudad de gran tradici\u00f3n taurina situada en el Sureste del pa\u00eds vecino. <a title=\"Eduardo De la Rosa\" href=\"https:\/\/www.lavozdeltajo.com\/tag\/eduardo-de-la-rosa\" rel=\"nofollow noopener\" target=\"_blank\">Eduardo de la Rosa<\/a>, autor de dicha obra fue recibido por las principales autoridades pol\u00edticas y taurinas.<\/p>\n<p>El <strong>alcalde<\/strong> de la ciudad francesa, Don <strong>Robert M\u00e9nard<\/strong> fue obsequiado con un ejemplar de la obra debido a su gran apoyo a la tauromaquia en su localidad. Por su parte, Olivier Marg\u00e9 representante de la familia Marg\u00e9 y empresario del coso Biterrois, recibi\u00f3 al joven autor toledano. En el acto tambi\u00e9n particip\u00f3 Tom\u00e1s Cerqueira, director de la escuela taurina de B\u00e9ziers y apoderado del matador de toros Christian Parejo.<\/p>\n<p>BRAVO TOLEDANO PRESENTADO EN LA PE\u00d1A LA ALEGR\u00cdA DE DAX<\/p>\n<p>Durante la feria taurina de Dax, una de las m\u00e1s importantes del suroeste franc\u00e9s fue presentado el pasado s\u00e1bado el libro Bravo Toledano. Con gran aceptaci\u00f3n entre la afici\u00f3n de Dax, Eduardo de la Rosa desarroll\u00f3 la historia ganadera de Toledo en la Pe\u00f1a La Alegr\u00eda, asociaci\u00f3n taurina m\u00e1s importante de Dax.<\/p>\n<p>Otras personalidades y figuras de la Tauromaquia tambi\u00e9n han querido contar con un ejemplar de Bravo Toledano, como el matador de toros Andr\u00e9s Roca Rey, \u00c9ric Darri\u00e8re (Presidente comisi\u00f3n taurina de Dax) o Pierre Albert Blain (periodista taurino de Radio Francia Bleu).<\/p>\n<p>En todos estos actos acudieron gran cantidad de aficionados que pudieron adquirir un ejemplar de la obra del autor toledano.<\/p>\n<p>\u00c9XITO DE VENTAS<\/p>\n<p>Tras las diferentes presentaciones el libro \u201cBravo Toledano. Historia de las ganader\u00edas de bravo en la provincia de Toledo\u201d est\u00e1 siendo un \u00e9xito de ventas para todos los aficionados del mundo taurino donde el joven autor, Eduardo de la Rosa Mart\u00edn de Eugenio, realiza un minucioso recorrido de las ganader\u00edas desde finales del siglo XVII hasta la actualidad desvelando la riqueza y el legado de m\u00e1s de tres siglos de campo bravo en la provincia de Toledo present\u00e1ndose como una obra de referencia para los amantes de la tauromaquia y la historia ganadera de la provincia.<\/p>\n<p>Para adquirir la obra, <strong>\u201cBravo toledano. Historia de la ganader\u00eda de bravo en la provincia de Toledo\u201d <\/strong>se puede realizar seg\u00fan las siguientes v\u00edas:<\/p>\n<p>A trav\u00e9s del correo electr\u00f3nico: <a href=\"https:\/\/www.lavozdeltajo.com\/mailto:bravotoledano@gmail.com\" rel=\"nofollow noopener\" target=\"_blank\">bravotoledano@gmail.com<\/a> <br \/>Librer\u00eda Rodr\u00edguez Plaza de Toros de \u201cLas Ventas\u201d (Madrid).<br \/>Librer\u00eda P\u00e1ginas (Talavera de la Reina).<br \/>Librer\u00eda G\u00f3mez Menor (Toledo).<\/p>\n","protected":false},"excerpt":{"rendered":"El libro \u201cBravo Toledano. Historia de las ganader\u00edas de bravo en la provincia de Toledo\u201d fue presentado la&hellip;\n","protected":false},"author":2,"featured_media":56857,"comment_status":"","ping_status":"","sticky":false,"template":"","format":"standard","meta":{"footnotes":""},"categories":[277],"tags":[3437,21837,24321,373,17373,168,24322,25,24,22227,23,167,625,374],"class_list":{"0":"post-56856","1":"post","2":"type-post","3":"status-publish","4":"format-standard","5":"has-post-thumbnail","7":"category-toreo","8":"tag-aficion","9":"tag-beziers","10":"tag-bravo-toledano","11":"tag-bullfighting","12":"tag-dax","13":"tag-deportes","14":"tag-eduardo-de-la-rosa","15":"tag-es","16":"tag-espana","17":"tag-ganaderias","18":"tag-spain","19":"tag-sports","20":"tag-tauromaquia","21":"tag-toreo"},"share_on_mastodon":{"url":"","error":""},"_links":{"self":[{"href":"https:\/\/www.europesays.com\/es\/wp-json\/wp\/v2\/posts\/56856","targetHints":{"allow":["GET"]}}],"collection":[{"href":"https:\/\/www.europesays.com\/es\/wp-json\/wp\/v2\/posts"}],"about":[{"href":"https:\/\/www.europesays.com\/es\/wp-json\/wp\/v2\/types\/post"}],"author":[{"embeddable":true,"href":"https:\/\/www.europesays.com\/es\/wp-json\/wp\/v2\/users\/2"}],"replies":[{"embeddable":true,"href":"https:\/\/www.europesays.com\/es\/wp-json\/wp\/v2\/comments?post=56856"}],"version-history":[{"count":0,"href":"https:\/\/www.europesays.com\/es\/wp-json\/wp\/v2\/posts\/56856\/revisions"}],"wp:featuredmedia":[{"embeddable":true,"href":"https:\/\/www.europesays.com\/es\/wp-json\/wp\/v2\/media\/56857"}],"wp:attachment":[{"href":"https:\/\/www.europesays.com\/es\/wp-json\/wp\/v2\/media?parent=56856"}],"wp:term":[{"taxonomy":"category","embeddable":true,"href":"https:\/\/www.europesays.com\/es\/wp-json\/wp\/v2\/categories?post=56856"},{"taxonomy":"post_tag","embeddable":true,"href":"https:\/\/www.europesays.com\/es\/wp-json\/wp\/v2\/tags?post=56856"}],"curies":[{"name":"wp","href":"https:\/\/api.w.org\/{rel}","templated":true}]}}