{"id":568589,"date":"2026-05-24T20:27:27","date_gmt":"2026-05-24T20:27:27","guid":{"rendered":"https:\/\/www.europesays.com\/es\/568589\/"},"modified":"2026-05-24T20:27:27","modified_gmt":"2026-05-24T20:27:27","slug":"arquitectos-canarios-disenan-los-cuatro-escenarios-para-la-visita-del-papa-leon-xiv-en-canarias","status":"publish","type":"post","link":"https:\/\/www.europesays.com\/es\/568589\/","title":{"rendered":"Arquitectos canarios dise\u00f1an los cuatro escenarios para la visita del Papa Le\u00f3n XIV en Canarias"},"content":{"rendered":"<p>\n        \u00abDesde el inicio quisimos reflejar el motivo profundo de la visita del Santo Padre a Canarias: la <strong>realidad migratoria<\/strong> y el mar como lugar de esperanza, sufrimiento y encuentro\u00bb. Con esas consignas, los j\u00f3venes arquitectos grancanarios Jorge Cerpa y Rafael Su\u00e1rez han desarrollado el proyecto de los espacios para las celebraciones que presidir\u00e1 <strong>Le\u00f3n XIV<\/strong> en Arguinegu\u00edn y en el estadio de Gran Canaria.\n<\/p>\n<p>                              El mar como s\u00edmbolo del viaje apost\u00f3lico<\/p>\n<p class=\"article-body__text \">\n        Ese esp\u00edritu que justifica el <strong>viaje apost\u00f3lico del papa a Canarias<\/strong> los pr\u00f3ximos jueves y viernes 11 y 12 de junio tambi\u00e9n presidi\u00f3 el reto que afront\u00f3 en Tenerife el arquitecto Alejandro Beautell para los espacios celebrativos de la plaza del Cristo y en el puerto de Santa Cruz. En este \u00faltimo caso, \u00abse sit\u00faa con el mar como fondo. Ese horizonte abierto remite al drama de la inmigraci\u00f3n que atraviesa estas aguas. El Papa se orienta hacia Santa Cruz, incorporando la ciudad como parte de la asamblea; el conjunto ser\u00e1 visible desde la avenida mar\u00edtima\u00bb.\n<\/p>\n<p class=\"article-body__text \">\n        Jorge Cerpa explica que el Vaticano fij\u00f3 aspectos que consideraban importantes. \u00abEn Arguinegu\u00edn insistieron especialmente en que el escenario no ocultara el mar ni el muelle, porque forman parte del mensaje y de la realidad migratoria que vive Canarias. Por eso se dise\u00f1\u00f3 un espacio muy abierto visualmente. Tambi\u00e9n se trabaj\u00f3 al detalle la seguridad sobre accesos y control del espacio\u00bb.\n<\/p>\n<p>                              Un altar monumental en el Estadio de Gran Canaria<\/p>\n<p class=\"article-body__text \">\n        \u00abEn el Estadio de Gran Canaria, el lenguaje arquitect\u00f3nico adquiere una dimensi\u00f3n m\u00e1s solemne y monumental. La cubierta principal se plantea como una gran b\u00f3veda blanca que envuelve el altar. El fondo del escenario estar\u00e1 formado por doce arcos, representando a los ap\u00f3stoles, y un gran arco central que simboliza a Cristo. Tambi\u00e9n tendr\u00e1n una presencia muy importante la Virgen del Pino y el Cristo de Telde\u00bb.\n<\/p>\n<p class=\"article-body__text \">\n        Destaca la incorporaci\u00f3n de Rafael Su\u00e1rez al equipo por su enorme experiencia en <strong>eventos multitudinarios<\/strong>, especialmente el Carnaval, y en la materializaci\u00f3n t\u00e9cnica de las ideas. \u00abAporta soluciones reales y eficaces. Gracias a su experiencia y responsabilidad, gran parte del escenario del estadio ya est\u00e1 prefabricado y todo el operativo t\u00e9cnico est\u00e1 muy controlado\u00bb, destaca Jorge Cerpa.\n<\/p>\n<p>                              Alejandro Beautell y la arquitectura ef\u00edmera con sentido espiritual<\/p>\n<p class=\"article-body__text \">\n        En Tenerife, Alejandro Beautell recurre a la geometr\u00eda para estructurar el proyecto del puerto: no es un escenario, es un edificio que se construye d\u00eda a d\u00eda. \u00abLa planta adopta la cruz griega inscrita en un cuadrado de lava negra, en referencia a San Pietro de Bramante. De esa matriz nacen el altar, el amb\u00f3n y la sede. Sobre el altar, una abertura en la cubierta establece una relaci\u00f3n directa con el cielo. En ese punto, el plano desciende y el espacio se comprime\u00bb.\n<\/p>\n<p class=\"article-body__text \">\n        En la definici\u00f3n del arquitecto lagunero, afincado en el barrio de El Toscal, precisa que en el eje principal se sit\u00faa el Cristo de La Laguna, sobre el papa y frente a un fondo neutro. La Virgen de Candelaria completa el conjunto, estableciendo una triangulaci\u00f3n con el altar y el amb\u00f3n. \u00abEl proyecto busca claridad, proporci\u00f3n y permanencia dentro de lo ef\u00edmero\u00bb.\n<\/p>\n<p>                              La dimensi\u00f3n personal de los arquitectos del papa<\/p>\n<p class=\"article-body__text \">\n        Jorge Cerpa define estos encargos como \u00abun regalo de Dios\u00bb que recibe meses despu\u00e9s de comenzar a trabajar como asesor t\u00e9cnico de la Di\u00f3cesis de Canarias, si bien es arquitecto desde hace nueve a\u00f1os, una profesi\u00f3n que no le es ajena, pues sigue los pasos de su padre, Manuel Cerpa. A sus 33 a\u00f1os, Jorge se considera esposo antes que arquitecto y destaca la experiencia vivida en dos Jornadas Mundiales de la Juventud y, en particular, el Jubileo que tuvo lugar el pasado a\u00f1o en Roma. \u00abVivir estos encuentros me ha ayudado a experimentar c\u00f3mo funcionan estos espacios, c\u00f3mo se viven celebraciones tan multitudinarias&#8230;\u00bb.\n<\/p>\n<p class=\"article-body__text \">\n        \u00abEl Jubileo de Roma ha servido especialmente como referencia para el escenario del Estadio de Gran Canaria, sobre todo por la monumentalidad del altar y la relaci\u00f3n entre liturgia, arquitectura y espacio\u00bb. \u00abDios est\u00e1 presente en los peque\u00f1os detalles y la arquitectura tiene algo muy bonito. No solo desde el dise\u00f1o arquitect\u00f3nico, sino en el d\u00eda a d\u00eda: en c\u00f3mo tratas a las personas, a los compa\u00f1eros, a los constructores y a todos los que participan en un proyecto\u00bb.\n<\/p>\n<p>                              Un arquitecto marcado por la Virgen de Candelaria<\/p>\n<p class=\"article-body__text \">\n        El tinerfe\u00f1o Alejandro Beautell naci\u00f3 marcado por la patrona de Canarias: a las dos horas del d\u00eda dos del mes dos de 1978, festividad de la Virgen de Candelaria. De casta le viene al galgo, pues hered\u00f3 el gusto por la profesi\u00f3n de su padre y, \u00abpara colmo de males\u00bb, de chico se le daba bien dibujar, lo cual era sin\u00f3nimo de estar llamado a la profesi\u00f3n a la que se dedica desde hace 21 a\u00f1os. El sentido del cristiano de a pie, unido al servicio desde la profesi\u00f3n, forman un todo para este t\u00e9cnico, casado con la polaca Patricia y que tiene en su casa a su particular Le\u00f3n, como se llama su peque\u00f1o, incluso antes de recibir el encargo para otro Le\u00f3n, el papa.\n<\/p>\n<p>                              Canarias prepara la visita del papa Le\u00f3n XIV<\/p>\n<p class=\"article-body__text \">\n        No ha llegado a\u00fan el pont\u00edfice y los encargados de preparar los espacios ya est\u00e1n imbuidos de ese esp\u00edritu, confiados a la providencia.<\/p>\n","protected":false},"excerpt":{"rendered":"\u00abDesde el inicio quisimos reflejar el motivo profundo de la visita del Santo Padre a Canarias: la realidad&hellip;\n","protected":false},"author":2,"featured_media":568590,"comment_status":"","ping_status":"","sticky":false,"template":"","format":"standard","meta":{"footnotes":""},"categories":[173],"tags":[109049,3739,229,233,231,230,1896,6088,954,232,234,146,147,25,10558,24,39142,4108,12629,23,1370],"class_list":["post-568589","post","type-post","status-publish","format-standard","has-post-thumbnail","category-arte-y-diseno","tag-altares","tag-arquitectos","tag-arte","tag-arte-y-diseno","tag-arts","tag-arts-and-design","tag-canarias","tag-cristo","tag-cuatro","tag-design","tag-diseno","tag-entertainment","tag-entretenimiento","tag-es","tag-espacio","tag-espana","tag-la-virgen","tag-leon","tag-papa","tag-spain","tag-tenerife"],"share_on_mastodon":{"url":"https:\/\/pubeurope.com\/@es\/116631440044493794","error":""},"_links":{"self":[{"href":"https:\/\/www.europesays.com\/es\/wp-json\/wp\/v2\/posts\/568589","targetHints":{"allow":["GET"]}}],"collection":[{"href":"https:\/\/www.europesays.com\/es\/wp-json\/wp\/v2\/posts"}],"about":[{"href":"https:\/\/www.europesays.com\/es\/wp-json\/wp\/v2\/types\/post"}],"author":[{"embeddable":true,"href":"https:\/\/www.europesays.com\/es\/wp-json\/wp\/v2\/users\/2"}],"replies":[{"embeddable":true,"href":"https:\/\/www.europesays.com\/es\/wp-json\/wp\/v2\/comments?post=568589"}],"version-history":[{"count":0,"href":"https:\/\/www.europesays.com\/es\/wp-json\/wp\/v2\/posts\/568589\/revisions"}],"wp:featuredmedia":[{"embeddable":true,"href":"https:\/\/www.europesays.com\/es\/wp-json\/wp\/v2\/media\/568590"}],"wp:attachment":[{"href":"https:\/\/www.europesays.com\/es\/wp-json\/wp\/v2\/media?parent=568589"}],"wp:term":[{"taxonomy":"category","embeddable":true,"href":"https:\/\/www.europesays.com\/es\/wp-json\/wp\/v2\/categories?post=568589"},{"taxonomy":"post_tag","embeddable":true,"href":"https:\/\/www.europesays.com\/es\/wp-json\/wp\/v2\/tags?post=568589"}],"curies":[{"name":"wp","href":"https:\/\/api.w.org\/{rel}","templated":true}]}}