{"id":568639,"date":"2026-05-24T21:01:17","date_gmt":"2026-05-24T21:01:17","guid":{"rendered":"https:\/\/www.europesays.com\/es\/568639\/"},"modified":"2026-05-24T21:01:17","modified_gmt":"2026-05-24T21:01:17","slug":"la-moncloa-responde-al-pnv-que-respeta-pero-no-comparte-la-idea-de-aitor-esteban-de-convocar-elecciones-anticipadas","status":"publish","type":"post","link":"https:\/\/www.europesays.com\/es\/568639\/","title":{"rendered":"La Moncloa responde al PNV que \u00abrespeta pero no comparte\u00bb la idea de Aitor Esteban de convocar elecciones anticipadas"},"content":{"rendered":"<p class=\"article-text\">\n        El Gobierno respeta pero no comparte la opini\u00f3n del <a href=\"https:\/\/www.eldiario.es\/euskadi\/pnv-ve-irresponsable-sanchez-siga-2026-agenda-descontrolada-judicializada_1_13246232.html\" target=\"_blank\" data-mrf-recirculation=\"links-noticia\" class=\"link\" rel=\"nofollow noopener\">presidente del PNV, Aitor Esteban, de que ser\u00eda \u201cirresponsable\u201d<\/a> que el Ejecutivo de Pedro S\u00e1nchez \u201csiga m\u00e1s all\u00e1 de 2026, sin rumbo, sin una mayor\u00eda estable\u201d y con \u201cuna agenda descontrolada y judicializada\u201d.\n    <\/p>\n<p class=\"article-text\">\n        \u201cTranquilidad\u201d, han se\u00f1alado a EFE fuentes de Moncloa al ser preguntadas por las palabras de Esteban este domingo en su intervenci\u00f3n en el acto que el PNV ha celebrado en Durango (Bizkaia) cuando queda un a\u00f1o para las elecciones municipales de 2027.\n    <\/p>\n<p class=\"article-text\">\n        Las mismas fuentes han insistido en trasladar la idea de S\u00e1nchez de agotar la legislatura hasta el verano de 2027. \u201cRespetamos su opini\u00f3n, pero no la compartimos\u201d, han se\u00f1alado respecto a Esteban.\n    <\/p>\n<p class=\"article-text\">\n        Sobre los informes de la Unidad Central de Delincuencia Econ\u00f3mica y Fiscal (UDEF) de la Polic\u00eda Nacional aportados al juzgado que <a href=\"https:\/\/www.eldiario.es\/blog\/politica-para-supervivientes\/comienzo-agonia-zapatero_132_13242722.html\" target=\"_blank\" data-mrf-recirculation=\"links-noticia\" class=\"link\" rel=\"nofollow noopener\">investiga al expresidente Jos\u00e9 Luis Rodr\u00edguez Zapatero<\/a>, que se han conocido en las \u00faltimas horas, las fuentes han mantenido su apoyo de esta semana de esta semana al exl\u00edder socialista.\n    <\/p>\n<p class=\"article-text\">\n        Y lo hacen al considerar que esos informes constatan el hecho de que no existe ninguna prueba o indicio de delito cometido por el Zapatero.\n    <\/p>\n<p class=\"article-text\">\n        Despu\u00e9s de que este mi\u00e9rcoles se conociera el auto del juez Jos\u00e9 Luis Calama que cita a declarar a Zapatero el 2 de junio, se est\u00e1 a la espera de conocer en las pr\u00f3ximas horas el sumario, y, ante ello, fuentes del Gobierno han reiterado que no hay pruebas documentales de los delitos de los que se acusa al expresidente.\n    <\/p>\n<p class=\"article-text\">\n        Uno de esos informes policiales mantiene que Zapatero y sus hijas son los principales beneficiarios finales de los fondos obtenidos por la red de Plus Ultra con el rescate del Gobierno durante la pandemia de coronavirus, cuando la aerol\u00ednea recibi\u00f3 53 millones del Gobierno.\n    <\/p>\n<p>    <a href=\"https:\/\/www.eldiario.es\/euskadi\/pnv-ve-irresponsable-sanchez-siga-2026-agenda-descontrolada-judicializada_1_13246232.html\" data-mrf-recirculation=\"saber-mas-abajo\" data-dl-event=\"saber-mas-abajo\" rel=\"nofollow noopener\" target=\"_blank\"><\/p>\n<p class=\"know-more__title\">El PNV ve \u201cirresponsable\u201d que S\u00e1nchez siga \u201cm\u00e1s all\u00e1 de 2026\u201d con una agenda \u201cdescontrolada y judicializada\u201d<\/p>\n<p>            <img decoding=\"async\" class=\"lazy\" loading=\"lazy\" data-src=\"https:\/\/static.eldiario.es\/clip\/b3bf7f0d-ffa8-4386-b3e3-37cf36ac06bd_16-9-aspect-ratio_default_0.jpg\" src=\"data:image\/svg+xml,%3Csvg xmlns=\" http:=\"\" viewbox=\"0 0 880 495\" alt=\"El PNV ve &quot;irresponsable&quot; que S\u00e1nchez siga &quot;m\u00e1s all\u00e1 de 2026&quot; con una agenda &quot;descontrolada y judicializada&quot;\"\/><\/p>\n<p>                        <\/a><\/p>\n<p class=\"article-text\">\n        Adem\u00e1s, la Polic\u00eda pone de relieve varios archivos de Excel que Zapatero envi\u00f3 a su amigo Julio Mart\u00ednez con un listado de destinatarios de informes de asesor\u00eda de la empresa, clave de la causa, lo que evidenciar\u00eda su \u201cposici\u00f3n directiva\u201d.\n    <\/p>\n","protected":false},"excerpt":{"rendered":"El Gobierno respeta pero no comparte la opini\u00f3n del presidente del PNV, Aitor Esteban, de que ser\u00eda \u201cirresponsable\u201d&hellip;\n","protected":false},"author":2,"featured_media":568640,"comment_status":"","ping_status":"","sticky":false,"template":"","format":"standard","meta":{"footnotes":""},"categories":[8],"tags":[17,18,1994,42213,4374,25,24,16142,13,14,11,13500,19,20,10277,9,689,10,15,16,14304,109055,23,12,21,22],"class_list":["post-568639","post","type-post","status-publish","format-standard","has-post-thumbnail","category-espana","tag-breaking-news","tag-breakingnews","tag-comparte","tag-convocar","tag-elecciones","tag-es","tag-espana","tag-esteban","tag-featured-news","tag-featurednews","tag-headlines","tag-idea","tag-latest-news","tag-latestnews","tag-moncloa","tag-news","tag-no","tag-noticias","tag-noticias-destacadas","tag-noticiasdestacadas","tag-pnv","tag-respeta","tag-spain","tag-titulares","tag-ultimas-noticias","tag-ultimasnoticias"],"share_on_mastodon":{"url":"https:\/\/pubeurope.com\/@es\/116631574223097613","error":""},"_links":{"self":[{"href":"https:\/\/www.europesays.com\/es\/wp-json\/wp\/v2\/posts\/568639","targetHints":{"allow":["GET"]}}],"collection":[{"href":"https:\/\/www.europesays.com\/es\/wp-json\/wp\/v2\/posts"}],"about":[{"href":"https:\/\/www.europesays.com\/es\/wp-json\/wp\/v2\/types\/post"}],"author":[{"embeddable":true,"href":"https:\/\/www.europesays.com\/es\/wp-json\/wp\/v2\/users\/2"}],"replies":[{"embeddable":true,"href":"https:\/\/www.europesays.com\/es\/wp-json\/wp\/v2\/comments?post=568639"}],"version-history":[{"count":0,"href":"https:\/\/www.europesays.com\/es\/wp-json\/wp\/v2\/posts\/568639\/revisions"}],"wp:featuredmedia":[{"embeddable":true,"href":"https:\/\/www.europesays.com\/es\/wp-json\/wp\/v2\/media\/568640"}],"wp:attachment":[{"href":"https:\/\/www.europesays.com\/es\/wp-json\/wp\/v2\/media?parent=568639"}],"wp:term":[{"taxonomy":"category","embeddable":true,"href":"https:\/\/www.europesays.com\/es\/wp-json\/wp\/v2\/categories?post=568639"},{"taxonomy":"post_tag","embeddable":true,"href":"https:\/\/www.europesays.com\/es\/wp-json\/wp\/v2\/tags?post=568639"}],"curies":[{"name":"wp","href":"https:\/\/api.w.org\/{rel}","templated":true}]}}