{"id":569129,"date":"2026-05-25T04:01:14","date_gmt":"2026-05-25T04:01:14","guid":{"rendered":"https:\/\/www.europesays.com\/es\/569129\/"},"modified":"2026-05-25T04:01:14","modified_gmt":"2026-05-25T04:01:14","slug":"oughourlian-comprara-en-indra-seguira-en-el-consejo-tras-la-fusion","status":"publish","type":"post","link":"https:\/\/www.europesays.com\/es\/569129\/","title":{"rendered":"Oughourlian comprar\u00e1 en Indra: seguir\u00e1 en el consejo tras la fusi\u00f3n"},"content":{"rendered":"<p>El fondo <strong>Amber<\/strong> de <strong>Joseph Oughourlian<\/strong> (presidente de <strong>Prisa<\/strong>) tiene previsto incrementar sus posiciones en <strong>Indra<\/strong> en algo m\u00e1s del 2% del capital para no diluirse en la fusi\u00f3n con la empresa familiar de los hermanos <strong>Escribano<\/strong>, <strong>EM&amp;E<\/strong>, y, de esta forma, mantener el asiento que actualmente tiene en el <a href=\"https:\/\/www.indragroup.com\/es\/accionistas\/organos-gobierno\" target=\"_blank\" rel=\"noreferrer noopener nofollow\">consejo<\/a> de la empresa <strong>tecnol\u00f3gica<\/strong> y de <strong>defensa<\/strong>.<\/p>\n<p>Oughourlian vendi\u00f3 un porcentaje similar en plena guerra de Moncloa con el anterior presidente de Indra, <strong>\u00c1ngel Escribano<\/strong>, con lo que redujo su posici\u00f3n desde el 7,24% hasta algo m\u00e1s del 5%. La justificaci\u00f3n de aquel movimiento, seg\u00fan fuentes conocedoras de la situaci\u00f3n, fue que los accionistas de Amber quer\u00edan tomar <strong>beneficios<\/strong> tras la estratosf\u00e9rica subida de la <strong>cotizaci\u00f3n<\/strong> de Indra, y que prefer\u00edan adoptar una actitud prudente en medio del asalto pol\u00edtico a la compa\u00f1\u00eda.<\/p>\n<p>Con la llegada a la presidencia de <strong>\u00c1ngel Sim\u00f3n<\/strong>, las aguas se han calmado. El \u00faltimo problema era la presencia del consejero delegado, <strong>Jos\u00e9 Vicente de los Mozos<\/strong>, enfrentado a Escribano en su d\u00eda y a quien tampoco quer\u00eda Sim\u00f3n en su equipo. Esta situaci\u00f3n se resolvi\u00f3 la semana pasada con la destituci\u00f3n (oficialmente, fue una no renovaci\u00f3n) de De los Mozos y la pr\u00f3xima asunci\u00f3n de poderes ejecutivos por parte del presidente. No obstante, nombrar\u00e1 un <a href=\"https:\/\/theobjective.com\/economia\/2026-05-20\/simon-ceo-perfil-politico-indra-ciril-rozman\/\" rel=\"nofollow noopener\" target=\"_blank\">consejero delegado sin perfil pol\u00edtico<\/a>, como adelant\u00f3 <a href=\"https:\/\/theobjective.com\/\" rel=\"nofollow noopener\" target=\"_blank\">THE OBJECTIVE<\/a>.<\/p>\n<p>En esta situaci\u00f3n, Sim\u00f3n est\u00e1 decidido a retomar la fusi\u00f3n con EM&amp;E (Escribano Mechanical &amp; Engineering), operaci\u00f3n que fue la causa del acoso y derribo de <strong>Moncloa<\/strong> a \u00c1ngel Escribano, porque habr\u00eda implicado que entre los hermanos y Oughourlian superaran el <a href=\"https:\/\/www.indragroup.com\/es\/accionistas\/estructura-accionarial\" target=\"_blank\" rel=\"noreferrer noopener nofollow\">28% de la SEPI<\/a>, haci\u00e9ndose as\u00ed con el control de Indra.<\/p>\n<p>Ampliaci\u00f3n de capital<\/p>\n<p>Para evitar ese escenario intolerable para <strong>Pedro S\u00e1nchez<\/strong>, los Escribano <a href=\"https:\/\/www.indragroup.com\/es\/accionistas\/estructura-accionarial\" target=\"_blank\" rel=\"noreferrer noopener nofollow\">vendieron el 14,3%<\/a> que ten\u00edan en el capital de la tecnol\u00f3gica. A cambio, el Gobierno se comprometi\u00f3 a retomar la fusi\u00f3n con la empresa familiar, como tambi\u00e9n adelant\u00f3 este medio. Ahora bien, la operaci\u00f3n no se har\u00e1 con las cifras manejadas para EM&amp;E \u2014m\u00e1s de 2.000 millones de euros\u2014, sino con un precio m\u00e1s cercano a los 1.500 millones. Esto, junto a la citada venta del 14,3%, har\u00e1 que los Escribano vuelvan al capital y al consejo de Indra, pero con una posici\u00f3n muy alejada de la de la SEPI.<\/p>\n<p>No obstante, esta fusi\u00f3n se har\u00e1 mediante <strong>canje de acciones<\/strong>, lo que implica una <strong>ampliaci\u00f3n de capital<\/strong> para dar de nuevo entrada a los Escribano y, a su vez, diluyendo al resto de accionistas. Esto implica que Oughourlian corre el riesgo de que su participaci\u00f3n se reduzca a\u00fan m\u00e1s y de quedarse por debajo del m\u00ednimo que le da derecho a un asiento en el consejo. Por eso, va a incrementar su participaci\u00f3n cuanto sea necesario para mantenerse en el \u00f3rgano de gobierno tras la ampliaci\u00f3n de capital, seg\u00fan las fuentes.<\/p>\n<p>Estas a\u00f1aden que el presidente del fondo Amber apoya totalmente la <strong>presidencia de Sim\u00f3n<\/strong> (como en su d\u00eda la de Escribano) y la destituci\u00f3n de De los Mozos, pero quiere seguir teniendo voz en la gesti\u00f3n de Indra. Oughourlian siempre se mostr\u00f3 partidario de la fusi\u00f3n con EM&amp;E, que considera imprescindible para crear un \u00ab<strong>campe\u00f3n nacional<\/strong>\u00bb de defensa que integre a las peque\u00f1as empresas de un sector tan atomizado.<\/p>\n","protected":false},"excerpt":{"rendered":"El fondo Amber de Joseph Oughourlian (presidente de Prisa) tiene previsto incrementar sus posiciones en Indra en algo&hellip;\n","protected":false},"author":2,"featured_media":569130,"comment_status":"","ping_status":"","sticky":false,"template":"","format":"standard","meta":{"footnotes":""},"categories":[80],"tags":[82,1616,95,94,25,9480,24,7834,38018,2959,23,120],"class_list":["post-569129","post","type-post","status-publish","format-standard","has-post-thumbnail","category-economia","tag-business","tag-defensa","tag-economia","tag-economy","tag-es","tag-escribano","tag-espana","tag-indra","tag-la-moncloa","tag-pedro-sanchez","tag-spain","tag-tecnologia"],"share_on_mastodon":{"url":"https:\/\/pubeurope.com\/@es\/116633225484881668","error":""},"_links":{"self":[{"href":"https:\/\/www.europesays.com\/es\/wp-json\/wp\/v2\/posts\/569129","targetHints":{"allow":["GET"]}}],"collection":[{"href":"https:\/\/www.europesays.com\/es\/wp-json\/wp\/v2\/posts"}],"about":[{"href":"https:\/\/www.europesays.com\/es\/wp-json\/wp\/v2\/types\/post"}],"author":[{"embeddable":true,"href":"https:\/\/www.europesays.com\/es\/wp-json\/wp\/v2\/users\/2"}],"replies":[{"embeddable":true,"href":"https:\/\/www.europesays.com\/es\/wp-json\/wp\/v2\/comments?post=569129"}],"version-history":[{"count":0,"href":"https:\/\/www.europesays.com\/es\/wp-json\/wp\/v2\/posts\/569129\/revisions"}],"wp:featuredmedia":[{"embeddable":true,"href":"https:\/\/www.europesays.com\/es\/wp-json\/wp\/v2\/media\/569130"}],"wp:attachment":[{"href":"https:\/\/www.europesays.com\/es\/wp-json\/wp\/v2\/media?parent=569129"}],"wp:term":[{"taxonomy":"category","embeddable":true,"href":"https:\/\/www.europesays.com\/es\/wp-json\/wp\/v2\/categories?post=569129"},{"taxonomy":"post_tag","embeddable":true,"href":"https:\/\/www.europesays.com\/es\/wp-json\/wp\/v2\/tags?post=569129"}],"curies":[{"name":"wp","href":"https:\/\/api.w.org\/{rel}","templated":true}]}}