{"id":569224,"date":"2026-05-25T05:36:25","date_gmt":"2026-05-25T05:36:25","guid":{"rendered":"https:\/\/www.europesays.com\/es\/569224\/"},"modified":"2026-05-25T05:36:25","modified_gmt":"2026-05-25T05:36:25","slug":"el-calor-no-da-tregua-y-la-semana-que-viene-se-podran-alcanzar-maximas-de-hasta-39-oc","status":"publish","type":"post","link":"https:\/\/www.europesays.com\/es\/569224\/","title":{"rendered":"El calor no da tregua y la semana que viene se podr\u00e1n alcanzar m\u00e1ximas de hasta 39 \u00baC"},"content":{"rendered":"<p class=\"c-paragraph\"><b>El calor<\/b> que est\u00e1 azotando la pen\u00ednsula ib\u00e9rica en las \u00faltimas fechas no da tregua y la semana que comienza este lunes seguir\u00e1 registrando temperaturas inusualmente altas para la \u00e9poca del a\u00f1o.<\/p>\n<p class=\"c-paragraph\">La dorsal instalada sobre el continente europeo se mantiene y a lo largo de la semana se registrar\u00e1n <b>m\u00e1ximas de hasta 39 grados<\/b> en algunos puntos de la pen\u00ednsula ib\u00e9rica, con las llamadas noches tropicales, las que registran m\u00e1s de 20 \u00baC.<\/p>\n<p class=\"c-paragraph\">Este episodio de calor se ir\u00e1 <b>debilitando paulatinamente en torno al jueves o al viernes,<\/b> por lo que las altas temperaturas durar\u00e1n aproximadamente una semana m\u00e1s.<\/p>\n<p class=\"c-paragraph\">En cuanto al tiempo para este lunes,\u00a0se prev\u00e9 que se mantenga una situaci\u00f3n de inestabilidad en el noroeste peninsular bajo la influencia de <b>una DANA ya en fase madura. <\/b>Al principio habr\u00e1 intervalos de nubes medias y altas, con el desarrollo de abundante nubosidad de evoluci\u00f3n por la tarde que dar\u00e1 lugar a chubascos y tormentas en amplias zonas del cuadrante noroeste.<\/p>\n<p>Por comunidades<\/p>\n<p class=\"c-paragraph\"><b>Galicia:<\/b> poco nuboso al principio, aumentando a intervalos nubosos con nubosidad de evoluci\u00f3n; probables brumas y bancos de niebla en zonas del litoral por la ma\u00f1ana. Chubascos y tormentas por la tarde, m\u00e1s probables en zonas monta\u00f1osas de Lugo y Ourense, pero que se pueden desplazar al resto; es probable que vayan acompa\u00f1adas de granizo y no se descarta que sean localmente fuertes.<\/p>\n<p class=\"c-paragraph\">Temperaturas m\u00ednimas en ascenso ligero en la mitad este y con pocos cambios en el resto. M\u00e1ximas en ascenso en la Mari\u00f1a, en descenso en el tercio oeste y con pocos cambios en el resto. Viento flojo variable, que ser\u00e1 m\u00e1s intenso en \u00e1reas de tormenta, con predominio de la componente sur durante las horas centrales.<\/p>\n<p class=\"c-paragraph\"><b>Asturias:<\/b> intervalos de nubes medias y altas que, en el litoral ir\u00e1n acompa\u00f1ados de nubes bajas con brumas y posibles nieblas asociadas; por la tarde abundante nubosidad de evoluci\u00f3n y chubascos y tormentas en la cordillera y zonas pr\u00f3ximas, sin descartar granizo.<\/p>\n<p class=\"c-paragraph\">Temperaturas m\u00ednimas en ligero aumento y m\u00e1ximas en ascenso notable en el litoral oriental, en ascenso en el centro y el litoral occidental y con pocos cambios en el resto. En el interior, viento flojo variable, en el litoral viento flojo de componente este, rolando progresivamente a componente oeste desde el mediod\u00eda.<\/p>\n<p class=\"c-paragraph\"><b>Cantabria:<\/b> poco nuboso con intervalos de nubes altas y, en horas centrales, nubosidad de evoluci\u00f3n con probables tormentas, m\u00e1s bien secas, en el oeste y sur, sin descartar alg\u00fan chubasco. Probables brumas y bancos de niebla matinales en el litoral.<\/p>\n<p class=\"c-paragraph\">Temperaturas m\u00ednimas en ascenso y en aumento en el norte, que ser\u00e1 notable en el litoral; pocos cambios en el resto. En el interior, viento flojo de componente sur en el litoral, viento de componente este rolando a oeste a partir de mediod\u00eda.<\/p>\n<p class=\"c-paragraph\"><b>Pa\u00eds Vasco:<\/b> poco nuboso, con intervalos de nubes altas, y temperaturas m\u00ednimas en ascenso notable en Vizcaya y el litoral de Guip\u00fazcoa; en aumento en el resto. Temperaturas m\u00e1ximas en ascenso en los litorales y con pocos cambios en el resto. Viento flojo a moderado de sureste y sur.<\/p>\n<p class=\"c-paragraph\"><b>Castilla y Le\u00f3n: <\/b>poco nuboso o intervalos nubosos, con nubosidad de evoluci\u00f3n y con probabilidad de chubascos dispersos con tormenta en el cuadrante noroeste, que tambi\u00e9n podr\u00edan afectar al resto. Temperaturas m\u00ednimas sin cambios o en ascenso y m\u00e1ximas sin cambios. Viento del este o variable, flojo a moderado.<\/p>\n<p class=\"c-paragraph\"><b>Navarra:<\/b> poco nuboso, con algunas nubes altas, y temperaturas m\u00ednimas en ligero ascenso generalizado, m\u00e1s notable en la vertiente cant\u00e1brica y con pocos cambios en la Ribera Baja. Temperaturas m\u00e1ximas en ascenso ligero en el extremo noroeste y con pocos cambios en el resto. Viento flojo de sureste y sur con alguna racha fuerte en la Navarra cant\u00e1brica y en el Ebro durante la primera mitad del d\u00eda.<\/p>\n<p class=\"c-paragraph\"><b>La Rioja:<\/b> poco nuboso, con nubosidad de evoluci\u00f3n, sin descartar algunos chubascos dispersos con tormenta. Temperaturas sin cambios y viento del sureste, flojo con intervalos de moderado.<\/p>\n<p class=\"c-paragraph\"><b>Arag\u00f3n:<\/b> cielo poco nuboso o despejado, con nubosidad de evoluci\u00f3n diurna en el Pirineo y sistema Ib\u00e9rico a partir de mediod\u00eda, sin descartar chubascos dispersos en zonas altas del Pirineo por la tarde.<\/p>\n<p class=\"c-paragraph\">Temperaturas m\u00ednimas en ligero descenso en la mitad sur y sin cambios en el resto; m\u00e1ximas sin cambios, que no obstante ser\u00e1n significativamente altas para la \u00e9poca del a\u00f1o en la Depresi\u00f3n del Ebro. Viento flojo de direcci\u00f3n variable a primeras y \u00faltimas horas, tendiendo a sureste moderado durante las horas centrales, salvo en Pirineos donde ser\u00e1 flojo del sur.<\/p>\n<p class=\"c-paragraph\"><b>Catalu\u00f1a: <\/b>cielo poco nuboso o despejado, con intervalos de nubes de evoluci\u00f3n diurna en el Pirineo por la tarde, donde no se descartan chubascos dispersos en zonas altas. Temperaturas m\u00ednimas en ascenso en el litoral y prelitoral de Girona y con pocos cambios en el resto; m\u00e1ximas sin cambios, que ser\u00e1n significativamente altas para la \u00e9poca del a\u00f1o en la Depresi\u00f3n Central de Lleida.<\/p>\n<p class=\"c-paragraph\">Viento flojo de direcci\u00f3n variable a primeras y \u00faltimas horas, tendiendo a sureste moderado durante las horas centrales, salvo en Pirineos, donde ser\u00e1 flojo del sur.<\/p>\n<p class=\"c-paragraph\"><b>Extremadura:<\/b> poco nuboso, con nubosidad de evoluci\u00f3n, sin descartar algunos chubascos dispersos con tormenta en el norte. Temperaturas con ligeros cambios y viento del sureste o variable, flojo con intervalos de moderado.<\/p>\n<p class=\"c-paragraph\"><b>Madrid: <\/b>poco nuboso con intervalos de nubes altas y temperaturas sin cambios, con m\u00e1ximas que se mantienen en valores anormalmente altos para la \u00e9poca del a\u00f1o. Viento flojo de componente este con predominio del sureste a partir del mediod\u00eda.<\/p>\n<p class=\"c-paragraph\"><b>Castilla-La Mancha: <\/b>poco nuboso con intervalos de nubes altas y alguna nubosidad de evoluci\u00f3n en el tercio occidental y en el norte de la Ib\u00e9rica. Temperaturas con pocos cambios, con m\u00e1ximas que contin\u00faan significativamente altas para la \u00e9poca del a\u00f1o, en la mitad occidental principalmente. Viento flojo del este y sureste, con intervalos moderados en La Mancha.<\/p>\n<p class=\"c-paragraph\"><b>Comunidad Valenciana: <\/b>cielo poco nuboso o despejado y temperaturas m\u00ednimas sin cambios o en ligero descenso en la mitad norte, y en ligero ascenso en la mitad sur; m\u00e1ximas sin cambios o en ligero descenso. Viento flojo de direcci\u00f3n variable a primeras y \u00faltimas horas, tendiendo a componente este, flojo a moderado, durante las horas centrales.<\/p>\n<p class=\"c-paragraph\"><b>Murcia:<\/b> cielos poco nubosos, con intervalos de nubes altas y temperaturas con pocos cambios. Vientos flojos variables, tendiendo a soplar de componente este por la tarde con intervalos moderados en el litoral.<\/p>\n<p class=\"c-paragraph\"><b>Islas Baleares:<\/b> cielo poco nuboso o despejado y baja probabilidad de alg\u00fan banco de niebla aislado. Temperaturas con pocos cambios y viento flojo del nordeste con brisas costeras.<\/p>\n<p class=\"c-paragraph\"><b>Andaluc\u00eda: <\/b>cielos poco nubosos, con intervalos de nubes altas y temperaturas con pocos cambios. Vientos flojos variables con intervalos moderados en el litoral mediterr\u00e1neo oriental y sierras b\u00e9ticas occidentales. Levante fuerte en la provincia de C\u00e1diz, con rachas ocasionalmente muy fuertes.<\/p>\n<p class=\"c-paragraph\"><b>Canarias: <\/b>poco nuboso con intervalos en costas del norte, y calima afectando a la provincia oriental, siendo menos significativa en Tenerife. Temperaturas en ascenso, m\u00e1s acusado en las m\u00e1ximas de las islas monta\u00f1osas.<\/p>\n<p class=\"c-paragraph\">No se descarta que se alcancen localmente los 37 grados en Lanzarote y Fuerteventura, super\u00e1ndose los 34 en zonas de median\u00edas y cumbres sur y oeste de Gran Canaria. Baja probabilidad de que se llegue a esta temperatura en vertientes sur de Tenerife y de La Gomera.<\/p>\n<p class=\"c-paragraph\">El viento ser\u00e1 flojo en general del noroeste en Lanzarote y en Fuerteventura, m\u00e1s intenso en extremos norte y sur, y flojo de componente norte en el resto de islas, m\u00e1s intenso en vertientes este y noroeste, rolando a componente sur en median\u00edas y zonas altas.<\/p>\n","protected":false},"excerpt":{"rendered":"El calor que est\u00e1 azotando la pen\u00ednsula ib\u00e9rica en las \u00faltimas fechas no da tregua y la semana&hellip;\n","protected":false},"author":2,"featured_media":569225,"comment_status":"","ping_status":"","sticky":false,"template":"","format":"standard","meta":{"footnotes":""},"categories":[5],"tags":[17,18,4922,7164,25,24,13,14,11,19,20,9,689,10,15,16,773,23,12,23357,21,22],"class_list":["post-569224","post","type-post","status-publish","format-standard","has-post-thumbnail","category-titulares","tag-breaking-news","tag-breakingnews","tag-calor","tag-da","tag-es","tag-espana","tag-featured-news","tag-featurednews","tag-headlines","tag-latest-news","tag-latestnews","tag-news","tag-no","tag-noticias","tag-noticias-destacadas","tag-noticiasdestacadas","tag-semana","tag-spain","tag-titulares","tag-tregua","tag-ultimas-noticias","tag-ultimasnoticias"],"share_on_mastodon":{"url":"https:\/\/pubeurope.com\/@es\/116633599115768970","error":""},"_links":{"self":[{"href":"https:\/\/www.europesays.com\/es\/wp-json\/wp\/v2\/posts\/569224","targetHints":{"allow":["GET"]}}],"collection":[{"href":"https:\/\/www.europesays.com\/es\/wp-json\/wp\/v2\/posts"}],"about":[{"href":"https:\/\/www.europesays.com\/es\/wp-json\/wp\/v2\/types\/post"}],"author":[{"embeddable":true,"href":"https:\/\/www.europesays.com\/es\/wp-json\/wp\/v2\/users\/2"}],"replies":[{"embeddable":true,"href":"https:\/\/www.europesays.com\/es\/wp-json\/wp\/v2\/comments?post=569224"}],"version-history":[{"count":0,"href":"https:\/\/www.europesays.com\/es\/wp-json\/wp\/v2\/posts\/569224\/revisions"}],"wp:featuredmedia":[{"embeddable":true,"href":"https:\/\/www.europesays.com\/es\/wp-json\/wp\/v2\/media\/569225"}],"wp:attachment":[{"href":"https:\/\/www.europesays.com\/es\/wp-json\/wp\/v2\/media?parent=569224"}],"wp:term":[{"taxonomy":"category","embeddable":true,"href":"https:\/\/www.europesays.com\/es\/wp-json\/wp\/v2\/categories?post=569224"},{"taxonomy":"post_tag","embeddable":true,"href":"https:\/\/www.europesays.com\/es\/wp-json\/wp\/v2\/tags?post=569224"}],"curies":[{"name":"wp","href":"https:\/\/api.w.org\/{rel}","templated":true}]}}