{"id":569367,"date":"2026-05-25T07:46:21","date_gmt":"2026-05-25T07:46:21","guid":{"rendered":"https:\/\/www.europesays.com\/es\/569367\/"},"modified":"2026-05-25T07:46:21","modified_gmt":"2026-05-25T07:46:21","slug":"patti-smith-la-leyenda-del-rock-y-la-poesia-que-recibira-el-princesa-de-asturias-libertad-digital","status":"publish","type":"post","link":"https:\/\/www.europesays.com\/es\/569367\/","title":{"rendered":"Patti Smith, la leyenda del rock y la poes\u00eda que recibir\u00e1 el Princesa de Asturias &#8211; Libertad Digital"},"content":{"rendered":"<p>Se trata de una leyenda del rock de hace medio siglo. Desali\u00f1ada, de aspecto andr\u00f3gino, bohemia en Manhattan adonde lleg\u00f3 desde su Chicago natal en busca de aventuras, sin saber exactamente cu\u00e1l ser\u00eda su inmediato futuro. Porque ya la infancia y adolescencia de <strong>Patti Smith <\/strong>no fueron precisamente un para\u00edso.<\/p>\n<p>Hija de unos padres seguidores de los testigos de Jehov\u00e1, se despert\u00f3 en ella a los ocho a\u00f1os una afici\u00f3n a la poes\u00eda, toda vez que, \u00e1vida, ley\u00f3 un libro que le regal\u00f3 su madre, Canciones de inocencia y experiencia. No puede asegurarse que tuviera una infancia rebelde, en un hogar de clase media obrera.<\/p>\n<p>A los diecis\u00e9is a\u00f1os descubri\u00f3 a <strong>Arthur Rimbaud<\/strong>. Y de los poemas de este pas\u00f3 a la escucha de las canciones de <strong>Bob Dylan<\/strong>, en un disco que tambi\u00e9n le regal\u00f3 su madre: como ven, quien m\u00e1s alentaba a Patti en cuanto a su educaci\u00f3n. Pues tras Rimbaud qued\u00f3 entusiasmada con la poes\u00eda de Verlaine y Baudelaire.<\/p>\n<p>Patti estudiaba en la universidad cuando la expulsaron a sus diecinueve a\u00f1os: se hab\u00eda quedado embarazada. El ni\u00f1o que tuvo lo cedi\u00f3 a una instituci\u00f3n que se hac\u00eda cargo en esas circunstancias.<\/p>\n<p>En Chicago no encontraba el lugar adecuado para desarrollar lo que ambicionaba en su mente repleta de fantas\u00edas, y recal\u00f3 en Nueva York en 1967. Busc\u00f3 en Manhattan el sitio ideal para adentrarse en la bohemia de entonces. Y para ir tirando y no mendigar, hubo de trabajar en una sucia f\u00e1brica, luego en una librer\u00eda encargada de la caja registradora. Poco a poco, se fue relacionando con aquella multitudinaria movida, mientras no dejaba de pintar y escribir. Trat\u00f3 de introducirse en ambientes donde se practicaba el R&amp;B.<\/p>\n<p><a class=\"fancybox\" href=\"https:\/\/s1.staticld.com\/\/2022\/10\/28\/patti-smith-2.jpg\" rel=\"nofollow noreferrer noopener\" target=\"_blank\"><img class=\"l\" data-  style=\"aspect-ratio: 2560 \/ 1709\" alt=\"patti-smith-2.jpg\"\/><\/a><br \/>\n<strong>El hotel de intelectuales y rockeros<\/strong><\/p>\n<p>Viv\u00eda <strong>Patti Smith <\/strong>en el Hotel Chelsea, donde tambi\u00e9n estaban Allen Ginsberg, Dylan Thomas, Leonard Cohen, Bob Dylan, Keith Richards, Janis Joplin, Jimi Hendrix&#8230; Estaba en su salsa. \u00abYo llegu\u00e9 al rock and roll por razones pol\u00edticas; quer\u00eda ser como uno de esos h\u00e9roes de la revoluci\u00f3n norteamericana\u00bb. Con Sam Shepard colabor\u00f3 en la autor\u00eda de una obra teatral, Cowboy Mouth.<\/p>\n<p>Transcurr\u00eda 1967 y una de las primeras personas con las que Patti Smith intim\u00f3 fue el fot\u00f3grafo <strong>Robert Mapplethorpe<\/strong>, que era entonces muy activo en su profesi\u00f3n, donde estaba muy acreditado. Decidieron vivir juntos. La ayud\u00f3 en sus primeros contactos con el mundillo musical y hasta le pag\u00f3 la grabaci\u00f3n de su primer disco de dos canciones. En 1971 dio su primer concierto en una iglesia. Los pensamientos religiosos centrar\u00edan una parte de su producci\u00f3n musical. Por ejemplo, en Gloria, donde dec\u00eda: \u00abDios muri\u00f3 por los pecados de alguien \/ pero no por los m\u00edos\u00bb. No era en ella algo nuevo pues en su infancia ya se preguntaba por la existencia divina.<\/p>\n<p>A Patti le interesaba tambi\u00e9n publicar un libro. Fechado en 1972 fue Seventh Heaven. Colabor\u00f3 en varias revistas rockeras. Comenz\u00f3 a leer a Paul Bowles, a Jean Genet.<\/p>\n<p><strong>\u00abHorses\u00bb fue su despliegue<\/strong><\/p>\n<p>Con aquellas lecturas de escritores y sobre todo poetas franceses, <strong>Patti emprendi\u00f3 viaje a Par\u00eds<\/strong>, que la deslumbr\u00f3. Y una de las primeras visitas que hizo fue al cementerio de P\u00e8re Lachaise, en donde desde tiempo inmemorial est\u00e1n enterrados grandes nombres de la literatura y el arte. A Patti le interesaba estar ante las tumbas de Arthur Rimbaud y Jim Morrison.<\/p>\n<p>Por esa \u00e9poca form\u00f3 el Patti Smith Group. Y en 1975 dio a conocer Horses, reconocida como su canci\u00f3n m\u00e1s emblem\u00e1tica, disco que le produjo John Cale, donde evocaba el amor, el sexo, la vida, con el br\u00edo de una amazona subida a un caballo.<\/p>\n<p>M\u00e1s o menos en esos a\u00f1os tambi\u00e9n viaj\u00f3 por vez primera a Espa\u00f1a; pase\u00f3 por las Ramblas barcelonesas, estuvo en Badalona. Y comenzar\u00eda su idilio con nuestra cultura de la que le atra\u00eda fundamentalmente la poes\u00eda de <strong>Federico Garc\u00eda Lorca. <\/strong>Cuando le fue posible estuvo en Granada y se acerc\u00f3 a lugares lorquianos, como la Huerta de San Vicente, lugar de vacaciones de la familia del poeta de Fuentevaqueros.<\/p>\n<p>A lo largo de los a\u00f1os fueron varias sus estancias en nuestro pa\u00eds, la \u00faltima para actuar en el Teatro Real de Madrid, cuando el pasado 2025 se cumpl\u00eda el cincuentenario de Horses.<\/p>\n<p><a class=\"fancybox\" href=\"https:\/\/s1.staticld.com\/\/fotos\/noticias\/patty-smith.jpg\" rel=\"nofollow noreferrer noopener\" target=\"_blank\"><img class=\"l\" data-  style=\"aspect-ratio: 3 \/ 2\" alt=\"patty-smith.jpg\"\/><\/a><br \/>\n<strong>\u00abTodo lo que he hecho ha sido por la poes\u00eda\u00bb<\/strong><\/p>\n<p>A Patti Smith hay que situarla en una generaci\u00f3n a la que pertenecen Bob Dylan, Lou Reed y tambi\u00e9n, entre muchos otros, Bruce Springsteen. Con ella se quebr\u00f3 aquel t\u00f3pico de que las mujeres no pod\u00edan ser nunca estrellas del rock.<\/p>\n<p>Como escritora, <strong>Patti cultiv\u00f3 la poes\u00eda simbolista<\/strong>, y est\u00e1 incluida entre quienes formaron parte de la contracultura. William Burroughs y Allen Ginsberg, gur\u00fas de ese movimiento, eran sus amigos.<\/p>\n<p>Dotada de una poderosa imaginaci\u00f3n siempre ha presumido de tener ideas nuevas. Inconformista, transgresora, ha llevado una vida sin importarle nunca que la consideraran un \u00eddolo en el mundo del espect\u00e1culo. Recordamos esto dicho por ella: \u00ab<strong>Nunca so\u00f1\u00e9 con ser una estrella del rock<\/strong>. Y s\u00ed deseaba ser escritora, poeta o pintora. No pens\u00e9 en expresarme a trav\u00e9s del rock and roll salvo para bailar al ritmo de la m\u00fasica. En cualquier caso, todo lo que haya hecho ha sido a trav\u00e9s de la poes\u00eda\u00bb.<\/p>\n<p>Le han preocupado siempre problemas de la gente necesitada de ayuda. Protest\u00f3 muchas veces en las marchas en pro de los derechos civiles, en defensa de la democracia, en contra de cualquier guerra, y m\u00e1s ahora, cuando son varios los conflictos b\u00e9licos que asolan el mundo.<\/p>\n<p>En sus canciones, siempre las vincula con la <strong>naturaleza, la muerte y la fe<\/strong>. No piensa que las que pueda componer en adelante tengan que ver con la IA, creyendo que donde debe utilizarse es en medicina.<\/p>\n<p>Escribi\u00f3 su autobiograf\u00eda, Pan de \u00e1ngeles, uno de sus veinte libros publicados, casi todos de poes\u00eda. Once son sus \u00e1lbumes de estudio. Cuando muri\u00f3 su marido, el guitarrista de MC5 Fred Sonic Smith, a causa de un infarto, a los cuarenta y seis a\u00f1os, se derrumb\u00f3 y estuvo dieciocho a\u00f1os retirada, al cuidado de sus hijos. Sus amigos acudieron en su ayuda y Springsteen le cedi\u00f3 varias composiciones para que reapareciera. No era la primera vez que lo hac\u00eda: recordamos un d\u00fao de la pareja, grabado en 1978, Because the Night. Dos a\u00f1os m\u00e1s tarde es cuando se cas\u00f3, retir\u00e1ndose a Detroit.<\/p>\n<p>Pero cantar era parte de su vida y acept\u00f3 irse de gira con Bob Dylan, que la apreciaba mucho.<\/p>\n<p>Cuando va a cumplir ochenta a\u00f1os, ha dicho que este premio que recibir\u00e1 en Oviedo de manos de la princesa Leonor el pr\u00f3ximo 23 de octubre le proporciona una gran energ\u00eda, despu\u00e9s de tanto tiempo de trabajo. Ha tenido la cortes\u00eda de escribirle una carta a la primog\u00e9nita de nuestros Reyes agradeci\u00e9ndole el galard\u00f3n con muy bonitas palabras.<\/p>\n<p>\u00abCreo que me queda un disco por grabar, el \u00faltimo fue en 2012, Banga\u00bb.No le falta ilusi\u00f3n todav\u00eda a esta creadora de tantas canciones po\u00e9ticas, aunque tambi\u00e9n hizo otras totalmente en direcci\u00f3n opuesta, como fueron las de los tiempos del punk. Todo un personaje.<\/p>\n","protected":false},"excerpt":{"rendered":"Se trata de una leyenda del rock de hace medio siglo. Desali\u00f1ada, de aspecto andr\u00f3gino, bohemia en Manhattan&hellip;\n","protected":false},"author":2,"featured_media":569368,"comment_status":"","ping_status":"","sticky":false,"template":"","format":"standard","meta":{"footnotes":""},"categories":[170],"tags":[109117,15349,146,147,25,24,3616,184,185,15528,34665,109118,23],"class_list":["post-569367","post","type-post","status-publish","format-standard","has-post-thumbnail","category-musica","tag-arthur-rimbaud","tag-bob-dylan","tag-entertainment","tag-entretenimiento","tag-es","tag-espana","tag-federico-garcia-lorca","tag-music","tag-musica","tag-patti-smith","tag-premios-princesa-de-asturias","tag-robert-mapplethorpe","tag-spain"],"share_on_mastodon":{"url":"https:\/\/pubeurope.com\/@es\/116634110437863830","error":""},"_links":{"self":[{"href":"https:\/\/www.europesays.com\/es\/wp-json\/wp\/v2\/posts\/569367","targetHints":{"allow":["GET"]}}],"collection":[{"href":"https:\/\/www.europesays.com\/es\/wp-json\/wp\/v2\/posts"}],"about":[{"href":"https:\/\/www.europesays.com\/es\/wp-json\/wp\/v2\/types\/post"}],"author":[{"embeddable":true,"href":"https:\/\/www.europesays.com\/es\/wp-json\/wp\/v2\/users\/2"}],"replies":[{"embeddable":true,"href":"https:\/\/www.europesays.com\/es\/wp-json\/wp\/v2\/comments?post=569367"}],"version-history":[{"count":0,"href":"https:\/\/www.europesays.com\/es\/wp-json\/wp\/v2\/posts\/569367\/revisions"}],"wp:featuredmedia":[{"embeddable":true,"href":"https:\/\/www.europesays.com\/es\/wp-json\/wp\/v2\/media\/569368"}],"wp:attachment":[{"href":"https:\/\/www.europesays.com\/es\/wp-json\/wp\/v2\/media?parent=569367"}],"wp:term":[{"taxonomy":"category","embeddable":true,"href":"https:\/\/www.europesays.com\/es\/wp-json\/wp\/v2\/categories?post=569367"},{"taxonomy":"post_tag","embeddable":true,"href":"https:\/\/www.europesays.com\/es\/wp-json\/wp\/v2\/tags?post=569367"}],"curies":[{"name":"wp","href":"https:\/\/api.w.org\/{rel}","templated":true}]}}