{"id":569501,"date":"2026-05-25T09:23:51","date_gmt":"2026-05-25T09:23:51","guid":{"rendered":"https:\/\/www.europesays.com\/es\/569501\/"},"modified":"2026-05-25T09:23:51","modified_gmt":"2026-05-25T09:23:51","slug":"la-gran-alegria-de-daniela-hija-de-luis-figo-y-helen-svedin-se-gradua-en-medicina-con-una-preciosa-declaracion-de-beltran-lozano","status":"publish","type":"post","link":"https:\/\/www.europesays.com\/es\/569501\/","title":{"rendered":"La gran alegr\u00eda de Daniela, hija de Luis Figo y Helen Svedin: se grad\u00faa en Medicina con una preciosa declaraci\u00f3n de Beltr\u00e1n Lozano"},"content":{"rendered":"<p id=\"e9sOZODd3o\" data-wc=\"130\">Mayo es un mes cargado de celebraciones, pero m\u00e1s all\u00e1 de las bodas, los bautizos y las comuniones que tanto protagonismo tienen en redes sociales de estas semanas, las graduaciones tambi\u00e9n merecen su momento de gloria. Eso es, precisamente, lo que ha pasado en la familia de Lu\u00eds Figo. <a class=\"hm-link ho-link\" href=\"https:\/\/www.hola.com\/moda\/20220119308301\/daniela-svedin-figo-entrevista-familia-estudios\/\" rel=\"noopener nofollow\" target=\"_blank\" data-mrf-recirculation=\"article-body-link\">El exfutbolista portugu\u00e9s y su mujer, Helen Svedin, se han desplazado al norte de Espa\u00f1a para estar junto a su hija Daniela, que se acaba de graduar de Medicina en la Universidad de Navarra<\/a>. Sin duda, ha sido una jornada inolvidable para ellos, y as\u00ed lo han querido demostrar con las im\u00e1genes que han compartido. <strong>\u00ab\u00a1Bien hecho, Daniela! Tu duro trabajo ha dado sus frutos\u00bb<\/strong>, ha expresado la modelo, que no ha podido ocultar el orgullo que siente por su hija.<\/p>\n<p> <img src=\"https:\/\/www.europesays.com\/es\/wp-content\/uploads\/2026\/05\/c011293a1c40-snapinstato704914427185908295230556904154604310215048890n.jpg\"   width=\"576\" height=\"1024\" loading=\"lazy\" decoding=\"async\" alt=\"Daniela, con su banda de graduaci\u00f3n\" fetchpriority=\"auto\" class=\"image ho-image\"\/>\u00a9 helenesvedinfigoDaniela, con su banda de graduaci\u00f3n<\/p>\n<p> <img src=\"https:\/\/www.europesays.com\/es\/wp-content\/uploads\/2026\/05\/3489a4509001-snapinstato706457122185908243930556905059000533310349403n.jpg\"   width=\"576\" height=\"1024\" loading=\"lazy\" decoding=\"async\" alt=\"Lu\u00eds Figo y Helene Svedin, en la graduaci\u00f3n de su hija Daniela\" fetchpriority=\"auto\" class=\"image ho-image\"\/>\u00a9 helenesvedinfigoLu\u00eds Figo y Helene Svedin, en la graduaci\u00f3n de su hija Daniela<\/p>\n<p> <img src=\"https:\/\/www.europesays.com\/es\/wp-content\/uploads\/2026\/05\/0e116bda6848-snapinstato687762706185909654020126158231191972311031620n.jpg\"   width=\"576\" height=\"1024\" loading=\"lazy\" decoding=\"async\" alt=\"Helene Svedin junto a su hija Daniela tras graduarse en Medicina en la Universidad de Navarra\" fetchpriority=\"auto\" class=\"image ho-image\"\/>\u00a9 beltranlozanoHelene Svedin junto a su hija Daniela tras graduarse en Medicina en la Universidad de Navarra<\/p>\n<p id=\"ezMI9sPS1Ba\" data-wc=\"90\">Junto a ellos tambi\u00e9n ha estado <strong>Beltr\u00e1n Lozano, su pareja desde 2021<\/strong> <a class=\"hm-link ho-link\" href=\"https:\/\/www.hola.com\/actualidad\/20220801335337\/daniela-figo-beltran-lozano-romanticas-imagenes-cadiz\/\" rel=\"noopener nofollow\" target=\"_blank\" data-mrf-recirculation=\"article-body-link\">-cuando \u00a1HOLA!\u00a0pill\u00f3 a la hija del deportista y al modelo y primo de Felipe VI esquiando en Baqueira Beret-<\/a>, que no ha dudado en mostrar el orgullo que siente hacia su chica en esta jornada tan especial y formativa de su futuro. En varios v\u00eddeos compartidos, Beltr\u00e1n ha expresado todo su cari\u00f1o hacia ella:<strong>\u00a0\u00abHoy es un d\u00eda muy especial, del que me siento profundamente orgulloso de una persona a la que admiro mucho\u00bb<\/strong>, ha comenzado diciendo.\u00a0<\/p>\n<p> <img src=\"https:\/\/www.europesays.com\/es\/wp-content\/uploads\/2026\/05\/9d4d9c85b6da-snapinstato703907203185909642500126151648087874077136584n-1.jpg\"   width=\"576\" height=\"1024\" loading=\"lazy\" decoding=\"async\" alt=\"Daniela y Beltr\u00e1n, en Navarra tras graduarse ella en Medicina\" fetchpriority=\"auto\" class=\"image ho-image\"\/>\u00a9 beltranlozanoDaniela y Beltr\u00e1n, en Navarra tras graduarse ella en Medicina<\/p>\n<p> <img src=\"https:\/\/www.europesays.com\/es\/wp-content\/uploads\/2026\/05\/ea1d5695be01-whatsapp-image-2026-05-24-at-100139-1.jpg\"   width=\"663\" height=\"1024\" loading=\"lazy\" decoding=\"async\" alt=\"Helene no puede ocultar el orgullo de ver a su hija Daniela graduarse\" fetchpriority=\"auto\" class=\"image ho-image\"\/>\u00a9 helenesvedinfigoHelene no puede ocultar el orgullo de ver a su hija Daniela graduarse<\/p>\n<p id=\"eW8SGCsWpba\" data-wc=\"108\"><strong>\u00abDOCTORA. Lo has conseguido y nunca tuve dudas de que lo conseguir\u00edas. Hoy has cumplido tu sue\u00f1o, te admiro y te admirar\u00e9 siempre\u00bb<\/strong>, ha continuado Beltr\u00e1n, que ha sacado todo su romanticismo de la chistera para acompa\u00f1ar a Daniela en esta jornada id\u00edlica y que tanto ha esfuerzo ha necesitado tras seis a\u00f1os de estudios. Pero ah\u00ed no ha quedado todo, su pareja tambi\u00e9n ha subido una imagen con una frase que, sin duda, dedica a la hija del deportista: \u00abOrgulloso de ti hoy, orgulloso de ti ma\u00f1ana, orgulloso de ti cada d\u00eda, porque eres una de las personas m\u00e1s fuertes con el coraz\u00f3n m\u00e1s bonito que existe\u00bb.\u00a0<\/p>\n<p> <img src=\"https:\/\/www.europesays.com\/es\/wp-content\/uploads\/2026\/05\/f1f951c593a6-whatsapp-image-2026-05-24-at-100139.jpg\"   width=\"652\" height=\"1024\" loading=\"lazy\" decoding=\"async\" alt=\"Daniela, en el momento en el que recibe su banda de graduaci\u00f3n\" fetchpriority=\"auto\" class=\"image ho-image\"\/>\u00a9 helenesvedinfigoDaniela, en el momento en el que recibe su banda de graduaci\u00f3n<\/p>\n<p id=\"e08mqrJdNx\" data-wc=\"123\"><a class=\"hm-link ho-link\" href=\"https:\/\/www.hola.com\/moda\/20220119308301\/daniela-svedin-figo-entrevista-familia-estudios\/\" rel=\"noopener nofollow\" target=\"_blank\" data-mrf-recirculation=\"article-body-link\">En una entrevista con \u00a1HOLA!, la hija de Figo y Svedin habl\u00f3 sobre la predilecci\u00f3n que hab\u00eda mostrado siempre por los estudios asociados a la rama cient\u00edfica<\/a>: \u00abEn el colegio siempre he sido m\u00e1s de ciencias que de letras. <strong>Cuando estuve estudiando Biomedicina, en Inglaterra, tuve experiencias en sectores relacionados m\u00e1s con la Medicina y me di cuenta de que eso era lo que quer\u00eda hacer<\/strong>. As\u00ed que, al acabar la carrera, decid\u00ed empezar a estudiar Medicina en Espa\u00f1a\u00bb, cont\u00f3 hace unos a\u00f1os. Ahondando m\u00e1s a\u00fan en su futuro, Daniela admiti\u00f3: \u00abA\u00fan no tengo claro qu\u00e9 especialidad escoger, estoy en el momento en el que me fascina todo. <strong>Pero, dentro de las diferentes especialidades, la cirug\u00eda es algo que siempre me ha encantado<\/strong>\u00ab.<\/p>\n<p> <img src=\"https:\/\/www.europesays.com\/es\/wp-content\/uploads\/2026\/05\/fa0775710466-snapinstato703455499185908392520556902076599184539640418n.jpg\"   width=\"576\" height=\"1024\" loading=\"lazy\" decoding=\"async\" alt=\"Daniela, hija de Figo, se grad\u00faa\" fetchpriority=\"auto\" class=\"image ho-image\"\/>\u00a9 helenesvedinfigoDaniela, hija de Figo, se grad\u00faa<\/p>\n<p id=\"eJDR6gNiLkQ\" data-wc=\"105\">En esa misma entrevista, Daniela hablaba de su infancia con padres famosos&#8230; y sobre a qui\u00e9n cre\u00eda que se parece m\u00e1s. \u00abPara m\u00ed ambos son mi modelo a seguir. Me han ense\u00f1ado todo y siempre les estar\u00e9 muy agradecida por ayudarme a ser la persona que soy a d\u00eda de hoy\u00bb, contaba. \u00abSiento que, en muchos aspectos, pienso como mi madre, y hay cosas que ella me sol\u00eda decir, y que antes no entend\u00eda, que ahora hago.<strong>\u00a0El ser constante y la fe en el esfuerzo para alcanzar una meta nos lo ha inculcado mucho mi padre<\/strong>. <strong>Creo que me parezco a los dos<\/strong>\u00ab, admit\u00eda.\u00a0<\/p>\n<p> <img src=\"https:\/\/www.europesays.com\/es\/wp-content\/uploads\/2026\/05\/17d59e14be9a-dlu520365027.jpg\"   width=\"682\" height=\"1024\" loading=\"lazy\" decoding=\"async\" alt=\"Model Helen Svedin and Daniela Figo Svedin and Martina Figo Svedin attending Rabat event in Madrid on Wednesday, 19 October 2022.\" fetchpriority=\"auto\" class=\"image ho-image\"\/>\u00a9 GTRESHelene, con sus hijas Daniela y Martina Figo<\/p>\n<p id=\"eZ6oDvpRaDgk\" data-wc=\"85\">Adem\u00e1s de hablar de la importancia de la familia, hay otro aspecto que es intr\u00ednseco a la personalidad de Daniela, el deporte. \u00abPara m\u00ed es fundamental mantenerse activos. Aunque tenga unos horarios muy justos por el tema de estudios, siempre intento entrenar, porque me parece una forma muy sana y f\u00e1cil de desconectar\u00bb, cont\u00f3. A partir de ahora, la hija del exfutbolista y de la modelo entra en una nueva etapa vital en la que abandona la Universidad para enfrentarse a sus primeros retos profesionales.<\/p>\n","protected":false},"excerpt":{"rendered":"Mayo es un mes cargado de celebraciones, pero m\u00e1s all\u00e1 de las bodas, los bautizos y las comuniones&hellip;\n","protected":false},"author":2,"featured_media":569502,"comment_status":"","ping_status":"","sticky":false,"template":"","format":"standard","meta":{"footnotes":""},"categories":[91],"tags":[517,74804,146,147,25,24,16434,16435,23],"class_list":["post-569501","post","type-post","status-publish","format-standard","has-post-thumbnail","category-entretenimiento","tag-actualidad","tag-daniela-figo","tag-entertainment","tag-entretenimiento","tag-es","tag-espana","tag-helen-svedin","tag-luis-figo","tag-spain"],"share_on_mastodon":{"url":"https:\/\/pubeurope.com\/@es\/116634496043272750","error":""},"_links":{"self":[{"href":"https:\/\/www.europesays.com\/es\/wp-json\/wp\/v2\/posts\/569501","targetHints":{"allow":["GET"]}}],"collection":[{"href":"https:\/\/www.europesays.com\/es\/wp-json\/wp\/v2\/posts"}],"about":[{"href":"https:\/\/www.europesays.com\/es\/wp-json\/wp\/v2\/types\/post"}],"author":[{"embeddable":true,"href":"https:\/\/www.europesays.com\/es\/wp-json\/wp\/v2\/users\/2"}],"replies":[{"embeddable":true,"href":"https:\/\/www.europesays.com\/es\/wp-json\/wp\/v2\/comments?post=569501"}],"version-history":[{"count":0,"href":"https:\/\/www.europesays.com\/es\/wp-json\/wp\/v2\/posts\/569501\/revisions"}],"wp:featuredmedia":[{"embeddable":true,"href":"https:\/\/www.europesays.com\/es\/wp-json\/wp\/v2\/media\/569502"}],"wp:attachment":[{"href":"https:\/\/www.europesays.com\/es\/wp-json\/wp\/v2\/media?parent=569501"}],"wp:term":[{"taxonomy":"category","embeddable":true,"href":"https:\/\/www.europesays.com\/es\/wp-json\/wp\/v2\/categories?post=569501"},{"taxonomy":"post_tag","embeddable":true,"href":"https:\/\/www.europesays.com\/es\/wp-json\/wp\/v2\/tags?post=569501"}],"curies":[{"name":"wp","href":"https:\/\/api.w.org\/{rel}","templated":true}]}}