{"id":569737,"date":"2026-05-25T12:08:26","date_gmt":"2026-05-25T12:08:26","guid":{"rendered":"https:\/\/www.europesays.com\/es\/569737\/"},"modified":"2026-05-25T12:08:26","modified_gmt":"2026-05-25T12:08:26","slug":"el-padre-de-los-ninos-franceses-abandonados-en-portugal-rompe-su-silencio","status":"publish","type":"post","link":"https:\/\/www.europesays.com\/es\/569737\/","title":{"rendered":"El padre de los ni\u00f1os franceses abandonados en Portugal rompe su silencio"},"content":{"rendered":"<p>El padre de los <a href=\"https:\/\/es.euronews.com\/2026\/05\/22\/que-se-sabe-del-caso-de-los-ninos-abandonados-en-portugal-y-francia\" rel=\"nofollow noopener\" target=\"_blank\">dos ni\u00f1os franceses abandonados<\/a> en Alc\u00e1cer do Sal<a href=\"https:\/\/es.euronews.com\/2026\/05\/22\/que-se-sabe-del-caso-de-los-ninos-abandonados-en-portugal-y-francia\" rel=\"nofollow noopener\" target=\"_blank\"> <\/a>por su madre, de 41 a\u00f1os, y por la pareja de esta, de 55 a\u00f1os, <strong>ha roto su silencio<\/strong> y ha revelado que espera la autorizaci\u00f3n de las autoridades para reunirse con sus hijos.<\/p>\n<p>          <img decoding=\"async\" class=\"c-ad__placeholder__logo\" src=\"https:\/\/static.euronews.com\/website\/images\/logos\/logo-euronews-stacked-outlined-72x72-grey-9.svg\" width=\"72\" height=\"72\" alt=\"\" loading=\"lazy\"\/><br \/>\n          PUBLICIDAD<\/p>\n<p>          <img decoding=\"async\" class=\"c-ad__placeholder__logo\" src=\"https:\/\/static.euronews.com\/website\/images\/logos\/logo-euronews-stacked-outlined-72x72-grey-9.svg\" width=\"72\" height=\"72\" alt=\"\" loading=\"lazy\"\/><br \/>\n          PUBLICIDAD<\/p>\n<p>En declaraciones al <a href=\"https:\/\/www.lalsace.fr\/faits-divers-justice\/2026\/05\/24\/le-pere-des-enfants-abandonnes-au-portugal-je-pense-a-eux-toutes-les-secondes\" target=\"_blank\" rel=\"noreferrer nofollow noopener\">canal franc\u00e9s &#8216;Ici Alsace TV&#8217;<\/a>, el hombre, que ha pedido <strong>mantener el anonimato<\/strong>, explic\u00f3 que tiene el tel\u00e9fono siempre a su lado, d\u00eda y noche, a la espera de la llamada de las autoridades. <\/p>\n<p>\u00abSolo es cuesti\u00f3n de d\u00edas para recuperar a mis hijos. <strong>Pienso en ellos cada segundo<\/strong> desde que la comisar\u00eda de Colmar se puso en contacto conmigo para comunicarme su desaparici\u00f3n\u00bb, escribi\u00f3 el padre de los ni\u00f1os, de 4 y 5 a\u00f1os, abandonados en el sur de Portugal el 19 de mayo, en un correo electr\u00f3nico enviado a &#8216;Ici Alsace TV&#8217;.<\/p>\n<p>El viernes, el presidente de la Comarca de Set\u00fabal, Ant\u00f3nio Jos\u00e9 Fialho, aclar\u00f3 en un comunicado que \u00ablos ni\u00f1os <strong>resid\u00edan con la madre en Francia<\/strong> y que los progenitores est\u00e1n separados, disponiendo el padre de un derecho de visita limitado y supervisado\u00bb.<\/p>\n<p>En la declaraci\u00f3n enviada y difundida por &#8216;Ici Alsace TV&#8217;, el padre de los menores pide tambi\u00e9n contenci\u00f3n ante la <a href=\"https:\/\/es.euronews.com\/my-europe\/2026\/05\/21\/dos-ninos-aparecen-en-estado-de-panico-en-portugal-tras-un-posible-abandono-por-sus-padres\" rel=\"nofollow noopener\" target=\"_blank\">atenci\u00f3n medi\u00e1tica<\/a> que ha generado el caso.<\/p>\n<p>\u00abMis hijos tendr\u00e1n que <strong>reconstruir sus vidas<\/strong> como yo reconstru\u00ed la m\u00eda y no necesitan que se les recuerde esta tragedia. No intento defender ni minimizar los actos cometidos. Los hechos siguen siendo graves y profundamente chocantes. Me niego a a\u00f1adir discursos de odio, insultos o etiquetas que busquen deshumanizar a una persona, aun cuando se la considere culpable\u00bb, se\u00f1al\u00f3, en un momento en que la madre de los ni\u00f1os y su pareja se encuentran <a href=\"https:\/\/es.euronews.com\/my-europe\/2026\/05\/23\/prision-preventiva-pareja-francesa-abandono-hijos-portugal\" rel=\"nofollow noopener\" target=\"_blank\">en prisi\u00f3n preventiva<\/a> en Portugal.<\/p>\n<p>El padre de los menores concluye su declaraci\u00f3n al canal franc\u00e9s afirmando que solo volver\u00e1 a pronunciarse cuando \u00abse reencuentre\u00bb con sus hijos.<\/p>\n<p>El s\u00e1bado, el Tribunal Judicial de Set\u00fabal decret\u00f3 prisi\u00f3n preventiva para la mujer de 41 a\u00f1os y el hombre de 55, sospechosos de haber abandonado a dos hermanos menores franceses <strong>junto a una carretera<\/strong> en la zona de Alc\u00e1cer do Sal, en el distrito de Set\u00fabal.<\/p>\n<p>La acusada Marine Rousseau cumplir\u00e1 la prisi\u00f3n preventiva en el Establecimiento Penitenciario de Tires, en la fregues\u00eda de S\u00e3o Domingos de Rana, en el municipio de <strong>Cascais<\/strong>, distrito de Lisboa. Su pareja, Marc Ballabriga, tambi\u00e9n acusado, fue trasladado al Establecimiento Penitenciario de Set\u00fabal para cumplir la prisi\u00f3n preventiva, pero tuvo que ser trasladado finalmente a <strong>Lisboa<\/strong> debido a problemas de sobreocupaci\u00f3n.<\/p>\n<p>Mientras tanto, las autoridades francesas <strong>ya han solicitado el retorno de los dos ni\u00f1os<\/strong> encontrados en situaci\u00f3n de abandono.<\/p>\n<p>El pasado martes, en torno a las 19:00, los dos hermanos, de nacionalidad francesa, fueron encontrados solos por un vecino que los vio deambulando junto a la carretera nacional 253 (EN253), en la zona de Monte Novo do Sul, entre Comporta y Alc\u00e1cer do Sal, en el distrito de Set\u00fabal.<\/p>\n<p>La madre y su pareja, sospechosos de haber abandonado a los ni\u00f1os en ese lugar, fueron detenidos por la GNR el pasado jueves, cuando se encontraban en la terraza de un caf\u00e9 situado en las inmediaciones de la ciudad de F\u00e1tima, en el municipio de Our\u00e9m, distrito de Santar\u00e9m.<\/p>\n","protected":false},"excerpt":{"rendered":"El padre de los dos ni\u00f1os franceses abandonados en Alc\u00e1cer do Sal por su madre, de 41 a\u00f1os,&hellip;\n","protected":false},"author":2,"featured_media":569738,"comment_status":"","ping_status":"","sticky":false,"template":"","format":"standard","meta":{"footnotes":""},"categories":[42],"tags":[17,18,4652,13,14,317,11,61,62,63,64,19,20,9,2932,10,15,16,1462,12,21,22,65,66,67],"class_list":["post-569737","post","type-post","status-publish","format-standard","has-post-thumbnail","category-internacional","tag-breaking-news","tag-breakingnews","tag-delito","tag-featured-news","tag-featurednews","tag-francia","tag-headlines","tag-internacional","tag-international","tag-international-news","tag-internationalnews","tag-latest-news","tag-latestnews","tag-news","tag-ninos","tag-noticias","tag-noticias-destacadas","tag-noticiasdestacadas","tag-portugal","tag-titulares","tag-ultimas-noticias","tag-ultimasnoticias","tag-world","tag-world-news","tag-worldnews"],"share_on_mastodon":{"url":"https:\/\/pubeurope.com\/@es\/116635140633703486","error":""},"_links":{"self":[{"href":"https:\/\/www.europesays.com\/es\/wp-json\/wp\/v2\/posts\/569737","targetHints":{"allow":["GET"]}}],"collection":[{"href":"https:\/\/www.europesays.com\/es\/wp-json\/wp\/v2\/posts"}],"about":[{"href":"https:\/\/www.europesays.com\/es\/wp-json\/wp\/v2\/types\/post"}],"author":[{"embeddable":true,"href":"https:\/\/www.europesays.com\/es\/wp-json\/wp\/v2\/users\/2"}],"replies":[{"embeddable":true,"href":"https:\/\/www.europesays.com\/es\/wp-json\/wp\/v2\/comments?post=569737"}],"version-history":[{"count":0,"href":"https:\/\/www.europesays.com\/es\/wp-json\/wp\/v2\/posts\/569737\/revisions"}],"wp:featuredmedia":[{"embeddable":true,"href":"https:\/\/www.europesays.com\/es\/wp-json\/wp\/v2\/media\/569738"}],"wp:attachment":[{"href":"https:\/\/www.europesays.com\/es\/wp-json\/wp\/v2\/media?parent=569737"}],"wp:term":[{"taxonomy":"category","embeddable":true,"href":"https:\/\/www.europesays.com\/es\/wp-json\/wp\/v2\/categories?post=569737"},{"taxonomy":"post_tag","embeddable":true,"href":"https:\/\/www.europesays.com\/es\/wp-json\/wp\/v2\/tags?post=569737"}],"curies":[{"name":"wp","href":"https:\/\/api.w.org\/{rel}","templated":true}]}}