{"id":56991,"date":"2025-08-19T03:22:10","date_gmt":"2025-08-19T03:22:10","guid":{"rendered":"https:\/\/www.europesays.com\/es\/56991\/"},"modified":"2025-08-19T03:22:10","modified_gmt":"2025-08-19T03:22:10","slug":"salterio-zanfona-rabel-y-laud-los-instrumentos-medievales-siguen-vivos-cultura","status":"publish","type":"post","link":"https:\/\/www.europesays.com\/es\/56991\/","title":{"rendered":"Salterio, zanfona, rabel y la\u00fad: los instrumentos medievales siguen vivos | Cultura"},"content":{"rendered":"<p class=\"\">Unas manos pulsan las cuerdas del salterio y surge de ellas su sonido minucioso y vibrante. Antes, otras manos cortaron y lijaron la madera que cierra su caja de resonancia, modelaron las clavijas y extendieron las hileras de cuerdas. El mundo de la m\u00fasica medieval es un mundo de m\u00fasicos y lutieres. Ambos se unen para dar vida a unos instrumentos que han tenido que aprender a construir y a tocar a partir del estudio de c\u00f3dices, o de pinturas y esculturas en iglesias. Algunos de los instrumentos son r\u00e9plicas de los que han quedado fijados por el arte; otros, una actualizaci\u00f3n que busca mejoras en el sonido e innovaciones t\u00e9cnicas. Salterios, zanfonas, rabeles y la\u00fades siguen vivos, y los festivales y ciclos dedicados a la m\u00fasica antigua crecen poco a poco. Como el <a href=\"https:\/\/elpais.com\/noticias\/jordi-savall\/\" target=\"_blank\" rel=\"noreferrer nofollow noopener\" title=\"https:\/\/elpais.com\/noticias\/jordi-savall\/\">Festival Jordi Savall<\/a>, en Tarragona; el Festival de M\u00fasica Antigua de Valencia, el Early Music Morella, el Festival de M\u00fasica Antigua de Granada, el M\u00fasica Antigua Xix\u00f3n y el Festival de M\u00fasica Antigua de los Pirineos. <\/p>\n<p>M\u00e1s informaci\u00f3n<\/p>\n<p class=\"\">\u201cCreo que el circuito de festivales es cada vez m\u00e1s amplio y que hay m\u00e1s inter\u00e9s por la <a href=\"https:\/\/elpais.com\/noticias\/musica-medieval\/\" target=\"_blank\" rel=\"noreferrer nofollow noopener\" title=\"https:\/\/elpais.com\/noticias\/musica-medieval\/\">m\u00fasica medieval<\/a>. Cuando nosotros empezamos, en los ochenta, eran contados con los dedos. Hab\u00eda muchos m\u00e1s en Holanda, en Francia, en Inglaterra. As\u00ed que es alentador el inter\u00e9s del p\u00fablico. Respecto a las instituciones, algunas apoyan este tipo de m\u00fasica. En otros casos te das contra una pared y no hay manera de hacer entender que debemos echar un poco la mirada hacia atr\u00e1s en el tiempo para buscar nuestras ra\u00edces\u00bb, dice Bego\u00f1a Olavide. Ella es una de las int\u00e9rpretes espa\u00f1olas m\u00e1s destacadas del salterio y ha colaborado con <a href=\"https:\/\/elpais.com\/espana\/catalunya\/2020-08-09\/jordi-savall-muestra-el-alma-comun-de-las-musicas-de-oriente-y-occidente.html\" target=\"_blank\" rel=\"noreferrer nofollow noopener\" title=\"https:\/\/elpais.com\/espana\/catalunya\/2020-08-09\/jordi-savall-muestra-el-alma-comun-de-las-musicas-de-oriente-y-occidente.html\">Hesp\u00e8rion XXI, grupo internacional creado por el violagambista y music\u00f3logo Jordi Savall<\/a>, referente en la interpretaci\u00f3n y recuperaci\u00f3n de la m\u00fasica antigua.<\/p>\n<p><img alt=\"La m\u00fasica Bego\u00f1a Olavide posa con varios salterios.\" decoding=\"auto\" class=\"_re lazyload a_m-h\" height=\"362\"  width=\"414\"  src=\"https:\/\/www.europesays.com\/es\/wp-content\/uploads\/2025\/08\/2NIJD64V3RHSLC6NOBYIRGRLBA.jpg\" loading=\"lazy\"\/>La m\u00fasica Bego\u00f1a Olavide posa con varios salterios.Thomas Canet<\/p>\n<p class=\"\">Olavide obtuvo el t\u00edtulo superior de flauta en el Conservatorio de M\u00fasica de Madrid, pero su carrera cambi\u00f3 cuando conoci\u00f3 al lutier Carlos Paniagua, que se convirti\u00f3 en su pareja, y empez\u00f3 a tocar el salterio. Con su trabajo conjunto en el taller de luter\u00eda que tienen en Moj\u00e1car (Almer\u00eda) as\u00ed como en ponencias\/concierto, difunden la importancia de la m\u00fasica medieval. \u201cCarlos estudi\u00f3 arquitectura y aplica esos conocimientos a la realizaci\u00f3n de instrumentos. Los construye todos a mano, incluso los rosetones, que muchos hacen ya con l\u00e1ser. Creo que eso les da un alma que desde luego yo siento, y que sienten muchos otros m\u00fasicos. Ahora hay m\u00e1s gente que se ha interesado por el salterio y que lo construye y lo toca, pero cuando nosotros empezamos, nadie lo hac\u00eda. Era un instrumento que no se conservaba en los museos, estaba completamente perdido. Se conservaba el salterio barroco, pero no el medieval. Eso ha supuesto una investigaci\u00f3n de a\u00f1os y a\u00f1os\u201d, cuenta. Con el salterio, Olavide interpreta extractos de obras medievales, como el C\u00f3dice Calixtino, las Cantigas de Amigo, de Mart\u00edn C\u00f3dax; y las Cantigas de Santa Mar\u00eda, de Alfonso X el Sabio. Tambi\u00e9n m\u00fasicas de la tradici\u00f3n oral de <a href=\"https:\/\/elpais.com\/noticias\/al-andalus\/\" target=\"_blank\" rel=\"noreferrer nofollow noopener\" title=\"https:\/\/elpais.com\/noticias\/al-andalus\/\">al-\u00c1ndalus<\/a>.<\/p>\n<p class=\"\">Aunque los instrumentos medievales no est\u00e1n en los programas de estudio de los conservatorios de m\u00fasica, algunos s\u00ed organizan talleres para que sus alumnos aprendan a tocarlos. Otros cursos son promovidos por asociaciones y festivales. Es tambi\u00e9n habitual aprender directamente con alg\u00fan m\u00fasico experto. As\u00ed le ocurri\u00f3 a David P\u00e9rez con el rabel. Aunque \u00e9l ya ven\u00eda de una familia de rabelistas del valle de Polaciones, en Cantabria, no toc\u00f3 el rabel hasta que el conocido rabelista Pedro Madrid no le puso uno entre las manos. \u201cPedro estaba en la cocina de mi t\u00eda, Adela G\u00f3mez Lombra\u00f1a, que era rabelista, como tambi\u00e9n mi t\u00edo Luis, porque sus padres les ense\u00f1aron a tocar a los hijos y a las hijas, aunque no era habitual que las mujeres tocaran. Y Pedro me dijo: \u2018Oye, chaval, \u00bft\u00fa no has tocado nunca?\u2019. Le dije que no y me puso el rabel encima. Tendr\u00eda yo 13 o 14 a\u00f1os. Despu\u00e9s empec\u00e9 a recibir clases con \u00e9l en Torrelavega\u00bb.<\/p>\n<p><img alt=\"El grupo de m\u00fasica antigua Aldebar\u00e1n, delante de la iglesia de San Nicol\u00e1s de Bari, en Burgos, en una imagen cedida por esta formaci\u00f3n.\" decoding=\"auto\" class=\"_re lazyload a_m-h\" height=\"311\"  width=\"414\"  src=\"https:\/\/www.europesays.com\/es\/wp-content\/uploads\/2025\/08\/5IV6W3KABJDXFLHI2SSFOC7H7I.jpeg\" loading=\"lazy\"\/>El grupo de m\u00fasica antigua Aldebar\u00e1n, delante de la iglesia de San Nicol\u00e1s de Bari, en Burgos, en una imagen cedida por esta formaci\u00f3n.<\/p>\n<p class=\"\">Es en esta localidad donde P\u00e9rez tiene su taller, ya que tambi\u00e9n es lutier. Cree que el rabel es un instrumento que no se ha estandarizado, porque es habitual hacerlos con formas y materiales distintos. \u201cPedro Madrid construy\u00f3 rabeles para el escenario, quer\u00eda que salieran de las cocinas, y empez\u00f3 a hacer instrumentos con m\u00e1s caja, m\u00e1s grandes. Los que hemos llegado despu\u00e9s seguimos un poco su modelo, buscando que afinen mejor. Aunque yo sigo haciendo instrumentos tradicionales, porque a m\u00ed el rabel antiguo de tapa de piel y cuerdas de cola de caballo me chifla c\u00f3mo suena, pero para un escenario es m\u00e1s complicado\u201d.<\/p>\n<p class=\"\">La <a href=\"https:\/\/elpais.com\/diario\/2000\/04\/19\/madrid\/956143478_850215.html\" target=\"_blank\" rel=\"noreferrer nofollow noopener\" title=\"https:\/\/elpais.com\/diario\/2000\/04\/19\/madrid\/956143478_850215.html\">Asociaci\u00f3n Ib\u00e9rica de la Zanfona<\/a> y los cursos que organiza en Casavieja (\u00c1vila) fueron la puerta de entrada a este instrumento medieval del logro\u00f1\u00e9s Jorge Garrido, que hasta ese momento tocaba la bater\u00eda y cuya formaci\u00f3n musical ven\u00eda del jazz, que hab\u00eda estudiado en el Centro Superior de M\u00fasica del Pa\u00eds Vasco (Musikene). Ahora, con la zanfona ha dado conciertos hasta en Jap\u00f3n: \u201cAll\u00ed les flipa todo lo relacionado con la Edad Media europea y con el Camino de Santiago. Aqu\u00ed el p\u00fablico que acude a los conciertos de m\u00fasica antigua es m\u00e1s mayor. Los j\u00f3venes se est\u00e1n acercando ahora a la m\u00fasica folk, pero creo que si no hay m\u00e1s m\u00fasicos que se metan en la m\u00fasica antigua es por desconocimiento. Habr\u00eda que darle m\u00e1s visibilidad y crear escuelas\u201d.<\/p>\n<p class=\"\">Los 11 integrantes del grupo de m\u00fasica antigua Aldebar\u00e1n, creado en el barrio de Gamonal, en Burgos, en 1993, tocan una amplia variedad de instrumentos medievales que han ido consiguiendo a trav\u00e9s de distintos lutieres. Entre ellos est\u00e1n la vihuela, la f\u00eddula, el salterio, la viola de gamba, la viola de ocho, el rabel y el la\u00fad medieval, as\u00ed como flautas, cromornos, chirim\u00edas y un bombo renacentista.<\/p>\n<p><img alt=\"El lutier Carlos Paniagua.\" decoding=\"auto\" class=\"_re lazyload a_m-h\" height=\"289\"  width=\"414\"  src=\"https:\/\/www.europesays.com\/es\/wp-content\/uploads\/2025\/08\/HIWWQIEFJVFL7IVMNAGILJF56I.jpg\" loading=\"lazy\"\/>El lutier Carlos Paniagua.IMAGEN CEDIDA POR CARLOS PANIAGUA <\/p>\n<p class=\"\">\u201cLa mayor\u00eda hemos estudiado en el conservatorio de Burgos, otros, en Madrid. A todos nos gustaba la m\u00fasica medieval porque nos parec\u00eda muy alegre, y empezamos a tocarla. Al principio no ten\u00edamos instrumentos medievales, lo hac\u00edamos con la\u00fades de tuna y bandurrias, con guitarras y flautas. Poco a poco fuimos haciendo conciertos y consiguiendo instrumentos medievales. Y tambi\u00e9n empezamos a confeccionarnos trajes medievales\u201d, dice Ana Mar\u00eda S\u00e1nchez, una de las integrantes y guitarrista de formaci\u00f3n.<\/p>\n<p class=\"\">Entre las piezas musicales que interpretan est\u00e1n algunas del C\u00f3dice Musical de las Huelgas, del <a href=\"https:\/\/elpais.com\/elviajero\/2025-05-15\/16-de-los-monasterios-mas-impresionantes-de-espana-del-imponente-el-escorial-a-santa-maria-de-oia-el-unico-con-vistas-al-mar.html\" target=\"_blank\" rel=\"noreferrer nofollow noopener\" title=\"https:\/\/elpais.com\/elviajero\/2025-05-15\/16-de-los-monasterios-mas-impresionantes-de-espana-del-imponente-el-escorial-a-santa-maria-de-oia-el-unico-con-vistas-al-mar.html\">monasterio burgal\u00e9s de Santa Mar\u00eda la Real de las Huelgas<\/a>, y del Llibre Vermell, de la abad\u00eda de Montserrat. \u201cTenemos que comprender c\u00f3mo se realizaba la m\u00fasica y c\u00f3mo transmitirla. En este sentido es importante el estudio de los c\u00f3dices\u201d, asegura Gabriel Valenciano, violonchelista y miembro de Aldebar\u00e1n. S\u00e1nchez a\u00f1ade que el inter\u00e9s del p\u00fablico aumenta cuando la interpretaci\u00f3n se completa con explicaciones sobre los instrumentos. \u201cLa gente est\u00e1 encantada, porque es algo que no ve habitualmente. Aunque escuchen m\u00fasica cl\u00e1sica, no tiene nada que ver con la m\u00fasica medieval. Cuando vienen a los conciertos, les gusta conocer los instrumentos que tenemos. Eso les ayuda a meterse en la \u00e9poca\u201d.<\/p>\n","protected":false},"excerpt":{"rendered":"Unas manos pulsan las cuerdas del salterio y surge de ellas su sonido minucioso y vibrante. Antes, otras&hellip;\n","protected":false},"author":2,"featured_media":56992,"comment_status":"","ping_status":"","sticky":false,"template":"","format":"standard","meta":{"footnotes":""},"categories":[91],"tags":[209,24344,146,147,25,24,3672,185,24343,725,23],"class_list":{"0":"post-56991","1":"post","2":"type-post","3":"status-publish","4":"format-standard","5":"has-post-thumbnail","7":"category-entretenimiento","8":"tag-cultura","9":"tag-edad-media","10":"tag-entertainment","11":"tag-entretenimiento","12":"tag-es","13":"tag-espana","14":"tag-instrumentos-musicales","15":"tag-musica","16":"tag-musica-medieval","17":"tag-musicos","18":"tag-spain"},"share_on_mastodon":{"url":"","error":""},"_links":{"self":[{"href":"https:\/\/www.europesays.com\/es\/wp-json\/wp\/v2\/posts\/56991","targetHints":{"allow":["GET"]}}],"collection":[{"href":"https:\/\/www.europesays.com\/es\/wp-json\/wp\/v2\/posts"}],"about":[{"href":"https:\/\/www.europesays.com\/es\/wp-json\/wp\/v2\/types\/post"}],"author":[{"embeddable":true,"href":"https:\/\/www.europesays.com\/es\/wp-json\/wp\/v2\/users\/2"}],"replies":[{"embeddable":true,"href":"https:\/\/www.europesays.com\/es\/wp-json\/wp\/v2\/comments?post=56991"}],"version-history":[{"count":0,"href":"https:\/\/www.europesays.com\/es\/wp-json\/wp\/v2\/posts\/56991\/revisions"}],"wp:featuredmedia":[{"embeddable":true,"href":"https:\/\/www.europesays.com\/es\/wp-json\/wp\/v2\/media\/56992"}],"wp:attachment":[{"href":"https:\/\/www.europesays.com\/es\/wp-json\/wp\/v2\/media?parent=56991"}],"wp:term":[{"taxonomy":"category","embeddable":true,"href":"https:\/\/www.europesays.com\/es\/wp-json\/wp\/v2\/categories?post=56991"},{"taxonomy":"post_tag","embeddable":true,"href":"https:\/\/www.europesays.com\/es\/wp-json\/wp\/v2\/tags?post=56991"}],"curies":[{"name":"wp","href":"https:\/\/api.w.org\/{rel}","templated":true}]}}