{"id":570007,"date":"2026-05-25T15:14:21","date_gmt":"2026-05-25T15:14:21","guid":{"rendered":"https:\/\/www.europesays.com\/es\/570007\/"},"modified":"2026-05-25T15:14:21","modified_gmt":"2026-05-25T15:14:21","slug":"manuel-de-angustias-la-hungara-jerez-en-estado-puro-juanlu-montoya-y-la-chirigota-del-bizcocho-ssssshhh-entre-las-actuaciones-de-la-caseta-municipal","status":"publish","type":"post","link":"https:\/\/www.europesays.com\/es\/570007\/","title":{"rendered":"Manuel de Angustias, La H\u00fangara, \u2018Jerez en estado puro\u2019, Juanlu Montoya y la Chirigota del Bizcocho \u2018Ssssshhh\u2019, entre las actuaciones de la caseta municipal"},"content":{"rendered":"<p>El Ayuntamiento de Alcal\u00e1 de Guada\u00edra tiene preparadas las actuaciones que llenar\u00e1n el escenario de la caseta municipal en la pr\u00f3xima Feria 2026, entre el 4 y el 7 de junio. Abrir\u00e1 el escenario Manuel de Angustias en concierto el mi\u00e9rcoles, al que seguir\u00e1 \u2018Jerez en estado puro\u2019 el jueves, La H\u00fangara el viernes, Juanlu Montoya el s\u00e1bado, y la Chirigota del Bizcocho \u2018Ssssshhh\u2019 el domingo, volviendo \u00e9sta nuevamente a Alcal\u00e1 en esta ocasi\u00f3n, como el resto de actuaciones, de forma gratuita con entrada libre hasta completar aforo.<\/p>\n<p>La delegada de Fiestas Mayores, Roc\u00edo Bastida, ha explicado que la programaci\u00f3n cumple el doble objetivo de propiciar, dentro del \u00e1mbito de las tradiciones locales, actuaciones de artistas conocidos de forma accesible y gratuita para la poblaci\u00f3n, pero especialmente destinar el gran peso de las actuaciones a apoyar el talento local en el campo de la canci\u00f3n, el baile, o el humor. Entre \u00e9stas, se disfrutar\u00e1 de \u2018Pasi\u00f3n Andaluza\u2019 del m\u00fasico y director Jos\u00e9 Miguel \u00c1lvarez, el humor de Jorge \u2018El Perrichi\u2019 y de Jes\u00fas Pi\u00f1a, de los grupos D\u2019Dulce, RQR y Retama, o de las academias de las Hermanas Villa\u00fa y Conchi \u00c1vila, entre otras intervenciones.<\/p>\n<p><img decoding=\"async\" src=\"https:\/\/www.europesays.com\/es\/wp-content\/uploads\/2026\/05\/9590-cartel-actuciones-caseta-municipal-feria-alcala-2026.jpg\"\/><\/p>\n<p>Estas actuaciones se suman eventos que se han ido desarrollando en esta preferia, como el Concierto Flamenco de Mar\u00eda Toledo el pasado 30 de abril que dio el pistoletazo de salida junto a la presentaci\u00f3n del cartel, obra de C\u00e9sar Pecell\u00edn, y del Pregonero, Jaime Otero. A ello siguieron los conciertos estrella de la preferia, tambi\u00e9n gratuitos, que ya han tra\u00eddo a la localidad a Pastora Soler con gran \u00e9xito de convocatoria, o a Alba Dreid y Party Revive en el\u00a0 Concierto Joven Pisando Albero.\u00a0<\/p>\n<p>El viernes 29 de mayo se celebrar\u00e1 el Preg\u00f3n de Feria de Jaime Otero a las 21 horas en la caseta municipal y, a continuaci\u00f3n, se podr\u00e1 disfrutar del concierto `Tributo al Lebrijano\u00b4. El domingo 31 de mayo, para cerrar los conciertos, se ha preparado la jornada `Alcal\u00e1 canta por Sevillanas\u00b4 a partir de las 13.00 horas con un homenaje al hist\u00f3rico grupo alcalare\u00f1o Retama por su 50 aniversario. \u00c9stos deleitar\u00e1n a los asistentes con una actuaci\u00f3n especial. Posteriormente la ciudadan\u00eda podr\u00e1 disfrutar del conocido artista Paco Candela. Ambas citas tienen acceso libre y gratuito hasta completar aforo. El mismo d\u00eda y durante las actuaciones se celebrar\u00e1 la final del segundo Concurso Nacional de Sevillanas.<\/p>\n<p><img decoding=\"async\" src=\"https:\/\/www.europesays.com\/es\/wp-content\/uploads\/2026\/05\/9590-conciertos-de-pre-feria-2026.jpg\"\/><\/p>\n<p>Programaci\u00f3n de la caseta Municipal:<\/p>\n<p>Mi\u00e9rcoles 3 de junio<\/p>\n<p>\u00a0 \u00a0 \u2022 Orquesta Serva Labari<\/p>\n<p>\u00a0 \u00a0 \u2022 Manuel de Angustias\u00a0 \u00a0\u00a0<\/p>\n<p>Jueves 4 de junio<\/p>\n<p>\u00a0 \u00a0 \u2022 Pasi\u00f3n Andaluza por Jos\u00e9 Miguel \u00c1lvarez<\/p>\n<p>\u00a0 \u00a0 \u2022 El T\u00edo del Sombrero<\/p>\n<p>\u00a0 \u00a0 \u2022 Orquesta Decibelios<\/p>\n<p>\u00a0 \u00a0 \u2022 Hermanas Villa\u00fa<\/p>\n<p>\u00a0 \u00a0 \u2022 Jerez en estado puro<\/p>\n<p>\u00a0 \u00a0 \u2022 Orquesta Serva Labari<\/p>\n<p>Viernes 5 de junio<\/p>\n<p>\u00a0 \u00a0 \u2022 Orquesta Decibelios<\/p>\n<p>\u00a0 \u00a0 \u2022 Humor con Jorge El Perrichi<\/p>\n<p>\u00a0 \u00a0 \u2022 la cosa est\u00e1 flamenca<\/p>\n<p>\u00a0 \u00a0 \u2022 D\u2019Dulce<\/p>\n<p>\u00a0 \u00a0 \u2022 Ronald y los Yey\u00e9s<\/p>\n<p>\u00a0 \u00a0 \u2022 La H\u00fangara<\/p>\n<p>\u00a0 \u00a0 \u2022 Orquesta Serva Labari<\/p>\n<p>\u00a0 \u00a0 \u00a0\u00a0<\/p>\n<p>S\u00e1bado 6 de junio<\/p>\n<p>\u00a0 \u00a0 \u2022 Orquesta Decibelios<\/p>\n<p>\u00a0 \u00a0 \u2022 Los Sure\u00f1os<\/p>\n<p>\u00a0 \u00a0 \u2022 Humor con Jes\u00fas Pi\u00f1a<\/p>\n<p>\u00a0 \u00a0 \u2022 Abel Romano<\/p>\n<p>\u00a0 \u00a0 \u2022 Orquesta Fantas\u00eda<\/p>\n<p>\u00a0 \u00a0 \u2022 RQR<\/p>\n<p>\u00a0 \u00a0 \u2022 Juanlu Montoya<\/p>\n<p>\u00a0 \u00a0 \u00a0\u00a0<\/p>\n<p>Domingo 7 de junio<\/p>\n<p>\u00a0 \u00a0 \u2022 Orquesta Decibelios<\/p>\n<p>\u00a0 \u00a0 \u2022 Academia Cochi \u00c1vila<\/p>\n<p>\u00a0 \u00a0 \u2022 Retama<\/p>\n<p>\u00a0 \u00a0 \u2022 La copla viva con Cintya Merino y Joaqu\u00edn pav\u00f3n<\/p>\n<p>\u00a0 \u00a0 \u2022 Chirigota del Bizcocho \u2018Ssssshhh\u2019<\/p>\n<p>\u00a0 \u00a0 \u2022 Orquesta Fantas\u00eda<\/p>\n<p><img decoding=\"async\" src=\"https:\/\/www.europesays.com\/es\/wp-content\/uploads\/2026\/05\/9590-foto-archivo-actuacion-caseta-2025.jpg\"\/><\/p>\n","protected":false},"excerpt":{"rendered":"El Ayuntamiento de Alcal\u00e1 de Guada\u00edra tiene preparadas las actuaciones que llenar\u00e1n el escenario de la caseta municipal&hellip;\n","protected":false},"author":2,"featured_media":570008,"comment_status":"","ping_status":"","sticky":false,"template":"","format":"standard","meta":{"footnotes":""},"categories":[5],"tags":[24471,24470,24478,24469,1250,17,18,777,209,24474,168,24489,2026,24491,24480,25,24,13,14,24488,24487,24490,24492,24473,11,2178,3624,15235,891,6850,19,20,6688,24483,24054,24497,4044,24493,9,10,15,16,24477,24482,24415,24472,12365,24496,1922,24485,24481,24479,24475,24484,19497,24486,1171,23,24494,12,24476,4664,21,22,24495],"class_list":["post-570007","post","type-post","status-publish","format-standard","has-post-thumbnail","category-titulares","tag-accesibilidad","tag-administracion-electronica","tag-agenda-de-actividades","tag-alcala-de-guadaira","tag-ayuntamiento","tag-breaking-news","tag-breakingnews","tag-ciudad","tag-cultura","tag-datos-abiertos","tag-deportes","tag-desarrollo-economico","tag-educacion","tag-edusi","tag-equipamientos","tag-es","tag-espana","tag-featured-news","tag-featurednews","tag-feria-de-alcala","tag-fiestas-mayores","tag-formacion-y-empleo","tag-gestion-tributaria","tag-gobierno-abierto","tag-headlines","tag-igualdad","tag-infancia","tag-infraestructura","tag-inmigrantes","tag-juventud","tag-latest-news","tag-latestnews","tag-medio-ambiente","tag-molinos","tag-movilidad-urbana","tag-movilidad-y-transporte","tag-mujeres","tag-museo-de-alcala","tag-news","tag-noticias","tag-noticias-destacadas","tag-noticiasdestacadas","tag-oferta-de-empleo","tag-oromana","tag-participacion-ciudadana","tag-personas-con-discapacidad","tag-personas-mayores","tag-punto-limpio","tag-redes-sociales","tag-secretaria","tag-sede-electronica","tag-servicio-de-quejas-y-sugerencias","tag-servicios-destacados","tag-servicios-municipales","tag-servicios-sociales","tag-servicios-urbanos","tag-sevilla","tag-spain","tag-teatro-auditorio-riberas-del-guadaira","tag-titulares","tag-tramites-y-servicios","tag-turismo","tag-ultimas-noticias","tag-ultimasnoticias","tag-universidad-popular"],"share_on_mastodon":{"url":"","error":"Validation failed: Text character limit of 500 exceeded"},"_links":{"self":[{"href":"https:\/\/www.europesays.com\/es\/wp-json\/wp\/v2\/posts\/570007","targetHints":{"allow":["GET"]}}],"collection":[{"href":"https:\/\/www.europesays.com\/es\/wp-json\/wp\/v2\/posts"}],"about":[{"href":"https:\/\/www.europesays.com\/es\/wp-json\/wp\/v2\/types\/post"}],"author":[{"embeddable":true,"href":"https:\/\/www.europesays.com\/es\/wp-json\/wp\/v2\/users\/2"}],"replies":[{"embeddable":true,"href":"https:\/\/www.europesays.com\/es\/wp-json\/wp\/v2\/comments?post=570007"}],"version-history":[{"count":0,"href":"https:\/\/www.europesays.com\/es\/wp-json\/wp\/v2\/posts\/570007\/revisions"}],"wp:featuredmedia":[{"embeddable":true,"href":"https:\/\/www.europesays.com\/es\/wp-json\/wp\/v2\/media\/570008"}],"wp:attachment":[{"href":"https:\/\/www.europesays.com\/es\/wp-json\/wp\/v2\/media?parent=570007"}],"wp:term":[{"taxonomy":"category","embeddable":true,"href":"https:\/\/www.europesays.com\/es\/wp-json\/wp\/v2\/categories?post=570007"},{"taxonomy":"post_tag","embeddable":true,"href":"https:\/\/www.europesays.com\/es\/wp-json\/wp\/v2\/tags?post=570007"}],"curies":[{"name":"wp","href":"https:\/\/api.w.org\/{rel}","templated":true}]}}