{"id":570033,"date":"2026-05-25T15:34:14","date_gmt":"2026-05-25T15:34:14","guid":{"rendered":"https:\/\/www.europesays.com\/es\/570033\/"},"modified":"2026-05-25T15:34:14","modified_gmt":"2026-05-25T15:34:14","slug":"iberdrola-se-cita-con-los-accionistas-con-la-mayor-inversion-de-sus-125-anos","status":"publish","type":"post","link":"https:\/\/www.europesays.com\/es\/570033\/","title":{"rendered":"Iberdrola se cita con los accionistas con la mayor inversi\u00f3n de sus 125 a\u00f1os"},"content":{"rendered":"<p style=\"\">La junta de accionistas que Iberdrola celebrar\u00e1 este viernes tendr\u00e1 un sabor especial porque es la reuni\u00f3n con los propietarios de la compa\u00f1\u00eda en el  &#8230; a\u00f1o de su 125 aniversario. El escenario ser\u00e1 muy diferente a la de la primera vez que se citaron los accionistas de la el\u00e9ctrica en Bilbao en 1901. Entonces, el encuentro fue en el despacho del notario Isidoro Erquiaga y para constituir la Sociedad Hidroel\u00e9ctrica Ib\u00e9rica, germen de la actual Iberdrola. Hace 125 a\u00f1os los accionistas eran unas pocas decenas de empresarios bilba\u00ednos que invirtieron para obtener la energ\u00eda que necesitaba la industria y la entonces creciente villa vizca\u00edna. En cambio, a la reuni\u00f3n de esta semana est\u00e1n citados m\u00e1s de 500.000 accionistas de todo el mundo con una compa\u00f1\u00eda que tiene presencia en 30 pa\u00edses. Adem\u00e1s, ser\u00e1 &#8216;online&#8217;, que es la modalidad a la que se ha abonado la empresa desde la pandemia. <\/p>\n<p class=\"v-d-p\" style=\"\">La efem\u00e9ride llega en plena expansi\u00f3n de la electrificaci\u00f3n. La apuesta por descarbonizar la econom\u00eda y la generaci\u00f3n energ\u00e9tica, aunque se hayan cuestionado sus ritmos y tecnolog\u00edas, ya no deja lugar a dudas. El futuro ser\u00e1 el\u00e9ctrico o no ser\u00e1.<\/p>\n<ul class=\"v-cmp-rld__u\">\n<li class=\"v-cmp-rld__l\">\n<p><a class=\"v-a-lnk\" href=\"http:\/\/www.elcorreo.com\/economia\/apuesta-iberdrola-sede-euskadi-penalizada-asesores-voto-20260522140402-nt.html#vtm_modulosEngag=noticiasrelacionadas-cmp-uno:economia:noticia:1\" title=\"La apuesta de Iberdrola por la sede en Euskadi es penalizada por los asesores de voto internacionales\" data-voc-vtm-id=\"in-text-traffic\" rel=\"nofollow noopener\" target=\"_blank\"><br \/>\n<img decoding=\"async\" loading=\"lazy\" src=\"https:\/\/www.europesays.com\/es\/wp-content\/uploads\/2026\/05\/iberdrola_bio-U58248823568eKX-366x256@El Correo.jpg\" class=\"v-a-img\" width=\"258\" height=\"180\" alt=\"La apuesta de Iberdrola por la sede en Euskadi es penalizada por los asesores de voto internacionales\"\/><br \/>\n<\/a><\/p>\n<\/li>\n<\/ul>\n<p class=\"v-d-p\" style=\"\">Eso supone, no solo el cambio en el modo de generar la electricidad, sino un aumento de su consumo que se recoge en todas las planificaciones oficiales. As\u00ed, en Espa\u00f1a, seg\u00fan recoge el Plan Nacional Integrado de Energ\u00eda y Clima (PNIEC), el crecimiento de la demanda el\u00e9ctrica se disparar\u00e1 un 34%. En Europa, la asociaci\u00f3n comunitaria de operadores de red, ENTSO-E, avanza que en 2050 la demanda el\u00e9ctrica habr\u00e1 escalado un 50%. Y, en todo el mundo, la IEA World Energy estima que para 2035 el aumento del consumo el\u00e9ctrico ser\u00e1 del 40%. <\/p>\n<p class=\"v-d-p\" style=\"\">La revoluci\u00f3n ya no est\u00e1 solo en la generaci\u00f3n renovable, sino en el transporte y la distribuci\u00f3n de la electricidad. Esa es la gran transformaci\u00f3n empresarial que Iberdrola atraviesa en este aniversario y que presentar\u00e1 a los accionistas este viernes. Y es que la compa\u00f1\u00eda presidida por Ignacio Gal\u00e1n ha lanzado el mayor plan inversor de su historia con 58.000 millones entre 2025 y 2028. Unas l\u00edneas de trabajo que adelant\u00f3 al mercado el pasado oto\u00f1o y con las que reivindica un giro en su estrategia. De todos esos recursos, dos terceras partes est\u00e1n destinados a las redes de distribuci\u00f3n y transporte. Son infraestructuras en las que la compa\u00f1\u00eda tiene ya 1,4 millones de kil\u00f3metros de cable, pero que se han convertido en estrat\u00e9gicas. <\/p>\n<p>\nDividendo de 4.500 millones\n<\/p>\n<p class=\"v-d-p\" style=\"\">Este desarrollo consolida la internacionalizaci\u00f3n de Iberdorla, que centrar\u00e1 el 65% de la inversi\u00f3n en Estados Unidos y el 35% en Reino Unido. La compa\u00f1\u00eda ha reivindicado la importancia de las regulaciones de estos pa\u00edses para favorecer la modernizaci\u00f3n de sus infraestructuras con modelos rentables. Un aspecto que ha echado en falta en Espa\u00f1a tras las discrepancias con la CNMC por la fijaci\u00f3n de la retribuci\u00f3n de las inversiones desarrolladas en este sector. <\/p>\n<p class=\"v-d-p\" style=\"\">En cualquier caso, el rol de la generaci\u00f3n sigue siendo para Iberdrola un vector de negocio clave con 58.000 MW de potencia instalada, de los que 45.000 MW son renovables. La apuesta por este mix de operaciones es la que Gal\u00e1n ha reivindicado para alcanzar un beneficio hist\u00f3rico el pasado 2025 con 6.285 millones de euros. Una l\u00ednea ascendente que la empresa asegura que mantendr\u00e1 este a\u00f1o con un crecimiento del 8%. <\/p>\n<p class=\"v-d-p\" style=\"\">Las cuentas, que los accionistas deber\u00e1n aprobar el pr\u00f3ximo viernes, recogen tambi\u00e9n la propuesta de reparto de dividendos a cargo del ejercicio pasado. Ascienden a 4.500 millones de euros que suman los 68 c\u00e9ntimos por acci\u00f3n. Una parte de esa cantidad, 1.700 millones (0,253 por t\u00edtulo) se abonaron en febrero y 2.800 (0,427 por acci\u00f3n) se pagar\u00e1n en julio si los accionistas as\u00ed lo aprueban. <\/p>\n<p class=\"v-d-p\" style=\"\">La compa\u00f1\u00eda acumula una revalorizaci\u00f3n burs\u00e1til que se ha multiplicado por once desde 2001 alcanzando un m\u00e1ximo hist\u00f3rico de m\u00e1s de 135.000 millones de euros.<\/p>\n","protected":false},"excerpt":{"rendered":"La junta de accionistas que Iberdrola celebrar\u00e1 este viernes tendr\u00e1 un sabor especial porque es la reuni\u00f3n con&hellip;\n","protected":false},"author":2,"featured_media":570034,"comment_status":"","ping_status":"","sticky":false,"template":"","format":"standard","meta":{"footnotes":""},"categories":[80],"tags":[26366,10599,988,82,7716,95,94,25,24,7131,921,31,23],"class_list":["post-570033","post","type-post","status-publish","format-standard","has-post-thumbnail","category-economia","tag-26366","tag-accionistas","tag-anos","tag-business","tag-cita","tag-economia","tag-economy","tag-es","tag-espana","tag-iberdrola","tag-inversion","tag-mayor","tag-spain"],"share_on_mastodon":{"url":"https:\/\/pubeurope.com\/@es\/116635950714847701","error":""},"_links":{"self":[{"href":"https:\/\/www.europesays.com\/es\/wp-json\/wp\/v2\/posts\/570033","targetHints":{"allow":["GET"]}}],"collection":[{"href":"https:\/\/www.europesays.com\/es\/wp-json\/wp\/v2\/posts"}],"about":[{"href":"https:\/\/www.europesays.com\/es\/wp-json\/wp\/v2\/types\/post"}],"author":[{"embeddable":true,"href":"https:\/\/www.europesays.com\/es\/wp-json\/wp\/v2\/users\/2"}],"replies":[{"embeddable":true,"href":"https:\/\/www.europesays.com\/es\/wp-json\/wp\/v2\/comments?post=570033"}],"version-history":[{"count":0,"href":"https:\/\/www.europesays.com\/es\/wp-json\/wp\/v2\/posts\/570033\/revisions"}],"wp:featuredmedia":[{"embeddable":true,"href":"https:\/\/www.europesays.com\/es\/wp-json\/wp\/v2\/media\/570034"}],"wp:attachment":[{"href":"https:\/\/www.europesays.com\/es\/wp-json\/wp\/v2\/media?parent=570033"}],"wp:term":[{"taxonomy":"category","embeddable":true,"href":"https:\/\/www.europesays.com\/es\/wp-json\/wp\/v2\/categories?post=570033"},{"taxonomy":"post_tag","embeddable":true,"href":"https:\/\/www.europesays.com\/es\/wp-json\/wp\/v2\/tags?post=570033"}],"curies":[{"name":"wp","href":"https:\/\/api.w.org\/{rel}","templated":true}]}}