{"id":57026,"date":"2025-08-19T03:49:08","date_gmt":"2025-08-19T03:49:08","guid":{"rendered":"https:\/\/www.europesays.com\/es\/57026\/"},"modified":"2025-08-19T03:49:08","modified_gmt":"2025-08-19T03:49:08","slug":"cientos-de-personas-protestan-en-leon-contra-la-gestion-forestal-de-manueco-y-exigen-su-dimision-el-humo-no-tapa-vuestra-incompetencia-espana","status":"publish","type":"post","link":"https:\/\/www.europesays.com\/es\/57026\/","title":{"rendered":"Cientos de personas protestan en Le\u00f3n contra la gesti\u00f3n forestal de Ma\u00f1ueco y exigen su dimisi\u00f3n: \u201cEl humo no tapa vuestra incompetencia\u201d | Espa\u00f1a"},"content":{"rendered":"<p class=\"\">Varios cientos de personas se han reunido en la tarde de este lunes en Le\u00f3n para cargar contra la gesti\u00f3n forestal de la Junta de Castilla y Le\u00f3n, donde <a href=\"https:\/\/elpais.com\/espana\/2025-08-18\/los-peores-augurios-de-los-bomberos-se-cumplieron-con-nacho-rumbao-el-refuerzo-de-soria-que-murio-ayudando-en-leon.html\" target=\"_self\" rel=\"nofollow noopener\" title=\"https:\/\/elpais.com\/espana\/2025-08-18\/los-peores-augurios-de-los-bomberos-se-cumplieron-con-nacho-rumbao-el-refuerzo-de-soria-que-murio-ayudando-en-leon.html\">han muerto tres personas <\/a>y ardido decenas de miles de hect\u00e1reas. Los asistentes han reclamado la dimisi\u00f3n del presidente auton\u00f3mico, Alfonso Fern\u00e1ndez Ma\u00f1ueco, del PP, y de su consejero de Medio Ambiente, Juan Carlos Su\u00e1rez-Qui\u00f1ones. Varios convocantes de la manifestaci\u00f3n en la capital leonesa, entre ellos bomberos forestales, han demandado m\u00e1s prevenci\u00f3n e inversiones m\u00e1s elevadas para el dispositivo contra incendios al tiempo que han instado a su Ejecutivo a elevar al nivel 3 el grado de Emergencia, estatus m\u00e1ximo donde entrar\u00eda como autoridad competente el Estado central. \u201cEl humo no tapa vuestra incompetencia\u201d, rezaba alguna pancarta, adem\u00e1s de \u201c\u00a1Arde Le\u00f3n!\u201d o \u201cUn euro en prevenci\u00f3n, 100 ahorrados en extinci\u00f3n\u201d.<\/p>\n<p class=\"\">La concentraci\u00f3n se ha desarrollado en el centro de la ciudad en una movilizaci\u00f3n iniciada por varios colectivos sociales o de apoyo a los bomberos forestales. El manifiesto recitado por uno de ellos ha incidido en las p\u00e9simas condiciones laborales del gremio adem\u00e1s de en los recursos insuficientes <a href=\"https:\/\/elpais.com\/espana\/2025-08-18\/viaje-por-100-kilometros-de-la-linea-de-fuego-una-semana-de-devastacion-e-impotencia-entre-leon-y-zamora.html\" target=\"_self\" rel=\"nofollow noopener\" title=\"https:\/\/elpais.com\/espana\/2025-08-18\/viaje-por-100-kilometros-de-la-linea-de-fuego-una-semana-de-devastacion-e-impotencia-entre-leon-y-zamora.html\">contra los fuegos como los que est\u00e1n asolando la comunidad, en particular en Le\u00f3n, Zamora y Palencia<\/a>. \u201cLa magnitud de esta tragedia supera con creces la capacidad de respuesta de los recursos auton\u00f3micos y locales, comprometiendo la seguridad ciudadana y la protecci\u00f3n del medio ambiente\u201d, ha exclamado un bombero ante los m\u00faltiples asistentes al llamamiento, muchos llegados desde varias partes de la provincia, donde varios frentes permanecen activos y fuera de control y que han castigado a parajes como los de Picos de Europa, la comarca de la Maragater\u00eda o Las M\u00e9dulas en El Bierzo.<\/p>\n<p class=\"\">Los asistentes han gritado en varias ocasiones \u201c\u00a1Ma\u00f1ueco dimisi\u00f3n!\u201d o \u201c\u00a1Qui\u00f1ones y Ma\u00f1ueco, dimisi\u00f3n!\u201d adem\u00e1s de instar a que la Junta deposite en el Gobierno central el mando sobre esta emergencia de fuego. \u201cEl negacionismo clim\u00e1tico, las malas condiciones laborales que acompa\u00f1an a las labores de extinci\u00f3n y el trasvase de fondos de lo p\u00fablico a lo privado (a m\u00e1s de 30 empresas descoordinadas que hacen negocio con lo p\u00fablico), tienen consecuencias lamentables\u201d, se\u00f1alaba el manifiesto, cr\u00edtico con el modelo p\u00fablico-privado de la Junta para administrar la gesti\u00f3n forestal mediante sus bomberos y los recursos puestos a su disposici\u00f3n. El gent\u00edo ha jaleado las proclamas en favor de m\u00e1s prevenci\u00f3n en invierno y el aumento de la contrataci\u00f3n de bomberos durante todo el a\u00f1o, no mayoritariamente en invierno. <\/p>\n<p class=\"\">Los mensajes de las pancartas recog\u00edan los \u00e1nimos de los ciudadanos, con asistentes de todas las edades y perfiles. \u201cTodo por culpa de esos ineptos\u201d, se\u00f1alaba uno de los presentes, con un cartel dibujando la provincia de Le\u00f3n y marcando aquellos puntos donde a\u00fan hay llamas avanzando. Desde Valencia de Don Juan, a media hora larga en coche de la urbe, han asistido un grupo de amigas j\u00f3venes que, pese a que en esa zona no han visto fuegos pero s\u00ed han sufrido el humo que se extiende por la mayor parte de la provincia y de la comunidad, han decidido acudir al llamamiento. Mar\u00eda Garc\u00eda, de 23 a\u00f1os, se muestra \u201cindignada\u201d y demanda una \u201cpol\u00edtica forestal efectiva y que dejen de recortar\u201d ante las noticias sobre c\u00f3mo ha ido menguando el gasto p\u00fablico en prevenci\u00f3n de incendios. Su amiga Patricia Merino, de 22, reivindica la evidencia cient\u00edfica que corrobora el cambio clim\u00e1tico y su influencia sobre fen\u00f3menos anormales como estas eternas olas de calor y critica a quienes niegan \u201clo que dice la ciencia\u201d. Adriana Llamazares, de 23, lamenta c\u00f3mo huele a humo la provincia, se\u00f1al de que est\u00e1n ardiendo parajes en todos los frentes, y Ana P\u00e9rez, de 23, apela para que crezca el gasto en recursos: \u201cNo hay medios suficientes\u201d.<\/p>\n<p class=\"\">Muchas banderas de Le\u00f3n han ondeado en una cita que ha reprobado las pol\u00edticas de la Junta tanto en los incendios como en materia rural, con la despoblaci\u00f3n como clave de esta crisis. Roberto Fern\u00e1ndez, de 73 a\u00f1os, ha acudido para remarcar que \u201cla consejer\u00eda de Medio Ambiente, en manos del leon\u00e9s Su\u00e1rez-Qui\u00f1ones, no ha invertido nada\u201d y reflexiona sobre c\u00f3mo en Castilla y Le\u00f3n el PP lleva gobernando ininterrumpidamente desde 1987, ahora en solitario tras aliarse en 2022 con Vox hasta que la extrema derecha rompi\u00f3 con ellos en 2024: \u201cTenemos lo que muchos han votado, tenemos lo que nos merecemos\u201d.<\/p>\n","protected":false},"excerpt":{"rendered":"Varios cientos de personas se han reunido en la tarde de este lunes en Le\u00f3n para cargar contra&hellip;\n","protected":false},"author":2,"featured_media":57027,"comment_status":"","ping_status":"","sticky":false,"template":"","format":"standard","meta":{"footnotes":""},"categories":[8],"tags":[2980,4343,17,18,3590,13193,25,24,13,14,582,11,4342,8877,19,20,9,10,15,16,24356,22550,23,12,21,22],"class_list":{"0":"post-57026","1":"post","2":"type-post","3":"status-publish","4":"format-standard","5":"has-post-thumbnail","7":"category-espana","8":"tag-aemet","9":"tag-bomberos","10":"tag-breaking-news","11":"tag-breakingnews","12":"tag-castilla-y-leon","13":"tag-el-tiempo","14":"tag-es","15":"tag-espana","16":"tag-featured-news","17":"tag-featurednews","18":"tag-gobierno","19":"tag-headlines","20":"tag-incendios","21":"tag-incendios-forestales","22":"tag-latest-news","23":"tag-latestnews","24":"tag-news","25":"tag-noticias","26":"tag-noticias-destacadas","27":"tag-noticiasdestacadas","28":"tag-proteccion-ambiental","29":"tag-proteccion-civil","30":"tag-spain","31":"tag-titulares","32":"tag-ultimas-noticias","33":"tag-ultimasnoticias"},"share_on_mastodon":{"url":"","error":""},"_links":{"self":[{"href":"https:\/\/www.europesays.com\/es\/wp-json\/wp\/v2\/posts\/57026","targetHints":{"allow":["GET"]}}],"collection":[{"href":"https:\/\/www.europesays.com\/es\/wp-json\/wp\/v2\/posts"}],"about":[{"href":"https:\/\/www.europesays.com\/es\/wp-json\/wp\/v2\/types\/post"}],"author":[{"embeddable":true,"href":"https:\/\/www.europesays.com\/es\/wp-json\/wp\/v2\/users\/2"}],"replies":[{"embeddable":true,"href":"https:\/\/www.europesays.com\/es\/wp-json\/wp\/v2\/comments?post=57026"}],"version-history":[{"count":0,"href":"https:\/\/www.europesays.com\/es\/wp-json\/wp\/v2\/posts\/57026\/revisions"}],"wp:featuredmedia":[{"embeddable":true,"href":"https:\/\/www.europesays.com\/es\/wp-json\/wp\/v2\/media\/57027"}],"wp:attachment":[{"href":"https:\/\/www.europesays.com\/es\/wp-json\/wp\/v2\/media?parent=57026"}],"wp:term":[{"taxonomy":"category","embeddable":true,"href":"https:\/\/www.europesays.com\/es\/wp-json\/wp\/v2\/categories?post=57026"},{"taxonomy":"post_tag","embeddable":true,"href":"https:\/\/www.europesays.com\/es\/wp-json\/wp\/v2\/tags?post=57026"}],"curies":[{"name":"wp","href":"https:\/\/api.w.org\/{rel}","templated":true}]}}