{"id":570649,"date":"2026-05-25T22:48:13","date_gmt":"2026-05-25T22:48:13","guid":{"rendered":"https:\/\/www.europesays.com\/es\/570649\/"},"modified":"2026-05-25T22:48:13","modified_gmt":"2026-05-25T22:48:13","slug":"la-epidemia-de-ebola-en-rd-congo-es-extremadamente-grave-y-dificil-advierte-el-jefe-de-la-oms","status":"publish","type":"post","link":"https:\/\/www.europesays.com\/es\/570649\/","title":{"rendered":"La epidemia de \u00e9bola en RD Congo es \u00abextremadamente grave y dif\u00edcil\u00bb, advierte el jefe de la OMS"},"content":{"rendered":"<p>    <img src=\"https:\/\/www.europesays.com\/es\/wp-content\/uploads\/2026\/05\/2026-05-25T223A043A11Z-91472000.jpg\" width=\"1024\" height=\"682\" alt=\"\" loading=\"eager\" decoding=\"sync\" fetchpriority=\"high\"\/><\/p>\n<p>            afp_tickers        <\/p>\n<p>        Este contenido fue publicado en    <\/p>\n<p>        26 mayo 2026 &#8211; 00:04\n<\/p>\n<p>Rep\u00fablica Democr\u00e1tica del Congo se enfrenta a una epidemia de \u00e9bola \u00abextremadamente grave y dif\u00edcil\u00bb, alert\u00f3 este lunes el director de la Organizaci\u00f3n Mundial de la Salud (OMS), Tedros Adhanom Ghebreyesus, que pidi\u00f3 a los pa\u00edses vecinos que act\u00faen \u00abde inmediato\u00bb.<\/p>\n<p>La detecci\u00f3n tard\u00eda de los primeros casos, la inseguridad en las regiones afectadas, la desconfianza de parte de la poblaci\u00f3n y el hecho de que no hay una vacuna para esta cepa, la Bundibugyo, complican la gesti\u00f3n del brote, se\u00f1al\u00f3 el director de la OMS durante una reuni\u00f3n ministerial en l\u00ednea organizada por los Centros Africanos para el Control y la Prevenci\u00f3n de Enfermedades (CDC).\u00a0<\/p>\n<p>\u00abEstamos intensificando las operaciones con car\u00e1cter de urgencia, pero por el momento la epidemia avanza m\u00e1s r\u00e1pido que nosotros\u00bb, declar\u00f3 el jefe de la OMS.\u00a0<\/p>\n<p>\u00abLos pa\u00edses lim\u00edtrofes con RDC est\u00e1n en riesgo especialmente alto y deber\u00edan actuar de inmediato\u00bb, a\u00f1adi\u00f3 Tedros, que tiene previsto viajar el martes a RDC.<\/p>\n<p>Diez pa\u00edses africanos est\u00e1n en riesgo por \u00e9bola, adem\u00e1s de RDC y Uganda, indicaron los CDC -la agencia sanitaria de la Uni\u00f3n Africana- el s\u00e1bado.\u00a0<\/p>\n<p>Rep\u00fablica Democr\u00e1tica del Congo declar\u00f3 un brote de \u00e9bola el 15 de mayo causado por la cepa Bundibugyo, y la semana pasada la OMS elev\u00f3 el nivel de riesgo de la epidemia de \u00abalto\u00bb a \u00abmuy alto\u00bb.\u00a0<\/p>\n<p>Tedros se\u00f1al\u00f3 que hay 101 casos confirmados en RDC, con diez decesos, pero que la magnitud de la epidemia es mayor y apunt\u00f3 a que hay 900 casos posibles y 220 muertes sospechosas.<\/p>\n<p>\u2013 Inseguridad y desconfianza \u2013<\/p>\n<p>El \u00e9bola es una enfermedad viral mortal que se transmite por contacto directo con fluidos corporales. Puede provocar fiebre hemorr\u00e1gica y un fallo multiorg\u00e1nico.<\/p>\n<p>Este virus mat\u00f3 a m\u00e1s de 15.000 personas en \u00c1frica en los \u00faltimos 50 a\u00f1os, con una mortalidad entre 25% y 90%, seg\u00fan la OMS, pero es menos contagioso que el covid o el sarampi\u00f3n.\u00a0<\/p>\n<p>A la rapidez con la que avanza la epidemia se suma el desaf\u00edo que supone la inestabilidad en la zona en la que se declar\u00f3 el brote, la provincia de Ituri, en el noreste del pa\u00eds, explic\u00f3 el responsable.<\/p>\n<p>Las provincias orientales de RDC, donde se detect\u00f3 por primera vez el brote, \u00abson muy inseguras, con un incremento de los combates en los \u00faltimos meses, y una importante desconfianza respecto a las autoridades por parte de la poblaci\u00f3n local\u00bb.\u00a0<\/p>\n<p>A todo ello se a\u00f1ade el hecho de que no existan \u00abvacunas aprobadas o ni tratamientos\u00bb para la cepa Bundibugyo, causante del actual brote de \u00e9bola, record\u00f3.\u00a0<\/p>\n<p>Un grupo de personas irrumpi\u00f3 el domingo en la noche en un hospital en Mongbwalu, en dicha provincia, para llevarse el cuerpo de un l\u00edder religioso fallecido por \u00e9bola, informaron este lunes las autoridades.\u00a0<\/p>\n<p>\u00abQuer\u00edan recuperar el cuerpo de un pastor cat\u00f3lico que hab\u00eda muerto de \u00e9bola\u00bb, explic\u00f3 un funcionario del hospital, que pidi\u00f3 el anonimato. El paciente era \u00abmuy conocido, un l\u00edder religioso de Mongbwalu\u00bb.<\/p>\n<p>Los soldados intervinieron para dispersar a la multitud con disparos de advertencia, indic\u00f3 la fuente.<\/p>\n<p>Tedros afirm\u00f3 que la OMS movilizar\u00e1 fondos, suministros m\u00e9dicos y personal a Rep\u00fablica Democr\u00e1tica del Congo para apoyar a las autoridades y acelerar los ensayos cl\u00ednicos de posibles tratamientos.<\/p>\n<p>\u00abLa situaci\u00f3n empeorar\u00e1 antes de mejorar\u00bb, indic\u00f3. \u00abPero conocemos este virus y sabemos c\u00f3mo frenarlo\u00bb.\u00a0<\/p>\n<p>apo\/an\/jvb\/an\/mab<\/p>\n","protected":false},"excerpt":{"rendered":"afp_tickers Este contenido fue publicado en 26 mayo 2026 &#8211; 00:04 Rep\u00fablica Democr\u00e1tica del Congo se enfrenta a&hellip;\n","protected":false},"author":2,"featured_media":570650,"comment_status":"","ping_status":"","sticky":false,"template":"","format":"standard","meta":{"footnotes":""},"categories":[92],"tags":[58126,83,8543,58127,25,24,165,14688,86,88,166,23,90,58128],"class_list":["post-570649","post","type-post","status-publish","format-standard","has-post-thumbnail","category-salud","tag-communicable-diseases","tag-diplomacy","tag-disease","tag-epidemic-and-plague","tag-es","tag-espana","tag-health","tag-international-organisation","tag-international-relations","tag-politics","tag-salud","tag-spain","tag-ticker","tag-virus-diseases"],"share_on_mastodon":{"url":"https:\/\/pubeurope.com\/@es\/116637657892673905","error":""},"_links":{"self":[{"href":"https:\/\/www.europesays.com\/es\/wp-json\/wp\/v2\/posts\/570649","targetHints":{"allow":["GET"]}}],"collection":[{"href":"https:\/\/www.europesays.com\/es\/wp-json\/wp\/v2\/posts"}],"about":[{"href":"https:\/\/www.europesays.com\/es\/wp-json\/wp\/v2\/types\/post"}],"author":[{"embeddable":true,"href":"https:\/\/www.europesays.com\/es\/wp-json\/wp\/v2\/users\/2"}],"replies":[{"embeddable":true,"href":"https:\/\/www.europesays.com\/es\/wp-json\/wp\/v2\/comments?post=570649"}],"version-history":[{"count":0,"href":"https:\/\/www.europesays.com\/es\/wp-json\/wp\/v2\/posts\/570649\/revisions"}],"wp:featuredmedia":[{"embeddable":true,"href":"https:\/\/www.europesays.com\/es\/wp-json\/wp\/v2\/media\/570650"}],"wp:attachment":[{"href":"https:\/\/www.europesays.com\/es\/wp-json\/wp\/v2\/media?parent=570649"}],"wp:term":[{"taxonomy":"category","embeddable":true,"href":"https:\/\/www.europesays.com\/es\/wp-json\/wp\/v2\/categories?post=570649"},{"taxonomy":"post_tag","embeddable":true,"href":"https:\/\/www.europesays.com\/es\/wp-json\/wp\/v2\/tags?post=570649"}],"curies":[{"name":"wp","href":"https:\/\/api.w.org\/{rel}","templated":true}]}}