{"id":570741,"date":"2026-05-26T00:02:27","date_gmt":"2026-05-26T00:02:27","guid":{"rendered":"https:\/\/www.europesays.com\/es\/570741\/"},"modified":"2026-05-26T00:02:27","modified_gmt":"2026-05-26T00:02:27","slug":"el-jefe-superior-de-policia-en-canarias-en-el-sumario-del-caso-zapatero","status":"publish","type":"post","link":"https:\/\/www.europesays.com\/es\/570741\/","title":{"rendered":"El jefe superior de Polic\u00eda en Canarias, en el sumario del caso Zapatero"},"content":{"rendered":"<p class=\"v-d-p\" style=\"\">La causa de Plus Ultra lleg\u00f3 a la Audiencia Nacional con una derivada que iba m\u00e1s all\u00e1 del rescate de 53 millones concedido a la aerol\u00ednea. Seg\u00fan la documentaci\u00f3n del sumario a la que ha tenido acceso este peri\u00f3dico, el Juzgado de Instrucci\u00f3n n\u00famero 15 de Madrid remiti\u00f3 las actuaciones al considerar que en la causa aparec\u00edan indicios de que Jos\u00e9 Luis Rodr\u00edguez Zapatero, identificado en un chat como \u00abZorro\u00bb, \u00abZ\u00bb o \u00abZZZZ\u00bb, habr\u00eda realizado gestiones ante altos ejecutivos de Repsol en favor del empresario venezolano Danilo D\u00edazgranados Manglano, un personaje supuestamente clave en la &#8216;trama del oro&#8217; del caso. Para complicar m\u00e1s el asunto, los documentos judiciales vinculan a D\u00edazgranados con el comisario que estaba al frente de Barajas durante el misterioso &#8216;Delcygate&#8217;. El comisario en cuesti\u00f3n es el actual jefe superior de Polic\u00eda en Canarias, Jes\u00fas Mar\u00eda G\u00f3mez Mart\u00edn.<\/p>\n<p class=\"v-d-p\" style=\"\">Diazgranados es una pieza clave de la trama, seg\u00fan el sumario. Este empresario venezolano, residente en la lujosa urbanizaci\u00f3n La Finca, en Pozuelo de Alarc\u00f3n, figura en los escritos de Anticorrupci\u00f3n como investigado con \u00abpresunto rol de gestor ejecutivo vinculado a la captaci\u00f3n de clientes eventuales de la estructura\u00bb. La causa lo relaciona con una investigaci\u00f3n internacional de Francia y Suiza sobre una presunta red de blanqueo de capitales con conexiones venezolanas, fondos p\u00fablicos desviados, operaciones con oro y sociedades pantalla.<\/p>\n<p class=\"v-d-p\" style=\"\">La referencia hasta ahora desconocidas del expresidente con Repsol consta en el auto de inhibici\u00f3n dictado el 23 de febrero de 2026 por la magistrada Esperanza Collazos Chamorro a favor del tribunal de la calle G\u00e9nova. La resoluci\u00f3n explica que, en las diligencias abiertas por Anticorrupci\u00f3n, fue intervenido en el despacho de Miguel Palomero de Juan un chat denominado \u00abDanilo-Espa\u00f1a\u00bb, en el que aparecen conversaciones entre D\u00edazgranados y una persona identificada como \u00abZorro\u00bb o \u00abZ\u00bb, a quien el juzgado identifica como Jos\u00e9 Luis Rodr\u00edguez Zapatero.<\/p>\n<p class=\"v-d-p\" style=\"\">El auto es directo. En esas conversaciones, sostiene la jueza, \u00abse ponen en evidencia actos concretos a lo largo de varios a\u00f1os que sugieren la comisi\u00f3n de delitos de cohecho, tr\u00e1fico de influencias, corrupci\u00f3n en los negocios, por parte de una organizaci\u00f3n jerarquizada, organizada y con vocaci\u00f3n de permanencia\u00bb.<\/p>\n<p class=\"v-d-p\" style=\"\">La resoluci\u00f3n a\u00f1ade que en esos mensajes consta \u00abla influencia de Rodr\u00edguez Zapatero ante los altos ejecutivos de Repsol\u00bb para que Danilo D\u00edazgranados obtuviera \u00aben diciembre de 2023 la distribuci\u00f3n de lubricantes de esa compa\u00f1\u00eda en Venezuela\u00bb.<\/p>\n<ul class=\"v-cmp-rld__u\">\n<li class=\"v-cmp-rld__l\">\n<p><a class=\"v-a-lnk\" href=\"http:\/\/www.canarias7.es\/nacional\/politica\/udef-encontro-caja-fuerte-zapatero-decenas-joyas-20260525163308-ntrc.html#vtm_modulosEngag=noticiasrelacionadas-cmp-uno:canarias:noticia:1\" title=\"La UDEF encontr\u00f3 en la caja fuerte de Zapatero un centenar de joyas y una bolsa con la inscripci\u00f3n &#039;Presidencia del Gobierno&#039;\" data-voc-vtm-id=\"in-text-traffic\" rel=\"nofollow noopener\" target=\"_blank\"><br \/>\n<img decoding=\"async\" loading=\"lazy\" src=\"https:\/\/www.europesays.com\/es\/wp-content\/uploads\/2026\/05\/joyas13-kprF-U35305380683Ems-366x256@RC.jpg\" class=\"v-a-img\" width=\"258\" height=\"180\" alt=\"La UDEF encontr\u00f3 en la caja fuerte de Zapatero un centenar de joyas y una bolsa con la inscripci\u00f3n 'Presidencia del Gobierno'\"\/><br \/>\n<\/a><\/p>\n<\/li>\n<\/ul>\n<p class=\"v-d-p\" style=\"\">D\u00edazgranados aparece en la documentaci\u00f3n judicial como uno de los empresarios venezolanos investigados en la pieza que acab\u00f3 conectando las pesquisas sobre blanqueo internacional con la trama de influencias en torno a Plus Ultra. El juzgado madrile\u00f1o sit\u00faa sus gestiones dentro de una causa que, seg\u00fan la resoluci\u00f3n, hab\u00eda partido de informaciones de Francia y Suiza sobre una organizaci\u00f3n criminal dedicada al blanqueo de capitales, con v\u00ednculos venezolanos y ramificaciones en Espa\u00f1a.<\/p>\n<p class=\"v-d-p\" style=\"\">La menci\u00f3n a Repsol introduce una l\u00ednea especialmente sensible: la posible utilizaci\u00f3n de la influencia pol\u00edtica y empresarial de Zapatero para abrir puertas en una compa\u00f1\u00eda estrat\u00e9gica espa\u00f1ola en beneficio de un empresario venezolano. El auto no detalla en ese pasaje qu\u00e9 ejecutivos fueron contactados ni qu\u00e9 mensajes concretos se intercambiaron con la petrolera, pero s\u00ed afirma que la influencia del expresidente habr\u00eda servido para que D\u00edazgranados lograra la distribuci\u00f3n de lubricantes de Repsol en Venezuela.<\/p>\n<p>\nEl jefe superior de Polic\u00eda en Canarias\n<\/p>\n<p class=\"v-d-p\" style=\"\">La derivada de Repsol no es la \u00fanica gesti\u00f3n empresarial que el juzgado madrile\u00f1o atribuye al entorno de Danilo D\u00edazgranados Manglano y Miguel Palomero de Juan. El auto de inhibici\u00f3n tambi\u00e9n menciona la intervenci\u00f3n del comisario Jes\u00fas Mar\u00eda G\u00f3mez Mart\u00edn en una l\u00ednea de negocio vinculada al aeropuerto de Cuatro Vientos, en Madrid. La resoluci\u00f3n sostiene que, \u00abcon la intermediaci\u00f3n\u00bb de ese mando policial, se habr\u00edan facilitado negocios en esas instalaciones con \u00abprocedencia il\u00edcita\u00bb, dentro del mismo bloque de indicios que llev\u00f3 al juzgado a apreciar posibles delitos de cohecho, tr\u00e1fico de influencias y corrupci\u00f3n en los negocios. G\u00f3mez Mart\u00edn, actual jefe superior de Polic\u00eda de Canarias, era el comisario al mando de Barajas la noche del Delcygate, el 20 de enero de 2020, la misteriosa escala de la entonces vicepresidenta venezolana en Madrid.<\/p>\n<p class=\"v-d-p\" style=\"\">Esa referencia aparece conectada con una conversaci\u00f3n del 4 de mayo de 2021 con Koldo Garc\u00eda Izaguirre, entonces asesor de confianza del ministro de Transportes, Jos\u00e9 Luis \u00c1balos. El auto identifica a Koldo como \u00abmano derecha\u00bb del titular de Transportes y sit\u00faa ese contacto dentro de las gestiones que rodeaban a Palomero, D\u00edazgranados y el entorno empresarial investigado. La resoluci\u00f3n no desarrolla en ese pasaje el contenido \u00edntegro de la operaci\u00f3n de Cuatro Vientos, pero s\u00ed la incorpora como una de las piezas que apuntan a una red con capacidad para activar contactos policiales, pol\u00edticos y empresariales en favor de negocios privados.<\/p>\n","protected":false},"excerpt":{"rendered":"La causa de Plus Ultra lleg\u00f3 a la Audiencia Nacional con una derivada que iba m\u00e1s all\u00e1 del&hellip;\n","protected":false},"author":2,"featured_media":570742,"comment_status":"","ping_status":"","sticky":false,"template":"","format":"standard","meta":{"footnotes":""},"categories":[8],"tags":[17,18,1896,25,24,13,14,11,23392,19,20,9,10,15,16,586,23,86404,1577,12,21,22,7472],"class_list":["post-570741","post","type-post","status-publish","format-standard","has-post-thumbnail","category-espana","tag-breaking-news","tag-breakingnews","tag-canarias","tag-es","tag-espana","tag-featured-news","tag-featurednews","tag-headlines","tag-jefe","tag-latest-news","tag-latestnews","tag-news","tag-noticias","tag-noticias-destacadas","tag-noticiasdestacadas","tag-policia","tag-spain","tag-sumario","tag-superior","tag-titulares","tag-ultimas-noticias","tag-ultimasnoticias","tag-zapatero"],"share_on_mastodon":{"url":"https:\/\/pubeurope.com\/@es\/116637948657740839","error":""},"_links":{"self":[{"href":"https:\/\/www.europesays.com\/es\/wp-json\/wp\/v2\/posts\/570741","targetHints":{"allow":["GET"]}}],"collection":[{"href":"https:\/\/www.europesays.com\/es\/wp-json\/wp\/v2\/posts"}],"about":[{"href":"https:\/\/www.europesays.com\/es\/wp-json\/wp\/v2\/types\/post"}],"author":[{"embeddable":true,"href":"https:\/\/www.europesays.com\/es\/wp-json\/wp\/v2\/users\/2"}],"replies":[{"embeddable":true,"href":"https:\/\/www.europesays.com\/es\/wp-json\/wp\/v2\/comments?post=570741"}],"version-history":[{"count":0,"href":"https:\/\/www.europesays.com\/es\/wp-json\/wp\/v2\/posts\/570741\/revisions"}],"wp:featuredmedia":[{"embeddable":true,"href":"https:\/\/www.europesays.com\/es\/wp-json\/wp\/v2\/media\/570742"}],"wp:attachment":[{"href":"https:\/\/www.europesays.com\/es\/wp-json\/wp\/v2\/media?parent=570741"}],"wp:term":[{"taxonomy":"category","embeddable":true,"href":"https:\/\/www.europesays.com\/es\/wp-json\/wp\/v2\/categories?post=570741"},{"taxonomy":"post_tag","embeddable":true,"href":"https:\/\/www.europesays.com\/es\/wp-json\/wp\/v2\/tags?post=570741"}],"curies":[{"name":"wp","href":"https:\/\/api.w.org\/{rel}","templated":true}]}}