{"id":570777,"date":"2026-05-26T00:34:21","date_gmt":"2026-05-26T00:34:21","guid":{"rendered":"https:\/\/www.europesays.com\/es\/570777\/"},"modified":"2026-05-26T00:34:21","modified_gmt":"2026-05-26T00:34:21","slug":"todas-las-opciones-del-surne-bilbao-para-disputar-el-play-off","status":"publish","type":"post","link":"https:\/\/www.europesays.com\/es\/570777\/","title":{"rendered":"Todas las opciones del Surne Bilbao para disputar el &#8216;play-off&#8217;"},"content":{"rendered":"<blockquote class=\"twitter-tweet\" data-lang=\"es\" wp_automatic_readability=\"7.2555066079295\">\n<p lang=\"es\" dir=\"ltr\">GARAIPENA! \ud83d\udd25<br \/>Playoff gosez \ud83d\udc3a<\/p>\n<p>\u00a1Nos hemos ganado el derecho de luchar por estar en el TOP 8 hasta el \u00faltimo segundo de a liga!<\/p>\n<p>GOAZEN BILBAO! <a href=\"https:\/\/t.co\/5hf2EyqdZh\" rel=\"nofollow\">pic.twitter.com\/5hf2EyqdZh<\/a><\/p>\n<p>\u2014 Surne Bilbao \ud83d\ude0e (@bilbaobasket) <a href=\"https:\/\/twitter.com\/bilbaobasket\/status\/2058521640552509519?ref_src=twsrc%5Etfw\" rel=\"nofollow noopener\" target=\"_blank\">24 de mayo de 2026<\/a><\/p><\/blockquote>\n<p>  Variables<\/p>\n<p class=\"article-body__text \">\n        <strong>Tres equipos<\/strong> para <a href=\"https:\/\/www.acb.com\/es\/liga\/clasificacion\" title=\"dos puestos\" rel=\"nofollow noopener\" target=\"_blank\" class=\"link copy\">dos puestos<\/a> de play-off, con los hombres de negro pudiendo terminar entre las <strong>posiciones s\u00e9ptima y novena<\/strong>. Eso s\u00ed, el conjunto de <a href=\"https:\/\/www.deia.eus\/tags\/jaume-ponsarnau\/\" title=\"Jaume Ponsarnau\" class=\"link copy\" rel=\"nofollow noopener\" target=\"_blank\">Jaume Ponsarnau<\/a> se ha ganado el premio de llegar a estas alturas de campa\u00f1a<strong> dependiendo de s\u00ed mismo<\/strong>. Luchar\u00e1 en las eliminatorias finales por el t\u00edtulo de la ACB <strong>si gana en la cancha del conjunto insular<\/strong>, con el que marcha igualado con un notable balance de 18 victorias y 15 contiendas perdidas.\n<\/p>\n<p class=\"article-photo__footer\">\n            Tryygvi Hlinason se cuelga del aro del B\u00e0squet Girona            Oskar Gonz\u00e1lez        <\/p>\n<p>  S\u00e9ptimo u octavo<\/p>\n<p class=\"article-body__text \">\n        En ese supuesto, el de <a href=\"https:\/\/www.deia.eus\/bilbao-basket\/2026\/05\/21\/surne-bilbao-cierre-temporada-horario-tenerife-11100166.html\" title=\"derrotar\" target=\"_blank\" class=\"link copy\" rel=\"nofollow noopener\">derrotar<\/a> a los entrenados por <a href=\"https:\/\/www.deia.eus\/tags\/txus-vidorreta\/\" title=\"Txus Vidorreta\" class=\"link copy\" rel=\"nofollow noopener\" target=\"_blank\">Txus Vidorreta<\/a>, ser\u00eda <strong>s\u00e9ptimo si adem\u00e1s el Unicaja gana, como mucho, uno<\/strong> de sus dos partidos pendientes (adem\u00e1s de visitar ese viernes a un<strong> Kosner Baskonia<\/strong> en plena lucha para acabar como cabeza de serie, tres d\u00edas antes disputar\u00e1 el choque aplazado en el Olimpic ante el <strong>Asisa Joventut<\/strong>, que se retomar\u00e1 tras el descanso con un d\u00e9ficit de 20 puntos para los de Ibon Navarro) y <strong>octavo si saca adelante los dos.<\/strong>\n<\/p>\n<p>  <strong>La peor posibilidad<\/strong><\/p>\n<p class=\"article-body__text \">\n        Tambi\u00e9n existe la posibilidad de que el conjunto vizcaino ocupe esa <strong>preciada octava plaza<\/strong> incluso <strong>perdiendo en territorio insula<\/strong>r, para lo que necesitar\u00eda que el Unicaja pierda sus dos partidos. Sin embargo, si cae derrotado y el conjunto malague\u00f1o suma <strong>al menos una victoria<\/strong> el tel\u00f3n del ejercicio caer\u00eda en ese mismo momento, ya que el Surne Bilbao ser\u00eda noveno al tener en contra el average particular.\n<\/p>\n<p>            <script async src=\"https:\/\/platform.twitter.com\/widgets.js\" charset=\"utf-8\"><\/script><\/p>\n","protected":false},"excerpt":{"rendered":"GARAIPENA! \ud83d\udd25Playoff gosez \ud83d\udc3a \u00a1Nos hemos ganado el derecho de luchar por estar en el TOP 8 hasta&hellip;\n","protected":false},"author":2,"featured_media":570778,"comment_status":"","ping_status":"","sticky":false,"template":"","format":"standard","meta":{"footnotes":""},"categories":[269],"tags":[299,298,2601,168,25,24,1173,21121,23,167,40205],"class_list":["post-570777","post","type-post","status-publish","format-standard","has-post-thumbnail","category-baloncesto","tag-baloncesto","tag-basketball","tag-bilbao","tag-deportes","tag-es","tag-espana","tag-opciones","tag-play-off","tag-spain","tag-sports","tag-surne"],"share_on_mastodon":{"url":"https:\/\/pubeurope.com\/@es\/116638073753266049","error":""},"_links":{"self":[{"href":"https:\/\/www.europesays.com\/es\/wp-json\/wp\/v2\/posts\/570777","targetHints":{"allow":["GET"]}}],"collection":[{"href":"https:\/\/www.europesays.com\/es\/wp-json\/wp\/v2\/posts"}],"about":[{"href":"https:\/\/www.europesays.com\/es\/wp-json\/wp\/v2\/types\/post"}],"author":[{"embeddable":true,"href":"https:\/\/www.europesays.com\/es\/wp-json\/wp\/v2\/users\/2"}],"replies":[{"embeddable":true,"href":"https:\/\/www.europesays.com\/es\/wp-json\/wp\/v2\/comments?post=570777"}],"version-history":[{"count":0,"href":"https:\/\/www.europesays.com\/es\/wp-json\/wp\/v2\/posts\/570777\/revisions"}],"wp:featuredmedia":[{"embeddable":true,"href":"https:\/\/www.europesays.com\/es\/wp-json\/wp\/v2\/media\/570778"}],"wp:attachment":[{"href":"https:\/\/www.europesays.com\/es\/wp-json\/wp\/v2\/media?parent=570777"}],"wp:term":[{"taxonomy":"category","embeddable":true,"href":"https:\/\/www.europesays.com\/es\/wp-json\/wp\/v2\/categories?post=570777"},{"taxonomy":"post_tag","embeddable":true,"href":"https:\/\/www.europesays.com\/es\/wp-json\/wp\/v2\/tags?post=570777"}],"curies":[{"name":"wp","href":"https:\/\/api.w.org\/{rel}","templated":true}]}}