{"id":57088,"date":"2025-08-19T04:30:10","date_gmt":"2025-08-19T04:30:10","guid":{"rendered":"https:\/\/www.europesays.com\/es\/57088\/"},"modified":"2025-08-19T04:30:10","modified_gmt":"2025-08-19T04:30:10","slug":"seguir-una-dieta-saludable-evita-entre-dos-y-tres-enfermedades-cronicas-en-la-vejez","status":"publish","type":"post","link":"https:\/\/www.europesays.com\/es\/57088\/","title":{"rendered":"Seguir una dieta saludable evita entre dos y tres enfermedades cr\u00f3nicas en la vejez"},"content":{"rendered":"<p class=\"ft-text ft-helper-closenews\">Seguir una <a class=\"ft-link ft-link--decoration\" href=\"https:\/\/www.elperiodico.com\/es\/temas\/alimentacion-16090\" target=\"_blank\" rel=\"nofollow noopener\"><strong>dieta saludable<\/strong><\/a> durante <strong>al menos quince a\u00f1os<\/strong> evita <strong>entre dos y tres enfermedades cr\u00f3nicas<\/strong> una vez llegada la tercera edad. As\u00ed lo demuestra un estudio del <a class=\"ft-link ft-link--decoration\" href=\"https:\/\/www.elperiodico.com\/es\/temas\/hospital-del-mar-25592\" target=\"_blank\" rel=\"nofollow noopener\"><strong>Hospital del Mar (Barcelona),<\/strong><\/a><strong> <\/strong>en colaboraci\u00f3n con el <strong>Instituto Karolinska de Suecia,<\/strong> recientemente publicado en &#8216;Nature Aging&#8217;. \u00abEsta investigaci\u00f3n ha visto que mantener una dieta saludable, independientemente de la forma en la que la midas, <strong>reduce el n\u00famero de acumulaci\u00f3n de enfermedades <\/strong>a lo largo del tiempo. Dicho de otro modo: las personas que mejor siguen una alimentaci\u00f3n equilibrada tienen<strong> entre un 9% y un 19% menos de enfermedades cr\u00f3nicas\u00bb, <\/strong>explica <strong>David Abbad G\u00f3mez,<\/strong> m\u00e9dico e investigador del Grupo de Epidemiolog\u00eda y Evaluaci\u00f3n del Hospital del Mar.<\/p>\n<p class=\"ft-text\">Este estudio est\u00e1 basado en el seguimiento de unas<strong> 2.400 personas de m\u00e1s de 66 a\u00f1os<\/strong> durante 15 a\u00f1os. Esta es la<strong> principal novedad<\/strong> del mismo, pues hasta ahora estas investigaciones se hab\u00edan llevado a cabo en poblaci\u00f3n joven que a\u00fan no ha desarrollado este tipo de patolog\u00edas. Adem\u00e1s, este trabajo ha analizado el impacto de <strong>cuatro dietas diferentes <\/strong>y lleg\u00f3 a la conclusi\u00f3n de que las basadas en un <strong>consumo elevado de verduras, fruta, cereales integrales, frutos secos, legumbres, grasas insaturadas y una ingesta reducida de dulces, carne roja y procesada y mantequilla o margarina, <\/strong>ten\u00edan entre el 9 y el 19% menos de enfermedades cr\u00f3nicas, como las cardiovasculares, neurodegenerativas, la hipercolesterolemia, el alzh\u00e9imer, la demencia o las patolog\u00edas psiqui\u00e1tricas.<\/p>\n<p>\u00abEfecto muy significativo\u00bb<\/p>\n<p class=\"ft-text\">\u00abMantener una buena dieta tiene un <strong>efecto muy significativo\u00bb,<\/strong> insiste Abbad G\u00f3mez. \u00abY de ello se benefician no solo las personas de 60 a\u00f1os, sino tambi\u00e9n <strong>las de 80 o m\u00e1s, <\/strong>colectivo que a menudo se queda aislado de las medidas de prevenci\u00f3n\u00bb, a\u00f1ade. Seg\u00fan este estudio, el efecto positivo de una buena dieta se vio significativamente en las <strong>enfermedades cardiovasculares y neuropsiqui\u00e1tricas, <\/strong>pero no en las <strong>musculoesquel\u00e9ticas.<\/strong> En relaci\u00f3n a la<strong> patolog\u00eda cardiovascular,<\/strong> el efecto fue m\u00e1s acusado <strong>en mujeres. <\/strong><\/p>\n<p class=\"ft-text\">Adem\u00e1s, se observ\u00f3 que los beneficios de una de las dietas, especialmente en la<strong> prevenci\u00f3n de enfermedades neuropsiqui\u00e1tricas como la demencia o el p\u00e1rkinson,<\/strong> eran m\u00e1s evidentes en las personas de mayor edad. \u00abEstos resultados refuerzan la importancia de la alimentaci\u00f3n en la <strong>influencia sobre el desarrollo de la multimorbilidad<\/strong> en poblaciones envejecidas y de promover <strong>h\u00e1bitos alimenticios saludables, <\/strong>incluso en etapas avanzadas de la vida para reducir el riesgo de <strong>enfermedades graves y discapacitantes\u00bb,<\/strong> apunta Abbad-G\u00f3mez.<\/p>\n<p class=\"ft-text\">Ahora, los investigadores quieren <strong>identificar las recomendaciones diet\u00e9ticas<\/strong> que pueden tener un mayor impacto en la longevidad y los grupos de adultos de edad avanzada que m\u00e1s pueden beneficiarse de ellas.<\/p>\n<p>Contra la depresi\u00f3n<\/p>\n<p class=\"ft-text\"><a class=\"ft-link ft-link--decoration\" href=\"https:\/\/www.elperiodico.com\/es\/sanidad\/20241010\/dieta-mediterranea-reduce-riesgo-depresion-109145778\" target=\"_blank\" rel=\"nofollow noopener\">Estudios anteriores del Hospital del Mar<\/a> tambi\u00e9n hab\u00edan demostrado que comer bien y de forma saludable puede tener un <strong>efecto protector frente a la depresi\u00f3n.<\/strong> Dietas como la mediterr\u00e1nea, alguna vegetariana o las dirigidas a prevenir la <strong>hipertensi\u00f3n, <\/strong>que coinciden en determinados grupos de alimentos (como<strong>\u00a0fruta, verdura y legumbres<\/strong>\u00a0y la limitaci\u00f3n de la ingesta de carne roja y procesada) previenen la depresi\u00f3n. Sin embargo, existen diferencias en relaci\u00f3n con el <strong>peso del pescado, de los l\u00e1cteos, o del az\u00facar <\/strong>en sus recomendaciones de ingesta de alimentos.<\/p>\n<p class=\"ft-text\">As\u00ed, est\u00e1 demostrado que incrementar la<strong> adherencia a la dieta mediterr\u00e1nea reduce en un 16% el riesgo de sufrir s\u00edntomas de depresi\u00f3n,<\/strong> el equivalente de pasar de no cumplir una de las recomendaciones de la dieta a incorporarla. Este es un factor independiente de otros como el estilo de vida, el peso corporal, la salud o el nivel sociodemogr\u00e1fico de los participantes.<\/p>\n<p data-close=\"closedContent\" class=\"subscribeHideForDisplay\">Suscr\u00edbete para seguir leyendo<\/p>\n","protected":false},"excerpt":{"rendered":"Seguir una dieta saludable durante al menos quince a\u00f1os evita entre dos y tres enfermedades cr\u00f3nicas una vez&hellip;\n","protected":false},"author":2,"featured_media":57089,"comment_status":"","ping_status":"","sticky":false,"template":"","format":"standard","meta":{"footnotes":""},"categories":[92],"tags":[3214,1980,24369,7769,1563,1293,24366,25,24,12041,165,24368,24367,166,11683,1791,23,8691,603,24007],"class_list":{"0":"post-57088","1":"post","2":"type-post","3":"status-publish","4":"format-standard","5":"has-post-thumbnail","7":"category-salud","8":"tag-alimentacion","9":"tag-cataluna","10":"tag-departament-de-salut","11":"tag-dieta","12":"tag-dos","13":"tag-enfermedades","14":"tag-enfermedades-cronicas","15":"tag-es","16":"tag-espana","17":"tag-evita","18":"tag-health","19":"tag-hospital-del-mar","20":"tag-hospital-mar","21":"tag-salud","22":"tag-saludable","23":"tag-seguir","24":"tag-spain","25":"tag-tercera-edad","26":"tag-tres","27":"tag-vejez"},"share_on_mastodon":{"url":"","error":""},"_links":{"self":[{"href":"https:\/\/www.europesays.com\/es\/wp-json\/wp\/v2\/posts\/57088","targetHints":{"allow":["GET"]}}],"collection":[{"href":"https:\/\/www.europesays.com\/es\/wp-json\/wp\/v2\/posts"}],"about":[{"href":"https:\/\/www.europesays.com\/es\/wp-json\/wp\/v2\/types\/post"}],"author":[{"embeddable":true,"href":"https:\/\/www.europesays.com\/es\/wp-json\/wp\/v2\/users\/2"}],"replies":[{"embeddable":true,"href":"https:\/\/www.europesays.com\/es\/wp-json\/wp\/v2\/comments?post=57088"}],"version-history":[{"count":0,"href":"https:\/\/www.europesays.com\/es\/wp-json\/wp\/v2\/posts\/57088\/revisions"}],"wp:featuredmedia":[{"embeddable":true,"href":"https:\/\/www.europesays.com\/es\/wp-json\/wp\/v2\/media\/57089"}],"wp:attachment":[{"href":"https:\/\/www.europesays.com\/es\/wp-json\/wp\/v2\/media?parent=57088"}],"wp:term":[{"taxonomy":"category","embeddable":true,"href":"https:\/\/www.europesays.com\/es\/wp-json\/wp\/v2\/categories?post=57088"},{"taxonomy":"post_tag","embeddable":true,"href":"https:\/\/www.europesays.com\/es\/wp-json\/wp\/v2\/tags?post=57088"}],"curies":[{"name":"wp","href":"https:\/\/api.w.org\/{rel}","templated":true}]}}