{"id":570886,"date":"2026-05-26T02:18:14","date_gmt":"2026-05-26T02:18:14","guid":{"rendered":"https:\/\/www.europesays.com\/es\/570886\/"},"modified":"2026-05-26T02:18:14","modified_gmt":"2026-05-26T02:18:14","slug":"sabadell-abona-este-viernes-el-macrodividendo-de-50-centimos-por-accion-tras-vender-tsb","status":"publish","type":"post","link":"https:\/\/www.europesays.com\/es\/570886\/","title":{"rendered":"Sabadell abona este viernes el &#8216;macrodividendo&#8217; de 50 c\u00e9ntimos por acci\u00f3n tras vender TSB"},"content":{"rendered":"<p style=\"\">Lluvia de dividendos esta semana en el Banco Sabadell , que abonar\u00e1 un dividendo extraordinario de 50 c\u00e9ntimos de euro por acci\u00f3n este viernes tras darse  &#8230; por cerrada la venta de su filial brit\u00e1nica TSB por un importe en efectivo de 2.863 millones de libras esterlinas (unos 3.300 millones de euros).<\/p>\n<p class=\"v-d-p\" style=\"\">El precio de compra se fij\u00f3 al acordar la transacci\u00f3n en 2.650 millones de libras (unos 3.050 millones de euros), lo que implica un m\u00faltiplo de 1,5 veces su valor en libras y, a este importe, seg\u00fan lo acordado, se le a\u00f1adi\u00f3 el valor neto contable tangible (TNAV) generado por TSB hasta el cierre de la operaci\u00f3n, que alcanz\u00f3 los 213 millones de libras (unos 242 millones de euros), seg\u00fan inform\u00f3 este lunes en un comunicado la entidad bancaria.<\/p>\n<p class=\"v-d-p\" style=\"\">La operaci\u00f3n gener\u00f3 a Banco Sabadell m\u00e1s de 400 puntos b\u00e1sicos de capital y una plusval\u00eda ligeramente superior a 300 millones de euros una vez considerados todos los impactos derivados de la operaci\u00f3n.<\/p>\n<p class=\"v-d-p\" style=\"\">El \u00faltimo d\u00eda para comprar las acciones con derecho a dividendo ser\u00e1 este martes, 26 de mayo, por lo que los t\u00edtulos empezar\u00e1n a cotizar &#8216;ex dividendo&#8217;, con el consecuente ajuste t\u00e9cnico en la cotizaci\u00f3n, desde el mi\u00e9rcoles, 27 de mayo.<\/p>\n<p class=\"v-d-p\" style=\"\">Banco Sabadell habilit\u00f3 una calculadora de remuneraci\u00f3n al accionista para que clientes y accionistas puedan recibir informaci\u00f3n de cu\u00e1l ser\u00e1 el importe que les corresponder\u00eda y, a modo de ejemplo, a un accionista que cuente con 1.000 acciones del banco le corresponder\u00eda un dividendo de 500 euros antes de impuestos.<\/p>\n","protected":false},"excerpt":{"rendered":"Lluvia de dividendos esta semana en el Banco Sabadell , que abonar\u00e1 un dividendo extraordinario de 50 c\u00e9ntimos&hellip;\n","protected":false},"author":2,"featured_media":570887,"comment_status":"","ping_status":"","sticky":false,"template":"","format":"standard","meta":{"footnotes":""},"categories":[80],"tags":[41561,1926,82,46008,95,94,25,24,109304,1457,23,575,16315,32684,381],"class_list":["post-570886","post","type-post","status-publish","format-standard","has-post-thumbnail","category-economia","tag-abona","tag-accion","tag-business","tag-centimos","tag-economia","tag-economy","tag-es","tag-espana","tag-macrodividendo","tag-sabadell","tag-spain","tag-tras","tag-tsb","tag-vender","tag-viernes"],"share_on_mastodon":{"url":"https:\/\/pubeurope.com\/@es\/116638482995854694","error":""},"_links":{"self":[{"href":"https:\/\/www.europesays.com\/es\/wp-json\/wp\/v2\/posts\/570886","targetHints":{"allow":["GET"]}}],"collection":[{"href":"https:\/\/www.europesays.com\/es\/wp-json\/wp\/v2\/posts"}],"about":[{"href":"https:\/\/www.europesays.com\/es\/wp-json\/wp\/v2\/types\/post"}],"author":[{"embeddable":true,"href":"https:\/\/www.europesays.com\/es\/wp-json\/wp\/v2\/users\/2"}],"replies":[{"embeddable":true,"href":"https:\/\/www.europesays.com\/es\/wp-json\/wp\/v2\/comments?post=570886"}],"version-history":[{"count":0,"href":"https:\/\/www.europesays.com\/es\/wp-json\/wp\/v2\/posts\/570886\/revisions"}],"wp:featuredmedia":[{"embeddable":true,"href":"https:\/\/www.europesays.com\/es\/wp-json\/wp\/v2\/media\/570887"}],"wp:attachment":[{"href":"https:\/\/www.europesays.com\/es\/wp-json\/wp\/v2\/media?parent=570886"}],"wp:term":[{"taxonomy":"category","embeddable":true,"href":"https:\/\/www.europesays.com\/es\/wp-json\/wp\/v2\/categories?post=570886"},{"taxonomy":"post_tag","embeddable":true,"href":"https:\/\/www.europesays.com\/es\/wp-json\/wp\/v2\/tags?post=570886"}],"curies":[{"name":"wp","href":"https:\/\/api.w.org\/{rel}","templated":true}]}}