{"id":570906,"date":"2026-05-26T02:37:13","date_gmt":"2026-05-26T02:37:13","guid":{"rendered":"https:\/\/www.europesays.com\/es\/570906\/"},"modified":"2026-05-26T02:37:13","modified_gmt":"2026-05-26T02:37:13","slug":"osasuna-no-ha-contactado-con-ningun-tecnico-y-pretende-hacerlo-en-los-proximos-dias","status":"publish","type":"post","link":"https:\/\/www.europesays.com\/es\/570906\/","title":{"rendered":"Osasuna no ha contactado con ning\u00fan t\u00e9cnico y pretende hacerlo en los pr\u00f3ximos d\u00edas"},"content":{"rendered":"<p>\n        <a href=\"https:\/\/www.noticiasdenavarra.com\/osasuna\/2026\/05\/25\/lisci-fuera-osasuna-11116076.html\" title=\"Tras confirmarse la salida de Alessio Lisci,\" class=\"link copy\" rel=\"nofollow noopener\" target=\"_blank\">Tras confirmarse la salida de Alessio Lisci,<\/a> la direcci\u00f3n deportiva del <strong>Club Atl\u00e9tico Osasuna<\/strong> ha querido blindar su hoja de ruta con un mensaje de absoluta pulcritud en las negociaciones. Seg\u00fan fuentes cercanas a la entidad navarra, el club <strong>no ha hablado con ning\u00fan entrenador<\/strong> antes de oficializar la destituci\u00f3n del t\u00e9cnico italiano, desmintiendo as\u00ed los rumores que apuntaban a contactos previos en los despachos de El Sadar.\n<\/p>\n<p class=\"article-body__text \">\n        Una vez ejecutada la decisi\u00f3n de rescindir el contrato del preparador transalpino, Osasuna <strong>inicia ahora una b\u00fasqueda activa de nuevo entrenador<\/strong> para asumir las riendas del primer equipo con vistas a los pr\u00f3ximos retos de la temporada pr\u00f3xima. La semana pasada, diferentes agentes s\u00ed que ofrecieron alg\u00fan nombre ante la posibilidad de que el equipo descendiese, pero esas propuestas no fueron ni atendidas ni valoradas por parte de la direcci\u00f3n deportiva,\n<\/p>\n<p class=\"article-body__text \">\n        Con la vacante oficialmente libre, <strong>el perfil del futuro t\u00e9cnico rojillo ya empieza a perfilarse en los despachos del club<\/strong>. Osasuna no quiere precipitarse, pero la maquinaria ya funciona a pleno rendimiento bajo unos criterios muy definidos, seg\u00fan comentaron las mismas fuentes.\n<\/p>\n<p class=\"article-body__text \">\n        A partir de este momento, el baile de nombres en el mercado de entrenadores queda inaugurado, aunque la directiva mantiene el hermetismo habitual para evitar filtraciones que puedan encarecer las negociaciones.\n<\/p>\n<p class=\"article-body__text \">\n        El casting para el <strong>banquillo de Osasuna<\/strong> acaba de comenzar. En las pr\u00f3ximas horas se intensificar\u00e1n las reuniones y los primeros contactos formales con los agentes de los candidatos, con el objetivo de cerrar la incorporaci\u00f3n del nuevo estratega lo antes posible y arrancar la reestructuraci\u00f3n deportiva con plenas garant\u00edas.<\/p>\n","protected":false},"excerpt":{"rendered":"Tras confirmarse la salida de Alessio Lisci, la direcci\u00f3n deportiva del Club Atl\u00e9tico Osasuna ha querido blindar su&hellip;\n","protected":false},"author":2,"featured_media":570907,"comment_status":"","ping_status":"","sticky":false,"template":"","format":"standard","meta":{"footnotes":""},"categories":[93],"tags":[808,20263,168,2226,25,24,6683,621,23,167],"class_list":["post-570906","post","type-post","status-publish","format-standard","has-post-thumbnail","category-deportes","tag-ahora","tag-busqueda","tag-deportes","tag-entrenador","tag-es","tag-espana","tag-inicia","tag-osasuna","tag-spain","tag-sports"],"share_on_mastodon":{"url":"https:\/\/pubeurope.com\/@es\/116638557458235798","error":""},"_links":{"self":[{"href":"https:\/\/www.europesays.com\/es\/wp-json\/wp\/v2\/posts\/570906","targetHints":{"allow":["GET"]}}],"collection":[{"href":"https:\/\/www.europesays.com\/es\/wp-json\/wp\/v2\/posts"}],"about":[{"href":"https:\/\/www.europesays.com\/es\/wp-json\/wp\/v2\/types\/post"}],"author":[{"embeddable":true,"href":"https:\/\/www.europesays.com\/es\/wp-json\/wp\/v2\/users\/2"}],"replies":[{"embeddable":true,"href":"https:\/\/www.europesays.com\/es\/wp-json\/wp\/v2\/comments?post=570906"}],"version-history":[{"count":0,"href":"https:\/\/www.europesays.com\/es\/wp-json\/wp\/v2\/posts\/570906\/revisions"}],"wp:featuredmedia":[{"embeddable":true,"href":"https:\/\/www.europesays.com\/es\/wp-json\/wp\/v2\/media\/570907"}],"wp:attachment":[{"href":"https:\/\/www.europesays.com\/es\/wp-json\/wp\/v2\/media?parent=570906"}],"wp:term":[{"taxonomy":"category","embeddable":true,"href":"https:\/\/www.europesays.com\/es\/wp-json\/wp\/v2\/categories?post=570906"},{"taxonomy":"post_tag","embeddable":true,"href":"https:\/\/www.europesays.com\/es\/wp-json\/wp\/v2\/tags?post=570906"}],"curies":[{"name":"wp","href":"https:\/\/api.w.org\/{rel}","templated":true}]}}