{"id":57092,"date":"2025-08-19T04:32:06","date_gmt":"2025-08-19T04:32:06","guid":{"rendered":"https:\/\/www.europesays.com\/es\/57092\/"},"modified":"2025-08-19T04:32:06","modified_gmt":"2025-08-19T04:32:06","slug":"la-feria-del-videojuego-gamescom-2025-abre-sus-puertas-en-alemania","status":"publish","type":"post","link":"https:\/\/www.europesays.com\/es\/57092\/","title":{"rendered":"La Feria Del Videojuego Gamescom 2025 Abre Sus Puertas En Alemania"},"content":{"rendered":"<p data-type=\"paragraph\" data=\"[object Object]\">El juego de disparos \u00abCall of Duty: Black Ops 7\u00bb y la continuaci\u00f3n de la saga japonesa \u00abResident Evil\u00bb dan este martes el pistoletazo de salida en Alemania a la Gamescom, una de las mayores ferias mundiales del videojuego.<\/p>\n<p data-type=\"paragraph\" data=\"[object Object]\" class=\"emotion-1akm6h5-Paragraph e1e4oisd0\">Durante una velada inaugural prevista para la noche, se desvelar\u00e1n durante casi dos horas nuevas im\u00e1genes de las superproducciones esperadas en los pr\u00f3ximos meses.<\/p>\n<p data-type=\"paragraph\" data=\"[object Object]\" class=\"emotion-1akm6h5-Paragraph e1e4oisd0\">Todo ante un p\u00fablico de m\u00e1s de 5.000 personas reunidas en Colonia (oeste), entre las que estar\u00e1 un ej\u00e9rcito de periodistas, profesionales y aficionados.<\/p>\n<p data-type=\"paragraph\" data=\"[object Object]\" class=\"emotion-1akm6h5-Paragraph e1e4oisd0\">En la edici\u00f3n de 2024, cerca de 335.000 visitantes acudieron a la cita. Los organizadores esperan volver a alcanzar este a\u00f1o las cifras de asistencia previas a la pandemia de covid-19, que rondaban los 370.000 participantes.<\/p>\n<p data-type=\"paragraph\" data=\"[object Object]\" class=\"emotion-1akm6h5-Paragraph e1e4oisd0\">A partir del mi\u00e9rcoles, profesionales y aficionados, algunos disfrazados de sus personajes preferidos, se dar\u00e1n cita durante cinco d\u00edas en los inmensos pabellones del recinto ferial Koelnmesse para probar sus videojuegos favoritos.<\/p>\n<p data-type=\"paragraph\" data=\"[object Object]\" class=\"emotion-1akm6h5-Paragraph e1e4oisd0\">Ausente en 2024, Nintendo regresa con el \u00e9xito del lanzamiento de la Switch 2, mientras que Xbox (Microsoft) presentar\u00e1 sus nuevas consolas port\u00e1tiles previstas para finales de a\u00f1o. La japonesa Sony ha decidido no asistir.<\/p>\n<p data-type=\"paragraph\" data=\"[object Object]\" class=\"emotion-1akm6h5-Paragraph e1e4oisd0\">Entre los juegos m\u00e1s destacados de este a\u00f1o se encuentran los nuevos episodios de las sagas japonesas de terror \u00abSilent Hill\u00bb y \u00abResident Evil\u00bb, la esperada secuela de una joya de la escena independiente, \u00abHollow Knight: Silksong\u00bb, o \u00abMetroid Prime 4\u00bb, nueva entrega de la serie de ciencia ficci\u00f3n de Nintendo.<\/p>\n<p data-type=\"paragraph\" data=\"[object Object]\" class=\"emotion-1akm6h5-Paragraph e1e4oisd0\">Sin embargo, el ambiente entre los 1.500 expositores es bastante dispar: aunque todos los indicadores econ\u00f3micos son positivos para los principales desarrolladores de videojuegos, contin\u00faan las oleadas de despidos.<\/p>\n<p data-type=\"paragraph\" data=\"[object Object]\" class=\"emotion-1akm6h5-Paragraph e1e4oisd0\">\u00abEl sector ha atravesado un periodo dif\u00edcil en los \u00faltimos dos a\u00f1os, con recortes de plantilla, cierre de estudios y proyectos interrumpidos\u00bb, explic\u00f3 a la AFP Felix Falk, director general de la asociaci\u00f3n alemana de la industria del videojuego y coorganizador del evento.<\/p>\n<p data-type=\"paragraph\" data=\"[object Object]\" class=\"emotion-1akm6h5-Paragraph e1e4oisd0\">Seg\u00fan el sitio web Game Industry Layoffs, cerca de 30.000 empleados del sector han perdido su empleo desde principios de 2023, m\u00e1s de 4000 de ellos este a\u00f1o.<\/p>\n<p data-type=\"paragraph\" data=\"[object Object]\" class=\"emotion-1akm6h5-Paragraph e1e4oisd0\">kf-tgb\/clr\/de\/arm\/cjc<\/p>\n","protected":false},"excerpt":{"rendered":"El juego de disparos \u00abCall of Duty: Black Ops 7\u00bb y la continuaci\u00f3n de la saga japonesa \u00abResident&hellip;\n","protected":false},"author":2,"featured_media":32422,"comment_status":"","ping_status":"","sticky":false,"template":"","format":"standard","meta":{"footnotes":""},"categories":[81],"tags":[1660,119,123,124,25,24,599,117,121,122,23,116,118,120,132],"class_list":{"0":"post-57092","1":"post","2":"type-post","3":"status-publish","4":"format-standard","5":"has-post-thumbnail","7":"category-ciencia-y-tecnologia","8":"tag-alemania","9":"tag-ciencia","10":"tag-ciencia-y-tecnologia","11":"tag-cienciaytecnologia","12":"tag-es","13":"tag-espana","14":"tag-feria","15":"tag-science","16":"tag-science-and-technology","17":"tag-scienceandtechnology","18":"tag-spain","19":"tag-synd","20":"tag-technology","21":"tag-tecnologia","22":"tag-videojuegos"},"share_on_mastodon":{"url":"","error":""},"_links":{"self":[{"href":"https:\/\/www.europesays.com\/es\/wp-json\/wp\/v2\/posts\/57092","targetHints":{"allow":["GET"]}}],"collection":[{"href":"https:\/\/www.europesays.com\/es\/wp-json\/wp\/v2\/posts"}],"about":[{"href":"https:\/\/www.europesays.com\/es\/wp-json\/wp\/v2\/types\/post"}],"author":[{"embeddable":true,"href":"https:\/\/www.europesays.com\/es\/wp-json\/wp\/v2\/users\/2"}],"replies":[{"embeddable":true,"href":"https:\/\/www.europesays.com\/es\/wp-json\/wp\/v2\/comments?post=57092"}],"version-history":[{"count":0,"href":"https:\/\/www.europesays.com\/es\/wp-json\/wp\/v2\/posts\/57092\/revisions"}],"wp:featuredmedia":[{"embeddable":true,"href":"https:\/\/www.europesays.com\/es\/wp-json\/wp\/v2\/media\/32422"}],"wp:attachment":[{"href":"https:\/\/www.europesays.com\/es\/wp-json\/wp\/v2\/media?parent=57092"}],"wp:term":[{"taxonomy":"category","embeddable":true,"href":"https:\/\/www.europesays.com\/es\/wp-json\/wp\/v2\/categories?post=57092"},{"taxonomy":"post_tag","embeddable":true,"href":"https:\/\/www.europesays.com\/es\/wp-json\/wp\/v2\/tags?post=57092"}],"curies":[{"name":"wp","href":"https:\/\/api.w.org\/{rel}","templated":true}]}}