{"id":570946,"date":"2026-05-26T03:16:21","date_gmt":"2026-05-26T03:16:21","guid":{"rendered":"https:\/\/www.europesays.com\/es\/570946\/"},"modified":"2026-05-26T03:16:21","modified_gmt":"2026-05-26T03:16:21","slug":"la-limpieza-que-prepara-xabi-alonso-en-el-chelsea","status":"publish","type":"post","link":"https:\/\/www.europesays.com\/es\/570946\/","title":{"rendered":"La limpieza que prepara Xabi Alonso en el Chelsea"},"content":{"rendered":"<p class=\"ft-text\">El nuevo proyecto de Chelsea tiene l\u00edder.<strong> Xabi Alonso aterrizar\u00e1 en Stamford Bridge a partir del pr\u00f3ximo 1 de julio despu\u00e9s de aceptar el reto de reconstruir a un gigante venido a menos, incapaz de convertir la multimillonaria inversi\u00f3n de BlueCo en resultados deportivos<\/strong>. El t\u00e9cnico tolosarra llega con m\u00e1s poder de decisi\u00f3n que sus predecesores y con la misi\u00f3n de devolver estabilidad a un vestuario que ha vivido demasiados cambios en los \u00faltimos a\u00f1os. <\/p>\n<p class=\"ft-text\">La situaci\u00f3n deportiva es cr\u00edtica.<strong> El Chelsea termin\u00f3 la temporada 2025-26 fuera de todas las competiciones europeas tras una recta final desastrosa en Premier League.<\/strong> <a class=\"ft-link ft-link--decoration\" href=\"https:\/\/www.sport.es\/es\/noticias\/premier-league\/varapalo-xabi-alonso-chelsea-fuera-130604119\" rel=\"nofollow noopener\" target=\"_blank\">Ni Champions, ni Europa League, ni siquiera Conference League<\/a>. La derrota ante el <strong>Sunderland <\/strong>en la \u00faltima jornada acab\u00f3 de confirmar el desastre y dej\u00f3 al club londinense fuera del escaparate continental, un golpe econ\u00f3mico y deportivo que condicionar\u00e1 por completo la planificaci\u00f3n del nuevo entrenador.<\/p>\n<p><img decoding=\"async\" src=\"https:\/\/www.europesays.com\/es\/wp-content\/uploads\/2026\/05\/f0aa14bb-519d-4472-bed2-51140ff7635b_alta-libre-aspect-ratio_default_0_x1000y444.jpg\" width=\"1200\" height=\"800\" alt=\"Xabi Alonso enamora en Londres\" class=\"ft-helper-img-rd\" loading=\"lazy\" fetchpriority=\"auto\"\/><\/p>\n<p class=\"ft-helper-fontColor-quaternary ft-helper-fontSize-body-S ft-helper-spacer-t-xxs\">Xabi Alonso enamora en Londres  \/ CHRISTOPHER NEUNDORF \/ EFE<\/p>\n<p class=\"ft-text\">Precisamente esa ausencia de competici\u00f3n europea amenaza con provocar una <strong>importante fuga de talento. <\/strong>Varios futbolistas importantes quieren seguir compitiendo al m\u00e1ximo nivel y ya aparecen en la \u00f3rbita de grandes clubes del continente. <a class=\"ft-link ft-link--decoration\" href=\"https:\/\/www.sport.es\/es\/noticias\/premier-league\/mazazo-europeo-chelsea-pone-jaque-130610135\" rel=\"nofollow noopener\" target=\"_blank\">El caso m\u00e1s delicado es el de<\/a><a class=\"ft-link ft-link--decoration\" href=\"https:\/\/www.sport.es\/es\/noticias\/premier-league\/mazazo-europeo-chelsea-pone-jaque-130610135\" rel=\"nofollow noopener\" target=\"_blank\"><strong> Enzo Fern\u00e1ndez<\/strong><\/a><a class=\"ft-link ft-link--decoration\" href=\"https:\/\/www.sport.es\/es\/noticias\/premier-league\/mazazo-europeo-chelsea-pone-jaque-130610135\" rel=\"nofollow noopener\" target=\"_blank\">, uno de los l\u00edderes del vestuario y pretendido por el Real Madrid. Tambi\u00e9n <\/a><a class=\"ft-link ft-link--decoration\" href=\"https:\/\/www.sport.es\/es\/noticias\/premier-league\/mazazo-europeo-chelsea-pone-jaque-130610135\" rel=\"nofollow noopener\" target=\"_blank\"><strong>Jo\u00e3o Pedro<\/strong><\/a><a class=\"ft-link ft-link--decoration\" href=\"https:\/\/www.sport.es\/es\/noticias\/premier-league\/mazazo-europeo-chelsea-pone-jaque-130610135\" rel=\"nofollow noopener\" target=\"_blank\"> interesa al FC Barcelona, mientras que <\/a><a class=\"ft-link ft-link--decoration\" href=\"https:\/\/www.sport.es\/es\/noticias\/premier-league\/mazazo-europeo-chelsea-pone-jaque-130610135\" rel=\"nofollow noopener\" target=\"_blank\"><strong>Cole Palmer y Marc Cucurella<\/strong><\/a><a class=\"ft-link ft-link--decoration\" href=\"https:\/\/www.sport.es\/es\/noticias\/premier-league\/mazazo-europeo-chelsea-pone-jaque-130610135\" rel=\"nofollow noopener\" target=\"_blank\"> cuentan con pretendientes en la Premier y en LaLiga. <\/a><\/p>\n<p class=\"ft-text\"><strong>Xabi Alonso, sin embargo, tambi\u00e9n tiene decidido acometer una profunda limpieza interna. <\/strong>El t\u00e9cnico considera que parte de la plantilla no ha estado a la altura de las expectativas y entiende que el club necesita rebajar masa salarial y reducir un vestuario sobredimensionado. <strong>Futbolistas como Malo Gusto, Liam Delap o Alejandro Garnacho han quedado se\u00f1alados por su bajo rendimiento y podr\u00edan salir este verano si llegan ofertas convincentes. <\/strong><\/p>\n<p><img decoding=\"async\" src=\"https:\/\/www.europesays.com\/es\/wp-content\/uploads\/2026\/05\/741289bf-115e-4b58-bf15-cfaf94945977_alta-libre-aspect-ratio_default_0_x1000y450.jpg\" width=\"1200\" height=\"811\" alt=\"Alejandro Garnacho, del Chelsea, ante el Wrexham en la FA Cup\" class=\"ft-helper-img-rd\" loading=\"lazy\" fetchpriority=\"auto\"\/><\/p>\n<p class=\"ft-helper-fontColor-quaternary ft-helper-fontSize-body-S ft-helper-spacer-t-xxs\">Alejandro Garnacho, del Chelsea, ante el Wrexham en la FA Cup  \/ DPA v\u00eda Europa Press<\/p>\n<p class=\"ft-text\">Otros nombres tambi\u00e9n generan incertidumbre. Lo cierto es que la decepci\u00f3n vivida esta temporada deja a muchos futbolistas se\u00f1alados, y podr\u00edan ser &#8216;apartados&#8217; por Xabi Alonso a su llegada. <strong>Ahora le toca al t\u00e9cnico vasco analizar la plantilla actual y decidir con qu\u00e9 jugadores contar\u00e1 y con cu\u00e1les no de cara a la pr\u00f3xima temporada.<\/strong><\/p>\n<p class=\"ft-text\">La idea de Xabi Alonso pasa por construir un equipo m\u00e1s competitivo, m\u00e1s reconocible y con jugadores plenamente comprometidos con su modelo. <strong>En Stamford Bridge empiezan a asumir que habr\u00e1 ventas importantes y que el mercado estar\u00e1 marcado tanto por las necesidades de la plantilla como por la falta de atractivo deportivo que supone quedarse sin Europa.<\/strong> La reconstrucci\u00f3n ya ha empezado. <\/p>\n","protected":false},"excerpt":{"rendered":"El nuevo proyecto de Chelsea tiene l\u00edder. Xabi Alonso aterrizar\u00e1 en Stamford Bridge a partir del pr\u00f3ximo 1&hellip;\n","protected":false},"author":2,"featured_media":570947,"comment_status":"","ping_status":"","sticky":false,"template":"","format":"standard","meta":{"footnotes":""},"categories":[268],"tags":[3732,14015,168,25,24,280,282,8528,5936,281,23,167,1781],"class_list":["post-570946","post","type-post","status-publish","format-standard","has-post-thumbnail","category-futbol","tag-alonso","tag-chelsea","tag-deportes","tag-es","tag-espana","tag-football","tag-futbol","tag-limpieza","tag-prepara","tag-soccer","tag-spain","tag-sports","tag-xabi"],"share_on_mastodon":{"url":"https:\/\/pubeurope.com\/@es\/116638711467546261","error":""},"_links":{"self":[{"href":"https:\/\/www.europesays.com\/es\/wp-json\/wp\/v2\/posts\/570946","targetHints":{"allow":["GET"]}}],"collection":[{"href":"https:\/\/www.europesays.com\/es\/wp-json\/wp\/v2\/posts"}],"about":[{"href":"https:\/\/www.europesays.com\/es\/wp-json\/wp\/v2\/types\/post"}],"author":[{"embeddable":true,"href":"https:\/\/www.europesays.com\/es\/wp-json\/wp\/v2\/users\/2"}],"replies":[{"embeddable":true,"href":"https:\/\/www.europesays.com\/es\/wp-json\/wp\/v2\/comments?post=570946"}],"version-history":[{"count":0,"href":"https:\/\/www.europesays.com\/es\/wp-json\/wp\/v2\/posts\/570946\/revisions"}],"wp:featuredmedia":[{"embeddable":true,"href":"https:\/\/www.europesays.com\/es\/wp-json\/wp\/v2\/media\/570947"}],"wp:attachment":[{"href":"https:\/\/www.europesays.com\/es\/wp-json\/wp\/v2\/media?parent=570946"}],"wp:term":[{"taxonomy":"category","embeddable":true,"href":"https:\/\/www.europesays.com\/es\/wp-json\/wp\/v2\/categories?post=570946"},{"taxonomy":"post_tag","embeddable":true,"href":"https:\/\/www.europesays.com\/es\/wp-json\/wp\/v2\/tags?post=570946"}],"curies":[{"name":"wp","href":"https:\/\/api.w.org\/{rel}","templated":true}]}}