{"id":57115,"date":"2025-08-19T04:47:09","date_gmt":"2025-08-19T04:47:09","guid":{"rendered":"https:\/\/www.europesays.com\/es\/57115\/"},"modified":"2025-08-19T04:47:09","modified_gmt":"2025-08-19T04:47:09","slug":"la-casa-sindical-de-madrid","status":"publish","type":"post","link":"https:\/\/www.europesays.com\/es\/57115\/","title":{"rendered":"la Casa Sindical de Madrid"},"content":{"rendered":"\n<p> El <strong>r<\/strong>\u00e9gimen franquista dej\u00f3 tras de s\u00ed toda una ristra de edificaciones ligadas a la arquitectura institucional que todav\u00eda en la actualidad siguen en uso. M\u00e1s all\u00e1 de la antigua <strong>Casa Sindical<\/strong>, actual Ministerio de Sanidad, declarada hace unos d\u00edas <a href=\"https:\/\/www.elconfidencial.com\/el-grito\/2025-02-15\/patrimonio-dispara-el-registro-de-pinturas-para-evitar-su-fuga-fuera-de-espana_4063859\/\" target=\"_blank\" rel=\"nofollow noopener\">Bien de Inter\u00e9s Cultural <\/a>(BIC), Madrid es el escenario principal en donde estas construcciones se yerguen imponentes en las avenidas y paseos m\u00e1s transitados. En estas l\u00edneas, un experto recorre algunos otros grandes ejemplos de inmuebles de la \u00e9poca que todav\u00eda<strong> no gozan de ning\u00fan tipo de protecci\u00f3n<\/strong>. <\/p>\n<p> El Consejo de Ministros aprob\u00f3 a finales de julio la declaraci\u00f3n de BIC, en la categor\u00eda de Monumento, del edificio de la Casa Sindical ubicado en los n\u00fameros 18 y 20 del <a href=\"https:\/\/www.elconfidencial.com\/espana\/madrid\/2025-03-11\/pasado-desconocido-museo-prado-que-habia-edificio-villanueva-antes-ser-pinacoteca-mas-importante-espana-1qrt-1tna_4083842\/\" target=\"_self\" rel=\"nofollow noopener\">Paseo del Prado<\/a>. Esto supone la aplicaci\u00f3n de la m\u00e1xima categor\u00eda de protecci\u00f3n que establece la Ley 16\/1985. Fue erigido en 1955 tras un concurso realizado en 1949 que gan\u00f3 el arquitecto <strong>Francisco de As\u00eds Cabrero<\/strong>, tal y como recuerda el vocal de Patrimonio del Colegio Oficial de Arquitectura de Madrid (COAM), Ram\u00f3n Andrada. <\/p>\n<p> A d\u00eda de hoy el edificio alberga la sede del <a href=\"https:\/\/www.elconfidencial.com\/tags\/organismos\/ministerio-de-sanidad-6108\/\" target=\"_blank\" rel=\"nofollow noopener\">Ministerio de Sanidad <\/a>y del Ministerio de Derechos Sociales, Consumo y Agenda 2030, igual que lo hac\u00eda hasta hace un tiempo con la sede del Ministerio de Juventud e Infancia. <\/p>\n<p>              Hospital La Princesa. (COAM)            <\/p>\n<p> Situada en los l\u00edmites del Paseo del Prado y Buen Retiro, en el entorno del llamado \u2018<a href=\"https:\/\/www.elconfidencial.com\/espana\/madrid\/2024-11-25\/las-primeras-obras-del-paisaje-de-la-luz-costaran-al-consistorio-al-menos-2-millones-de-euros_4003291\/\" target=\"_blank\" rel=\"nofollow noopener\">Paisaje de la Luz<\/a>\u2019, Patrimonio Mundial de la Unesco desde 2021, el enclave se ampli\u00f3 en 1960 con una nueva construcci\u00f3n planteada como una extensi\u00f3n de la primera y que, en la actualidad, alberga la sede de Comisiones Obreras en la capital. Andrada apunta que la construcci\u00f3n de este edificio \u00absupuso el inicio de la <strong>apertura del r\u00e9gimen <\/strong>franquista hacia otra formas de arquitectura\u00bb. <\/p>\n<p>           Una nueva \u00e9poca: sin ornamentaci\u00f3n          <\/p>\n<p> Seg\u00fan comenta este especialista, As\u00eds Cabrero plante\u00f3 un edificio con vol\u00famenes sim\u00e9tricos al <a href=\"https:\/\/www.elconfidencial.com\/espana\/madrid\/2023-05-02\/propuestas-reforma-paseo-prado-madrid-partidos-28m_3615846\/\" target=\"_blank\" rel=\"nofollow noopener\">Paseo del Prado <\/a>con una concepci\u00f3n cl\u00e1sica. \u00abSin embargo, emple\u00f3 un lenguaje totalmente nuevo para esa \u00e9poca, que es la <strong>ausencia de todo tipo de ornato<\/strong> en el edificio\u00bb, a\u00f1ade. De esta forma, cualquier persona puede apreciar unas <strong>fachadas desnudas<\/strong> a la par que compuestas de manera sim\u00e9trica y ordenada. \u00abEsa desnudez fue la aportaci\u00f3n y el punto de inflexi\u00f3n que la obra de este arquitecto supuso para la arquitectura administrativa u oficial del r\u00e9gimen\u00bb, comenta. <\/p>\n<p> Por otra parte, el interior acoge una distribuci\u00f3n funcional \u00abmoderna para aquella d\u00e9cada\u00bb, puntualiza el mismo Andrada. Despu\u00e9s de acceder a un gran <a href=\"https:\/\/www.elconfidencial.com\/espana\/madrid\/2025-05-23\/fabrica-cerveza-aguila-bien-cultural-1hms_4130608\/\" target=\"_self\" rel=\"nofollow noopener\">vest\u00edbulo<\/a>, entrada a su vez a un sal\u00f3n de actos, la organizaci\u00f3n de las plantas es m\u00e1s o menos similar unas a otras. \u00abFue tan funcional que hoy en d\u00eda sigue sirviendo para albergar oficinas en \u00e9l\u00bb, dice el vocal de Patrimonio del COAM. <\/p>\n<p>              Estado Mayor de la Defensa. (COAM)           Un edificio con obras art\u00edsticas en el interior y exterior          <\/p>\n<p> Los albores y postrimer\u00edas de aquella mitad del siglo XX fueron una \u00e9poca de cambios en la arquitectura del r\u00e9gimen franquista. Andrada menciona el Instituto Nacional de Colonizaci\u00f3n, proyectado por <strong>Jos\u00e9 Tam\u00e9s Alarc\u00f3n<\/strong>, levantado en 1949 y situado en el n\u00famero 112 del <a href=\"https:\/\/blogs.elconfidencial.com\/espana\/madrid\/caminemos-madrid\/2025-06-22\/el-artefacto-la-cupula-y-la-plaza-viva-cuando-ellas-crean-arquitectura-y-los-demas-callan_4156084\/\" target=\"_self\" rel=\"nofollow noopener\">Paseo de la Castellana<\/a> como un ejemplo de ello. El n\u00famero 178 de la Revista Nacional de Arquitectura ya hablaba de este enclave y de los escultores y pintores que colaboraron en la obra. <\/p>\n<p> Al escultor <strong>Angel Ferrant<\/strong> se deben los cuatro altorrelieves de la fachada de la entonces avenida del General\u00edsimo, situados en la parte superior del p\u00f3rtico de entrada, representativos de las estaciones del a\u00f1o. A <strong>Eduardo Carretera<\/strong>, los bajorrelieves con temas florales y de cultivos, situados en los espacios entre halcones de la planta principal. Los dos grupos murales situados en el vest\u00edbulo de entrada son de <strong>Amadeo Gahino<\/strong>. <\/p>\n<p>             <img decoding=\"async\" class=\"inTextNews__img\" alt=\"Foto: Un edificio de cada color. (P. P.)\" src=\"https:\/\/www.europesays.com\/es\/wp-content\/uploads\/2025\/08\/f.elconfidencial.com\/original\/c41\/02c\/bc2\/c4102cbc270ec183da5eb4c9b4113c75.jpg\"  \/>     <\/p>\n<p>TE PUEDE INTERESAR<\/p>\n<p>      <a class=\"inTextNews__title\" href=\"https:\/\/www.elconfidencial.com\/cultura\/2025-08-01\/edificio-comtessa-ciudad-payaso-barrios-espana_4182967\/\" onclick=\"window.ECCO.emit(&#039;amplitude&#039;, { dataEventName: &#039;click_related_article_module&#039;, data: { related_article_url: &#039;https:\/\/www.elconfidencial.com\/cultura\/2025-08-01\/edificio-comtessa-ciudad-payaso-barrios-espana_4182967\/&#039;, related_article_author: &#039;H\u00e9ctor G. Barn\u00e9s,Pedro Pascual Garc\u00eda&#039;, related_article_section: &#039;cultura&#039; } })\" rel=\"nofollow noopener\" target=\"_blank\"> Del edificio Comtessa a la ciudad payaso: los barrios de Espa\u00f1a ya no son lo que eran <\/a>   <\/p>\n<p>    H\u00e9ctor Garc\u00eda Barn\u00e9s     Fotograf\u00eda: Pedro Pascual   <\/p>\n<p> La imagen de San Isidro colocada en la plataforma del patio central es de Antonio Cano. Las pinturas realizadas directamente sobre los revestimientos en piedra de Colmenar, de la escalera de Direcci\u00f3n, son de Manuel Rivera; y el mapa de Espa\u00f1a que ocupa uno de los frentes de la Sala de Consejos es de Jos\u00e9 Lapayese. <\/p>\n<p>           Quejas de los militares en el Estado Mayor de la Defensa          <\/p>\n<p> Algo similar ocurre con <strong>la sede del Estado Mayor de la Defensa<\/strong>, en el n\u00famero 80 del Paseo de la Castellana, ideado por <strong>Luis Guti\u00e9rrez Soto<\/strong>, un arquitecto que supo adaptarse perfectamente a las corrientes est\u00e9ticas e intelectuales arquitect\u00f3nicas sin llegar a ser un gran innovador, en palabras de Andrada. <\/p>\n<p> Seg\u00fan la Fundaci\u00f3n Arquitectura Madrid, el proyecto inicial del edificio fue modificado y modernizado por su autor tras un viaje a Am\u00e9rica al suprimir las cubiertas de pizarra y los chapiteles, lo que caus\u00f3 gran pol\u00e9mica entre altos cargos militares que no admit\u00edan columnas sin basa ni capitel. Se trataba de una obra realizada por encargo del general Vig\u00f3n, que en un principio quiso que tuviera el mismo car\u00e1cter que la sede el Ministerio del Aire, contempor\u00e1nea a esta y tambi\u00e9n obra del mismo arquitecto. <\/p>\n<p>             <img decoding=\"async\" class=\"inTextNews__img\" alt=\"Foto: El cuartel del Bruc, plenamente operativo para el Ej\u00e9rcito espa\u00f1ol, es uno de los 11 edificios que exige ERC a Collboni. (Efe\/Toni Albir)\" src=\"https:\/\/www.europesays.com\/es\/wp-content\/uploads\/2025\/08\/f.elconfidencial.com\/original\/336\/cba\/7d8\/336cba7d8a23043f57ece6c7a928d6a7.jpg\"  \/>     <\/p>\n<p>TE PUEDE INTERESAR<\/p>\n<p>      <a class=\"inTextNews__title\" href=\"https:\/\/www.elconfidencial.com\/espana\/cataluna\/2025-07-27\/erc-reclama-a-barcelona-11-edificios-simbolicos-el-banco-de-espana-y-el-ultimo-cuartel_4180002\/\" onclick=\"window.ECCO.emit(&#039;amplitude&#039;, { dataEventName: &#039;click_related_article_module&#039;, data: { related_article_url: &#039;https:\/\/www.elconfidencial.com\/espana\/cataluna\/2025-07-27\/erc-reclama-a-barcelona-11-edificios-simbolicos-el-banco-de-espana-y-el-ultimo-cuartel_4180002\/&#039;, related_article_author: &#039;Antonio Fern\u00e1ndez&#039;, related_article_section: &#039;cataluna&#039; } })\" rel=\"nofollow noopener\" target=\"_blank\"> ERC reclama en Barcelona 11 edificios simb\u00f3licos, el Banco de Espa\u00f1a y el \u00faltimo cuartel militar <\/a>   <\/p>\n<p>    Antonio Fern\u00e1ndez   <\/p>\n<p> De esta manera, este proyecto tambi\u00e9n supuso uno de los primeros cambios en la mentalidad arquitect\u00f3nica del <a href=\"https:\/\/www.elconfidencial.com\/tags\/personajes\/francisco-franco-7351\/\" target=\"_blank\" rel=\"nofollow noopener\">r\u00e9gimen franquista<\/a> y una variaci\u00f3n en las concepciones est\u00e9ticas de Guti\u00e9rrez Soto, que comenz\u00f3 a realizar una nueva arquitectura m\u00e1s acorde con las corrientes internacionales. Posteriormente, en los a\u00f1os setenta, el edificio fue modificado al aumentar el volumen del chafl\u00e1n de la calle de Vitrubio con<strong> Maestro Ripoll,<\/strong> y perdi\u00f3 as\u00ed su unidad arquitect\u00f3nica y compositiva. <\/p>\n<p>           Un hospital en una manzana del barrio de Salamanca          <\/p>\n<p> Andrada menciona el actual <strong>Hospital de La Princesa<\/strong>, levantado en los a\u00f1os 50 y llamado entonces Antiguo Gran Hospital de la Beneficencia del Estado, como otro ejemplo de arquitectura con cierta desnudez en sus fachadas y orden en los huecos. \u00abDe alguna manera, esta es la arquitectura promocionada por la Administraci\u00f3n\u00bb, enfatiza. El autor del proyecto, ejecutado en 1952, fue <strong>Manuel Mart\u00ednez Chumillas<\/strong>. <\/p>\n<p> La Fundaci\u00f3n Arquitectura Madrid resalta que se trata de un edificio de gran volumen que ocupa una manzana completa del <a href=\"https:\/\/www.elconfidencial.com\/vivienda\/2022-04-11\/casas-de-lujo-barrio-prime-salamanca-mercado-inmobiliario_3381104\/\" target=\"_blank\" rel=\"nofollow noopener\">barrio de Salamanca<\/a>, construido por la Diputaci\u00f3n Provincial de Madrid. Su concepci\u00f3n atend\u00eda a las exigencias modernas, como un doble hospital, interno y externo o ambulatorio, con entradas independientes, aprovechando los cuatro frentes, pero perfectamente conectados. De esta manera, los 600 enfermos diarios previstos que acudieran a los consultorios pod\u00edan acceder directamente a los departamentos de diagn\u00f3stico y terap\u00e9utica, evitando as\u00ed la multiplicaci\u00f3n de servicios. <\/p>\n<p>             <img decoding=\"async\" class=\"inTextNews__img\" alt=\"Foto:  \" src=\"https:\/\/www.europesays.com\/es\/wp-content\/uploads\/2025\/08\/f.elconfidencial.com\/original\/310\/b8b\/b37\/310b8bb374acf7febf680485875e792e.jpg\"  \/>     <\/p>\n<p>TE PUEDE INTERESAR<\/p>\n<p>      <a class=\"inTextNews__title\" href=\"https:\/\/www.elconfidencial.com\/el-grito\/2025-01-03\/delirantes-arquitecturas-madrid_4034212\/\" onclick=\"window.ECCO.emit(&#039;amplitude&#039;, { dataEventName: &#039;click_related_article_module&#039;, data: { related_article_url: &#039;https:\/\/www.elconfidencial.com\/el-grito\/2025-01-03\/delirantes-arquitecturas-madrid_4034212\/&#039;, related_article_author: &#039;El Grito&#039;, related_article_section: &#039;el-grito&#039; } })\" rel=\"nofollow noopener\" target=\"_blank\"> Las delirantes arquitecturas de Madrid que no llegaron a ver la luz <\/a>   <\/p>\n<p>    Mario Canal   <\/p>\n<p> Aunque ha sufrido diversas <strong>obras<\/strong> de <strong>actualizaci\u00f3n<\/strong> y una <strong>importante remodelaci\u00f3n<\/strong> en las zonas de consultas y urgencias, mantiene algunos espacios interiores originales y, sobre todo, su fisonom\u00eda exterior, apenas alterada. Contin\u00faa, por tanto, destacando la \u00abpotente sucesi\u00f3n de vol\u00famenes en peine hacia la calle Maldonado, de gran sobriedad y lisura, excepto en los extremos, donde se logra el contraste de luces y sombras, gracias a las terrazas de gran vuelo\u00bb, se\u00f1alan desde la Fundaci\u00f3n. <\/p>\n<p> Por \u00faltimo, Andrada focaliza su mirada en la sede del Instituto de Cr\u00e9dito Oficial (ICO), situado en el n\u00famero 4 del Paseo del Prado esquina con calle de los Madrazo. Este tipo de arquitectura institucional, materializada en este caso por Germ\u00e1n \u00c1lvarez de Sotomayor en 1955, es de estilo racionalista castizo, con 10 alturas y medianeras. A d\u00eda de hoy, el enclave es la sede de la Fundaci\u00f3n ICO. <\/p>\n","protected":false},"excerpt":{"rendered":"El r\u00e9gimen franquista dej\u00f3 tras de s\u00ed toda una ristra de edificaciones ligadas a la arquitectura institucional que&hellip;\n","protected":false},"author":2,"featured_media":57116,"comment_status":"","ping_status":"","sticky":false,"template":"","format":"standard","meta":{"footnotes":""},"categories":[173],"tags":[229,233,231,230,232,234,146,147,25,24,23],"class_list":{"0":"post-57115","1":"post","2":"type-post","3":"status-publish","4":"format-standard","5":"has-post-thumbnail","7":"category-arte-y-diseno","8":"tag-arte","9":"tag-arte-y-diseno","10":"tag-arts","11":"tag-arts-and-design","12":"tag-design","13":"tag-diseno","14":"tag-entertainment","15":"tag-entretenimiento","16":"tag-es","17":"tag-espana","18":"tag-spain"},"share_on_mastodon":{"url":"","error":""},"_links":{"self":[{"href":"https:\/\/www.europesays.com\/es\/wp-json\/wp\/v2\/posts\/57115","targetHints":{"allow":["GET"]}}],"collection":[{"href":"https:\/\/www.europesays.com\/es\/wp-json\/wp\/v2\/posts"}],"about":[{"href":"https:\/\/www.europesays.com\/es\/wp-json\/wp\/v2\/types\/post"}],"author":[{"embeddable":true,"href":"https:\/\/www.europesays.com\/es\/wp-json\/wp\/v2\/users\/2"}],"replies":[{"embeddable":true,"href":"https:\/\/www.europesays.com\/es\/wp-json\/wp\/v2\/comments?post=57115"}],"version-history":[{"count":0,"href":"https:\/\/www.europesays.com\/es\/wp-json\/wp\/v2\/posts\/57115\/revisions"}],"wp:featuredmedia":[{"embeddable":true,"href":"https:\/\/www.europesays.com\/es\/wp-json\/wp\/v2\/media\/57116"}],"wp:attachment":[{"href":"https:\/\/www.europesays.com\/es\/wp-json\/wp\/v2\/media?parent=57115"}],"wp:term":[{"taxonomy":"category","embeddable":true,"href":"https:\/\/www.europesays.com\/es\/wp-json\/wp\/v2\/categories?post=57115"},{"taxonomy":"post_tag","embeddable":true,"href":"https:\/\/www.europesays.com\/es\/wp-json\/wp\/v2\/tags?post=57115"}],"curies":[{"name":"wp","href":"https:\/\/api.w.org\/{rel}","templated":true}]}}