{"id":57139,"date":"2025-08-19T05:03:06","date_gmt":"2025-08-19T05:03:06","guid":{"rendered":"https:\/\/www.europesays.com\/es\/57139\/"},"modified":"2025-08-19T05:03:06","modified_gmt":"2025-08-19T05:03:06","slug":"aqui-estan-los-30-mejores-jugadores-del-ano-en-el-pga-tour","status":"publish","type":"post","link":"https:\/\/www.europesays.com\/es\/57139\/","title":{"rendered":"Aqu\u00ed est\u00e1n los 30 mejores jugadores del a\u00f1o en el PGA Tour"},"content":{"rendered":"<p>\t\t\t]]><\/p>\n<p style=\"text-align: justify;\">La temporada del <strong>PGA Tour<\/strong> se decidir\u00e1 esta semana en el <strong>Tour Championship<\/strong>, la gran final de la <strong>FedEx Cup<\/strong>, que por primera vez en seis a\u00f1os se disputar\u00e1 bajo un nuevo formato: los 30 jugadores clasificados comenzar\u00e1n igualados; partiendo todos desde el par.<\/p>\n<p style=\"text-align: justify;\">Con esta modificaci\u00f3n desaparece el sistema de starting strokes, instaurado en 2019; que otorgaba ventaja a los l\u00edderes de la clasificaci\u00f3n. La medida busca aumentar la emoci\u00f3n y la incertidumbre; premiando exclusivamente el rendimiento durante los 72 hoyos en <strong>East Lake Golf Club<\/strong> (Atlanta, Georgia).<\/p>\n<p style=\"text-align: justify;\">El \u00faltimo billete fue para el joven <strong>Akshay Bhatia<\/strong>, que sell\u00f3 su presencia con un cierre espectacular en el <strong>BMW Championship<\/strong>, dejando fuera a figuras como <strong>Rickie Fowler<\/strong>. La presencia de debutantes se mezcla con la experiencia de campeones de Majors; lo que garantiza un choque generacional en la semana decisiva.<\/p>\n<p style=\"text-align: justify;\">El Tour Championship se disputar\u00e1 de jueves a domingo en Atlanta y coronar\u00e1 al jugador que mejor rinda bajo presi\u00f3n. Por primera vez en mucho tiempo; todos parten de la misma l\u00ednea de salida.<\/p>\n<tr>\n<td width=\"146\"><strong>Scottie Scheffler<\/strong><\/td>\n<td width=\"146\"><strong>Keegan Bradley<\/strong><\/td>\n<\/tr>\n<tr>\n<td width=\"146\"><strong>Rory McIlroy<\/strong><\/td>\n<td width=\"146\"><strong>Sam Burns<\/strong><\/td>\n<\/tr>\n<tr>\n<td width=\"146\"><strong>J.J. Spaun<\/strong><\/td>\n<td width=\"146\"><strong>Brian Harman<\/strong><\/td>\n<\/tr>\n<tr>\n<td width=\"146\"><strong>Justin Rose<\/strong><\/td>\n<td width=\"146\"><strong>Corey Conners<\/strong><\/td>\n<\/tr>\n<tr>\n<td width=\"146\"><strong>Tommy Fleetwood<\/strong><\/td>\n<td width=\"146\"><strong>Patrick Cantlay<\/strong><\/td>\n<\/tr>\n<tr>\n<td width=\"146\"><strong>Ben Griffin<\/strong><\/td>\n<td width=\"146\"><strong>Collin Morikawa<\/strong><\/td>\n<\/tr>\n<tr>\n<td width=\"146\"><strong>Russell Henley<\/strong><\/td>\n<td width=\"146\"><strong>Viktor Hovland<\/strong><\/td>\n<\/tr>\n<tr>\n<td width=\"146\"><strong>Sepp Straka<\/strong><\/td>\n<td width=\"146\"><strong>Hideki Matsuyama<\/strong><\/td>\n<\/tr>\n<tr>\n<td width=\"146\"><strong>Robert MacIntyre<\/strong><\/td>\n<td width=\"146\"><strong>Shane Lowry<\/strong><\/td>\n<\/tr>\n<tr>\n<td width=\"146\"><strong>Maverick McNealy<\/strong><\/td>\n<td width=\"146\"><strong>Nick Taylor<\/strong><\/td>\n<\/tr>\n<tr>\n<td width=\"146\"><strong>Harris English<\/strong><\/td>\n<td width=\"146\"><strong>Harry Hall<\/strong><\/td>\n<\/tr>\n<tr>\n<td width=\"146\"><strong>Justin Thomas<\/strong><\/td>\n<td width=\"146\"><strong>Jacob Bridgeman<\/strong><\/td>\n<\/tr>\n<tr>\n<td width=\"146\"><strong>Cameron Young<\/strong><\/td>\n<td width=\"146\"><strong>Sungjae Im<\/strong><\/td>\n<\/tr>\n<tr>\n<td width=\"146\"><strong>Ludvig \u00c5berg<\/strong><\/td>\n<td width=\"146\"><strong>Chris Gotterup<\/strong><\/td>\n<\/tr>\n<tr>\n<td width=\"146\"><strong>Andrew Novak<\/strong><\/td>\n<td width=\"146\"><strong>Akshay Bhatia<\/strong><\/td>\n<\/tr>\n<p style=\"text-align: justify;\"><strong>Puede seguir a OpenGolf en <\/strong><a style=\"color: #008000;\" href=\"https:\/\/www.facebook.com\/opengolfes.es\/\" rel=\"nofollow noopener\" target=\"_blank\"><strong>Facebook<\/strong><\/a><strong>; <\/strong><a style=\"color: #008000;\" href=\"https:\/\/twitter.com\/opengolf_news\" rel=\"nofollow noopener\" target=\"_blank\"><strong>Twitter<\/strong><\/a><strong>; <\/strong><a style=\"color: #008000;\" href=\"https:\/\/www.linkedin.com\/in\/fernando-molina-b1455a14\/\" rel=\"nofollow noopener\" target=\"_blank\"><strong>LinkedIn<\/strong><\/a><strong> y suscribi\u00e9ndose a trav\u00e9s de este enlace a nuestra <\/strong><a style=\"color: #008000;\" href=\"https:\/\/opengolf.es\/newsletters.php\" rel=\"nofollow noopener\" target=\"_blank\"><strong>Newsletter Semanal<\/strong><\/a><\/p>\n<p>\t\t<script async src=\"https:\/\/platform.twitter.com\/widgets.js\" charset=\"utf-8\"><\/script><\/p>\n","protected":false},"excerpt":{"rendered":"]]&gt; La temporada del PGA Tour se decidir\u00e1 esta semana en el Tour Championship, la gran final de&hellip;\n","protected":false},"author":2,"featured_media":57140,"comment_status":"","ping_status":"","sticky":false,"template":"","format":"standard","meta":{"footnotes":""},"categories":[275],"tags":[18443,20405,168,25,24,10194,329,1960,24390,23,167,20406],"class_list":{"0":"post-57139","1":"post","2":"type-post","3":"status-publish","4":"format-standard","5":"has-post-thumbnail","7":"category-golf","8":"tag-akshay-bhatia","9":"tag-bmw-championship","10":"tag-deportes","11":"tag-es","12":"tag-espana","13":"tag-fedex-cup","14":"tag-golf","15":"tag-pga-tour","16":"tag-rickie-fowler","17":"tag-spain","18":"tag-sports","19":"tag-tour-championship"},"share_on_mastodon":{"url":"","error":""},"_links":{"self":[{"href":"https:\/\/www.europesays.com\/es\/wp-json\/wp\/v2\/posts\/57139","targetHints":{"allow":["GET"]}}],"collection":[{"href":"https:\/\/www.europesays.com\/es\/wp-json\/wp\/v2\/posts"}],"about":[{"href":"https:\/\/www.europesays.com\/es\/wp-json\/wp\/v2\/types\/post"}],"author":[{"embeddable":true,"href":"https:\/\/www.europesays.com\/es\/wp-json\/wp\/v2\/users\/2"}],"replies":[{"embeddable":true,"href":"https:\/\/www.europesays.com\/es\/wp-json\/wp\/v2\/comments?post=57139"}],"version-history":[{"count":0,"href":"https:\/\/www.europesays.com\/es\/wp-json\/wp\/v2\/posts\/57139\/revisions"}],"wp:featuredmedia":[{"embeddable":true,"href":"https:\/\/www.europesays.com\/es\/wp-json\/wp\/v2\/media\/57140"}],"wp:attachment":[{"href":"https:\/\/www.europesays.com\/es\/wp-json\/wp\/v2\/media?parent=57139"}],"wp:term":[{"taxonomy":"category","embeddable":true,"href":"https:\/\/www.europesays.com\/es\/wp-json\/wp\/v2\/categories?post=57139"},{"taxonomy":"post_tag","embeddable":true,"href":"https:\/\/www.europesays.com\/es\/wp-json\/wp\/v2\/tags?post=57139"}],"curies":[{"name":"wp","href":"https:\/\/api.w.org\/{rel}","templated":true}]}}