{"id":571409,"date":"2026-05-26T09:51:13","date_gmt":"2026-05-26T09:51:13","guid":{"rendered":"https:\/\/www.europesays.com\/es\/571409\/"},"modified":"2026-05-26T09:51:13","modified_gmt":"2026-05-26T09:51:13","slug":"el-ayuntamiento-promueve-actividades-de-concienciacion-por-el-dia-mundial-sin-tabaco","status":"publish","type":"post","link":"https:\/\/www.europesays.com\/es\/571409\/","title":{"rendered":"El Ayuntamiento promueve actividades de concienciaci\u00f3n por el D\u00eda Mundial Sin Tabaco"},"content":{"rendered":"<ul>\n<li class=\" cmAlignjustify\"><strong>El Ayuntamiento de M\u00f3stoles organiza jornadas de sensibilizaci\u00f3n por una sociedad libre de tabaco, de manera presencial el d\u00eda 28 de mayo y online el 1 de junio.<\/strong><\/li>\n<\/ul>\n<ul>\n<li class=\" cmAlignjustify\"><strong>Adem\u00e1s, en los centros de salud se realizar\u00e1n actividades, del 25 al 31 de mayo, para concienciar sobre los riesgos que tiene el consumo de nicotina en la salud. <\/strong><\/li>\n<\/ul>\n<p class=\"cmParagraph cmAlignjustify\"><img loading=\"lazy\" decoding=\"async\" src=\"https:\/\/www.europesays.com\/es\/wp-content\/uploads\/2026\/05\/1462686-noticia D\u00eda Mundial Sin Tabaco 2026.png\" width=\"400\" height=\"225\" alt=\"noticia D\u00eda Mundial Sin Tabaco 2026\"\/>El Ayuntamiento de M\u00f3stoles, con motivo del D\u00eda Mundial sin Tabaco que se celebra cada 31 de mayo, organiza jornadas y actividades de sensibilizaci\u00f3n y concienciaci\u00f3n para promover una sociedad libre de tabaco. <\/p>\n<p class=\"cmParagraph cmAlignjustify\">A trav\u00e9s de la Concejal\u00eda de Deportes y Sanidad y de la Comisi\u00f3n de Adicciones, del Plan de Adicciones de M\u00f3stoles (PAM), del que forman parte entidades locales y regionales involucradas en la prevenci\u00f3n y la atenci\u00f3n de las adicciones, se pretende, un a\u00f1o m\u00e1s, sensibilizar e informar a la poblaci\u00f3n en torno a las graves consecuencias que tiene el tabaco para la salud. <\/p>\n<p class=\"cmParagraph cmAlignjustify\">Para ello, se han organizado dos jornadas informativas y de sensibilizaci\u00f3n que tendr\u00e1n lugar, la primera, el d\u00eda 28 de mayo en el sal\u00f3n de actos del Centro Sociocultural Norte-Universidad, a las 11:00 h, hasta completar aforo, y la segunda, ser\u00e1 online el d\u00eda 1 de junio, a las 17:30 h, a la que se podr\u00e1 acceder a trav\u00e9s de este enlace: <a href=\"https:\/\/www.mostoles.es\/EspacioSaludable\/es\/actividades-escuela-salud\/campanas\/dia-mundial-tabaco-2026\" rel=\"nofollow noopener\" target=\"_blank\">D\u00eda Mundial Sin Tabaco 2026 | Espacio Saludable<\/a>. <\/p>\n<p class=\"cmParagraph cmAlignjustify\">Adem\u00e1s, desde los centros sanitarios del municipio durante la semana del 25 al 31 de mayo se realizar\u00e1n actividades para concienciar a la poblaci\u00f3n de los riesgos que tiene el consumo de nicotina. <\/p>\n<p class=\"cmParagraph cmAlignjustify\">Actualmente, este problema se agrava por el consumo no s\u00f3lo de la nicotina en los cigarrillos convencionales sino de otros productos nocivos para la salud que se encuentran en vapers, bolsas de nicotina o cigarrillos electr\u00f3nicos, que se est\u00e1n comercializando y est\u00e1n de moda entre adolescentes y j\u00f3venes. <\/p>\n<p class=\"cmParagraph cmAlignjustify\">Esta tendencia est\u00e1 afectando negativamente a la salud de este sector de la poblaci\u00f3n, m\u00e1s vulnerable que la adulta y m\u00e1s influenciable por los mensajes que la industria ha dise\u00f1ado para disfrazar el efecto del consumo de nicotina a trav\u00e9s de estos atractivos dispositivos. <\/p>\n<p class=\"cmParagraph cmAlignjustify\">El Ayuntamiento de M\u00f3stoles continuar\u00e1 promoviendo iniciativas saludables de prevenci\u00f3n y control del tabaquismo, con el objetivo de reducir a cero el consumo del tabaco, en todas sus formas, para que las pr\u00f3ximas generaciones sean una sociedad libre de humos.<\/p>\n","protected":false},"excerpt":{"rendered":"El Ayuntamiento de M\u00f3stoles organiza jornadas de sensibilizaci\u00f3n por una sociedad libre de tabaco, de manera presencial el&hellip;\n","protected":false},"author":2,"featured_media":571410,"comment_status":"","ping_status":"","sticky":false,"template":"","format":"standard","meta":{"footnotes":""},"categories":[5],"tags":[1201,6853,1250,17,18,6854,777,2800,5509,25,24,13,14,11,6852,1928,6850,19,20,6849,9,10,15,16,4111,6851,23,12,21,22,6855],"class_list":["post-571409","post","type-post","status-publish","format-standard","has-post-thumbnail","category-titulares","tag-alcalde","tag-atencioacuten-ciudadana","tag-ayuntamiento","tag-breaking-news","tag-breakingnews","tag-callejero","tag-ciudad","tag-distritos","tag-empleo","tag-es","tag-espana","tag-featured-news","tag-featurednews","tag-headlines","tag-inversioacuten","tag-joven","tag-juventud","tag-latest-news","tag-latestnews","tag-moacutestoles","tag-news","tag-noticias","tag-noticias-destacadas","tag-noticiasdestacadas","tag-presupuestos","tag-sede-electroacutenica","tag-spain","tag-titulares","tag-ultimas-noticias","tag-ultimasnoticias","tag-webs-municipales"],"share_on_mastodon":{"url":"","error":"Validation failed: Text character limit of 500 exceeded"},"_links":{"self":[{"href":"https:\/\/www.europesays.com\/es\/wp-json\/wp\/v2\/posts\/571409","targetHints":{"allow":["GET"]}}],"collection":[{"href":"https:\/\/www.europesays.com\/es\/wp-json\/wp\/v2\/posts"}],"about":[{"href":"https:\/\/www.europesays.com\/es\/wp-json\/wp\/v2\/types\/post"}],"author":[{"embeddable":true,"href":"https:\/\/www.europesays.com\/es\/wp-json\/wp\/v2\/users\/2"}],"replies":[{"embeddable":true,"href":"https:\/\/www.europesays.com\/es\/wp-json\/wp\/v2\/comments?post=571409"}],"version-history":[{"count":0,"href":"https:\/\/www.europesays.com\/es\/wp-json\/wp\/v2\/posts\/571409\/revisions"}],"wp:featuredmedia":[{"embeddable":true,"href":"https:\/\/www.europesays.com\/es\/wp-json\/wp\/v2\/media\/571410"}],"wp:attachment":[{"href":"https:\/\/www.europesays.com\/es\/wp-json\/wp\/v2\/media?parent=571409"}],"wp:term":[{"taxonomy":"category","embeddable":true,"href":"https:\/\/www.europesays.com\/es\/wp-json\/wp\/v2\/categories?post=571409"},{"taxonomy":"post_tag","embeddable":true,"href":"https:\/\/www.europesays.com\/es\/wp-json\/wp\/v2\/tags?post=571409"}],"curies":[{"name":"wp","href":"https:\/\/api.w.org\/{rel}","templated":true}]}}