{"id":571453,"date":"2026-05-26T10:26:14","date_gmt":"2026-05-26T10:26:14","guid":{"rendered":"https:\/\/www.europesays.com\/es\/571453\/"},"modified":"2026-05-26T10:26:14","modified_gmt":"2026-05-26T10:26:14","slug":"la-reforma-que-devolvio-el-mar-a-esta-casa-de-la-playa-centenaria-trabajamos-para-que-cada-habitacion-tuviera-una-relacion-directa-con-el-exterior","status":"publish","type":"post","link":"https:\/\/www.europesays.com\/es\/571453\/","title":{"rendered":"La reforma que devolvi\u00f3 el mar a esta casa de la playa centenaria: \u201cTrabajamos para que cada habitaci\u00f3n tuviera una relaci\u00f3n directa con el exterior\u201d"},"content":{"rendered":"<p><strong>La reforma que devolvi\u00f3 la coherencia a esta casa de playa frente al Mediterr\u00e1neo<\/strong><\/p>\n<p>Mucho antes de convertirse en el <a href=\"https:\/\/www.revistaad.es\/articulos\/casas-pequenas-que-son-una-obra-maestra-un-artista-visual-crea-su-pieza-mas-personal-en-este-apartamento\" rel=\"nofollow noopener\" target=\"_blank\">refugio luminoso<\/a> y sereno que es hoy, esta casa de playa hab\u00eda perdido gran parte de su esencia. <strong>Construida a principios del siglo XX y distribuida en aproximadamente 180 m2,<\/strong> la vivienda se aferra a una empinada ladera frente al mar de Liguria y solo puede alcanzarse a pie. <strong>\u201cDesgraciadamente, hab\u00eda perdido su coherencia espacial con el paso del tiempo; aun as\u00ed segu\u00eda conservando una poderosa relaci\u00f3n con el paisaje y la luz\u201d<\/strong>, explica Beatrice Borasi, fundadora de Beatrice Borasi Architect, autora del proyecto junto a Elisabetta Gabrielli y Margherita Parati, del estudio Archiground.<\/p>\n<p><img decoding=\"async\" alt=\"Vista al mar\" loading=\"lazy\" class=\"ResponsiveImageContainer-dkeESL cQPiWi responsive-image__image\"   src=\"https:\/\/www.europesays.com\/es\/wp-content\/uploads\/2026\/05\/Archiground%20_%20Casa%20FS7%20(23).jpg\"\/><\/p>\n<p>Entre olivos, senderos y vistas infinitas al mar, la casa ha recuperado su conexi\u00f3n natural con el paisaje.<\/p>\n<p>\u00a9 Andrea Ceriani.<\/p>\n<p>Ubicada en uno de los pueblos m\u00e1s bonitos de la zona, est\u00e1 suspendida entre la monta\u00f1a y el Mediterr\u00e1neo. <strong>Y precisamente esa sensaci\u00f3n (la de estar lejos de todo sin desconectarse del entorno) fue la que gui\u00f3 toda la reforma.<\/strong> M\u00e1s que transformar radicalmente la arquitectura, <strong>el proyecto busc\u00f3 recuperar el equilibrio perdido y devolver protagonismo a aquello que siempre hab\u00eda definido la casa: la luz, el mar y la calma del paisaje.<\/strong><\/p>\n<p><img decoding=\"async\" alt=\"Vista al mar desde la casa de playa\" loading=\"lazy\" class=\"ResponsiveImageContainer-dkeESL cQPiWi responsive-image__image\"   src=\"https:\/\/www.europesays.com\/es\/wp-content\/uploads\/2026\/05\/Archiground%20_%20Casa%20FS7%20(22A).jpg\"\/><\/p>\n<p>La nueva escalera acompa\u00f1a el recorrido interior mientras el Mediterr\u00e1neo permanece siempre presente al fondo.<\/p>\n<p>\u00a9 Andrea Ceriani.<\/p>\n","protected":false},"excerpt":{"rendered":"La reforma que devolvi\u00f3 la coherencia a esta casa de playa frente al Mediterr\u00e1neo Mucho antes de convertirse&hellip;\n","protected":false},"author":2,"featured_media":571454,"comment_status":"","ping_status":"","sticky":false,"template":"","format":"standard","meta":{"footnotes":""},"categories":[173],"tags":[229,233,231,230,1530,232,33065,234,146,147,25,24,23,12443],"class_list":["post-571453","post","type-post","status-publish","format-standard","has-post-thumbnail","category-arte-y-diseno","tag-arte","tag-arte-y-diseno","tag-arts","tag-arts-and-design","tag-casas-ad","tag-design","tag-digital_syndication","tag-diseno","tag-entertainment","tag-entretenimiento","tag-es","tag-espana","tag-spain","tag-splitscreenimageleftfullbleed"],"share_on_mastodon":{"url":"https:\/\/pubeurope.com\/@es\/116640401756647541","error":""},"_links":{"self":[{"href":"https:\/\/www.europesays.com\/es\/wp-json\/wp\/v2\/posts\/571453","targetHints":{"allow":["GET"]}}],"collection":[{"href":"https:\/\/www.europesays.com\/es\/wp-json\/wp\/v2\/posts"}],"about":[{"href":"https:\/\/www.europesays.com\/es\/wp-json\/wp\/v2\/types\/post"}],"author":[{"embeddable":true,"href":"https:\/\/www.europesays.com\/es\/wp-json\/wp\/v2\/users\/2"}],"replies":[{"embeddable":true,"href":"https:\/\/www.europesays.com\/es\/wp-json\/wp\/v2\/comments?post=571453"}],"version-history":[{"count":0,"href":"https:\/\/www.europesays.com\/es\/wp-json\/wp\/v2\/posts\/571453\/revisions"}],"wp:featuredmedia":[{"embeddable":true,"href":"https:\/\/www.europesays.com\/es\/wp-json\/wp\/v2\/media\/571454"}],"wp:attachment":[{"href":"https:\/\/www.europesays.com\/es\/wp-json\/wp\/v2\/media?parent=571453"}],"wp:term":[{"taxonomy":"category","embeddable":true,"href":"https:\/\/www.europesays.com\/es\/wp-json\/wp\/v2\/categories?post=571453"},{"taxonomy":"post_tag","embeddable":true,"href":"https:\/\/www.europesays.com\/es\/wp-json\/wp\/v2\/tags?post=571453"}],"curies":[{"name":"wp","href":"https:\/\/api.w.org\/{rel}","templated":true}]}}