{"id":571540,"date":"2026-05-26T11:39:19","date_gmt":"2026-05-26T11:39:19","guid":{"rendered":"https:\/\/www.europesays.com\/es\/571540\/"},"modified":"2026-05-26T11:39:19","modified_gmt":"2026-05-26T11:39:19","slug":"paco-sanz-sustituye-a-bernardo-guzman-como-director-regional-de-la-comunitat-valencia-de-la-cadena-ser","status":"publish","type":"post","link":"https:\/\/www.europesays.com\/es\/571540\/","title":{"rendered":"Paco Sanz sustituye a Bernardo Guzm\u00e1n como director regional de la Comunitat Valencia de la Cadena SER"},"content":{"rendered":"<p class=\"ft-text\"><strong>Bernardo Guzm\u00e1n,<\/strong> hasta ahora director regional de la SER en la\u202fComunitat\u202fValenciana,\u202fha sido nombrado <strong>nuevo director\u202fregional de la SER\u202fen\u202fMurcia<\/strong>, en sustituci\u00f3n de Domingo Camacho.<strong> Su puesto en la Comunitat Valenciana lo ocupar\u00e1 Paco Sanz<\/strong>, seg\u00fan un comunicado de la cadera radiof\u00f3nica, que informa que estos cambios ser\u00e1n efectivos a partir del d\u00eda 1 de junio de 2026.<\/p>\n<p class=\"ft-text\">Con el nombramiento de Guzm\u00e1n, la Cadena SER \u00abrefuerza su apuesta por el liderazgo informativo, el desarrollo de nuevos contenidos y la consolidaci\u00f3n de su v\u00ednculo con la\u202faudiencia\u00bb.\u202f\u202f<\/p>\n<p><img decoding=\"async\" src=\"https:\/\/www.europesays.com\/es\/wp-content\/uploads\/2026\/05\/79345cfd-16f9-4af8-9f91-920eb31aa347_alta-libre-aspect-ratio_default_0_x950y356.jpg\" width=\"1200\" height=\"675\" alt=\"Bernardo Guzm\u00e1n, ha sido nombrado nuevo director\u202fregional de la Cadena Ser en Murcia\" class=\"ft-helper-img-rd\" loading=\"lazy\" fetchpriority=\"auto\"\/><\/p>\n<p class=\"ft-helper-fontColor-quaternary ft-helper-fontSize-body-S ft-helper-spacer-t-xxs\">Bernardo Guzm\u00e1n, ha sido nombrado nuevo director\u202fregional de la Cadena Ser en Murcia  \/ Levante-EMV<\/p>\n<p class=\"ft-text\">Bernardo Guzm\u00e1n inici\u00f3 su trayectoria period\u00edstica en Antena 3 Radio en 1987 y se incorpor\u00f3 a la SER en 1994. A lo largo de su carrera en la\u202femisora\u202fde Valencia\u202fha ocupado, entre otros,\u202fla jefatura de informativos, la direcci\u00f3n de contenidos y, desde 2018, la\u202fDirecci\u00f3n\u202fRegional en la\u202fComunitat\u202fValenciana. Adem\u00e1s,\u202fha colaborado con diversos medios escritos y televisivos. En 2011 recibi\u00f3 el reconocimiento a la mejor Trayectoria Profesional en los Premios Period\u00edsticos de la\u202fComunitat\u202fValenciana.\u202f<\/p>\n<p class=\"ft-text\">Al frente de la delegaci\u00f3n de la\u202fComunitat\u202fValenciana pasa a estar Paco Sanz\u202fcomo\u202fnuevo director regional, cargo que hasta ahora desempe\u00f1aba\u202fBernardo\u202fGuzm\u00e1n. Con este relevo, la cadena\u202fabre \u00abuna nueva etapa centrada en el <strong>crecimiento, la innovaci\u00f3n y el fortalecimiento d<\/strong>e sus equipos en el territorio\u00bb.\u202f Profesional de la radio con una s\u00f3lida trayectoria de 32 a\u00f1os en la Cadena SER, Paco Sanz ha destacado por su liderazgo y gesti\u00f3n durante 14 a\u00f1os como director\u202fde SER\u202fGand\u00eda.<\/p>\n<p class=\"ft-text\">Su experiencia en\u202fnumerosos\u202fdepartamentos de la radio le aporta una visi\u00f3n global del sector y una probada capacidad para la direcci\u00f3n estrat\u00e9gica y operativa, la innovaci\u00f3n y el desarrollo de equipos de alto rendimiento. Cuenta, adem\u00e1s, con un Doble M\u00e1ster en Marketing y Liderazgo Directivo.\u202f<\/p>\n<p class=\"ft-text\">Domingo Camacho, director regional de la SER en Murcia abandona la cadena. <\/p>\n","protected":false},"excerpt":{"rendered":"Bernardo Guzm\u00e1n, hasta ahora director regional de la SER en la\u202fComunitat\u202fValenciana,\u202fha sido nombrado nuevo director\u202fregional de la SER\u202fen\u202fMurcia,&hellip;\n","protected":false},"author":2,"featured_media":571541,"comment_status":"","ping_status":"","sticky":false,"template":"","format":"standard","meta":{"footnotes":""},"categories":[170],"tags":[6089,6699,209,146,147,25,24,50,184,185,1047,109394,7457,23,9832,235],"class_list":["post-571540","post","type-post","status-publish","format-standard","has-post-thumbnail","category-musica","tag-bernardo","tag-cadena-ser","tag-cultura","tag-entertainment","tag-entretenimiento","tag-es","tag-espana","tag-guzman","tag-music","tag-musica","tag-paco","tag-paco-sanz","tag-sanz","tag-spain","tag-sustituye","tag-valencia"],"share_on_mastodon":{"url":"https:\/\/pubeurope.com\/@es\/116640688864183591","error":""},"_links":{"self":[{"href":"https:\/\/www.europesays.com\/es\/wp-json\/wp\/v2\/posts\/571540","targetHints":{"allow":["GET"]}}],"collection":[{"href":"https:\/\/www.europesays.com\/es\/wp-json\/wp\/v2\/posts"}],"about":[{"href":"https:\/\/www.europesays.com\/es\/wp-json\/wp\/v2\/types\/post"}],"author":[{"embeddable":true,"href":"https:\/\/www.europesays.com\/es\/wp-json\/wp\/v2\/users\/2"}],"replies":[{"embeddable":true,"href":"https:\/\/www.europesays.com\/es\/wp-json\/wp\/v2\/comments?post=571540"}],"version-history":[{"count":0,"href":"https:\/\/www.europesays.com\/es\/wp-json\/wp\/v2\/posts\/571540\/revisions"}],"wp:featuredmedia":[{"embeddable":true,"href":"https:\/\/www.europesays.com\/es\/wp-json\/wp\/v2\/media\/571541"}],"wp:attachment":[{"href":"https:\/\/www.europesays.com\/es\/wp-json\/wp\/v2\/media?parent=571540"}],"wp:term":[{"taxonomy":"category","embeddable":true,"href":"https:\/\/www.europesays.com\/es\/wp-json\/wp\/v2\/categories?post=571540"},{"taxonomy":"post_tag","embeddable":true,"href":"https:\/\/www.europesays.com\/es\/wp-json\/wp\/v2\/tags?post=571540"}],"curies":[{"name":"wp","href":"https:\/\/api.w.org\/{rel}","templated":true}]}}