{"id":571564,"date":"2026-05-26T12:02:19","date_gmt":"2026-05-26T12:02:19","guid":{"rendered":"https:\/\/www.europesays.com\/es\/571564\/"},"modified":"2026-05-26T12:02:19","modified_gmt":"2026-05-26T12:02:19","slug":"macarena-garcia-se-sincera-en-la-revuelta-sobre-su-ruptura-con-enric-auquer-me-pillas-en-un-mal-momento","status":"publish","type":"post","link":"https:\/\/www.europesays.com\/es\/571564\/","title":{"rendered":"Macarena Garc\u00eda se sincera en &#8216;La Revuelta&#8217; sobre su ruptura con Enric Auquer: \u00abMe pillas en un mal momento\u00bb"},"content":{"rendered":"<p id=\"eMk0kWo7zn\" data-wc=\"78\"><strong>Anna Castillo, Macarena Garc\u00eda y Laura Weissmahr, tres ganadoras del Goya a la Mejor actriz revelaci\u00f3n, visitaron este lunes\u00a0<\/strong><strong>La Revuelta<\/strong> para presentar Se tiene que morir mucha gente, la nueva serie de Movistar Plus+ basada en la novela de Victoria Mart\u00edn que ha conquistado a la audiencia. En el programa conducido por David Broncano, las tres han hablado de relaciones, de amistad y de la vida, aunque no desde el punto existencialista y c\u00f3mico de sus personajes.\u00a0<\/p>\n<p> <img src=\"https:\/\/www.europesays.com\/es\/wp-content\/uploads\/2026\/05\/64172f41c578-snapinstato706028678179319988322969829180061627342218137n.jpg\"   width=\"768\" height=\"1024\" loading=\"lazy\" decoding=\"async\" alt=\"Laura Weissmahr, Anna Castillo, Macarena Garc\u00eda y Victoria Mart\u00edn en 'La Revuelta'\" fetchpriority=\"auto\" class=\"image ho-image\"\/>\u00a9 larevuelta_tveLaura Weissmahr, Anna Castillo, Macarena Garc\u00eda y Victoria Mart\u00edn en &#8216;La Revuelta&#8217;<\/p>\n<p id=\"er2qVh5WiQe\" data-wc=\"105\">En el momento de las preguntas cl\u00e1sicas, las tres actrices y la comunicadora y directora han ahondando en las relaciones que han mantenido en el \u00faltimo mes, mostrando su nerviosismo por darle una cifra al presentador. <strong>\u00abMe da un poco rabia porque todas las veces que he venido aqu\u00ed me pillas en un muy mal momento\u00bb<\/strong>, ha dicho Macarena Garc\u00eda. <strong>\u00abMe pillas mucho en rupturas\u00bb<\/strong>, ha a\u00f1adido, haciendo referencia al fin de su romance con el tambi\u00e9n actor Enric Auquer. Fue en diciembre de 2025 cuando supimos que el d\u00fao de int\u00e9rpretes, a quien \u00a1HOLA! hab\u00eda pillado en actitud cari\u00f1osa a principios de 2024, romp\u00eda.\u00a0<\/p>\n<p> <img src=\"https:\/\/www.europesays.com\/es\/wp-content\/uploads\/2026\/05\/eb827bcb3e9f-snapinstato708413919179319989162969824613467448763096258n.jpg\"   width=\"768\" height=\"1024\" loading=\"lazy\" decoding=\"async\" alt=\"Macarena Garc\u00eda se ha sincerado en 'La Revuelta' sobre la ruptura con Enric Auquer\" fetchpriority=\"auto\" class=\"image ho-image\"\/>\u00a9 larevuelta_tveMacarena Garc\u00eda se ha sincerado en &#8216;La Revuelta&#8217; sobre la ruptura con Enric Auquer<\/p>\n<p id=\"ee7YxiFq-Pz\" data-wc=\"142\">Seis meses despu\u00e9s, Macarena se atreve a ponerle palabras a los sentimientos y el duelo que est\u00e1 atravesando. Broncano le ha preguntado cu\u00e1nto tarda en volver a la acci\u00f3n despu\u00e9s de una ruptura, es decir, cu\u00e1nto ha tardado en volver a congeniar con alguien, y la hermana de Javier Ambrossi no ha podido ser m\u00e1s sincera:<strong>\u00a0\u00abYo soy lenta en general, este mes por ejemplo hay n\u00famero, ha habido algo, pero tipo ligero, 4, como Victoria\u00bb<\/strong>, dec\u00eda, coincidiendo con la creadora de la ficci\u00f3n que protagoniza. Sobre los &#8216;te quiero&#8217;, Macarena admit\u00eda que <strong>\u00abyo soy r\u00e1pida, seg\u00fan con la pareja, con la anterior muy r\u00e1pida&#8230; al mes igual, de repente, seg\u00fan la relaci\u00f3n en la que encuentras y la intensidad\u00bb<\/strong>, ha expresado, dejando claro que su romance con Enric Auquer fue muy rom\u00e1ntico, pero a la vez quem\u00f3 algunas etapas demasiado pronto.\u00a0<\/p>\n<p> <img src=\"https:\/\/www.europesays.com\/es\/wp-content\/uploads\/2026\/05\/d9f1c34482e6-snapinstato685740390179319989072969825050116015767429988n.jpg\"   width=\"768\" height=\"1024\" loading=\"lazy\" decoding=\"async\" alt=\"Las actrices y creadora de 'Se tiene que morir mucha gente' en 'La Revuelta'\" fetchpriority=\"auto\" class=\"image ho-image\"\/>\u00a9 larevuelta_tveLas actrices y creadora de &#8216;Se tiene que morir mucha gente&#8217; en &#8216;La Revuelta&#8217;<br \/>\nUn romance estelar<\/p>\n<p data-wc=\"126\" id=\"eyH9U2_uIP\">Los caminos d<a class=\"hm-link ho-link\" href=\"https:\/\/www.hola.com\/actualidad\/20240124355061\/macarena-garcia-enric-auquer-relacion-besos-imagenes\/\" data-mrf-recirculation=\"article-body-link\" rel=\"nofollow noopener\" target=\"_blank\">e Macarena Garc\u00eda y Enric Auquer se cruzaron al compartir reparto en Casa en flames<\/a>, donde su relaci\u00f3n profesional fue transform\u00e1ndose poco a poco en algo m\u00e1s. En enero de 2024,\u00a0\u00a1HOLA!\u00a0public\u00f3 sus primeras im\u00e1genes juntos y, doce meses despu\u00e9s, decidieron dar un paso m\u00e1s al posar juntos en los premios Feroz, dejando patente el amor mutuo que se profesaban. Cabe recordar que a Macarena no se le hab\u00eda relacionado con nadie desde que, en el verano de 2022, puso fin a su noviazgo de ocho a\u00f1os con el cantante Leiva. Por su parte, la \u00faltima pareja conocida de Enric fue la cantante Adela Oller, con quien tiene un hijo. El actor, adem\u00e1s, es padre de una ni\u00f1a fruto de una relaci\u00f3n anterior.<\/p>\n<p> <img src=\"https:\/\/www.europesays.com\/es\/wp-content\/uploads\/2026\/05\/2a26f50ccfde-europapress6477905actrizmacarenagarciamiraactorenricauqueralfombraroja.jpg\"   width=\"1024\" height=\"682\" loading=\"lazy\" decoding=\"async\" alt=\"La pareja, en los Premios Feroz\" fetchpriority=\"auto\" class=\"image ho-image\"\/>\u00a9 Europa PressLa pareja, en los Premios Feroz<\/p>\n<p data-wc=\"73\" id=\"eyk2_9QF8H\">Fueron las periodistas Lorena V\u00e1zquez y Laura Fa las encargadas de dar a conocer la noticia en el p\u00f3dcast Las\u00a0Mamarazzis. \u201cEra una relaci\u00f3n que nos gustaba much\u00edsimo\u201d, adelantaban al inicio de su intervenci\u00f3n. Adem\u00e1s, seg\u00fan explicaron a finales de 2025, exist\u00eda un motivo claro detr\u00e1s de la ruptura entre <a class=\"hm-link ho-link\" href=\"https:\/\/www.hola.com\/actualidad\/20250125809703\/macarena-garcia-enric-auquer-premios-feroz-juntos-primer-aniversario\/\" data-mrf-recirculation=\"article-body-link\" rel=\"nofollow noopener\" target=\"_blank\">Macarena Garc\u00eda y Enric Auquer<\/a><strong>: \u00abHa sido la distancia, que ha pasado de ser f\u00edsica a emocional. La distancia les ha pasado factura\u00bb.<\/strong><\/p>\n<p> <img src=\"https:\/\/www.europesays.com\/es\/wp-content\/uploads\/2026\/05\/a04722c47031-dlu576236306.jpg\"   width=\"1024\" height=\"679\" loading=\"lazy\" decoding=\"async\" alt=\"Macarena Garcia y Enric Auquer en los Goya\" fetchpriority=\"auto\" class=\"image ho-image\"\/>\u00a9 GTRESMacarena Garcia y Enric Auquer en los Goya<\/p>\n","protected":false},"excerpt":{"rendered":"Anna Castillo, Macarena Garc\u00eda y Laura Weissmahr, tres ganadoras del Goya a la Mejor actriz revelaci\u00f3n, visitaron este&hellip;\n","protected":false},"author":2,"featured_media":571565,"comment_status":"","ping_status":"","sticky":false,"template":"","format":"standard","meta":{"footnotes":""},"categories":[171],"tags":[517,98576,146,147,25,24,89550,23,214],"class_list":["post-571564","post","type-post","status-publish","format-standard","has-post-thumbnail","category-tv","tag-actualidad","tag-anna-castillo","tag-entertainment","tag-entretenimiento","tag-es","tag-espana","tag-macarena-garcia","tag-spain","tag-tv"],"share_on_mastodon":{"url":"https:\/\/pubeurope.com\/@es\/116640780321367995","error":""},"_links":{"self":[{"href":"https:\/\/www.europesays.com\/es\/wp-json\/wp\/v2\/posts\/571564","targetHints":{"allow":["GET"]}}],"collection":[{"href":"https:\/\/www.europesays.com\/es\/wp-json\/wp\/v2\/posts"}],"about":[{"href":"https:\/\/www.europesays.com\/es\/wp-json\/wp\/v2\/types\/post"}],"author":[{"embeddable":true,"href":"https:\/\/www.europesays.com\/es\/wp-json\/wp\/v2\/users\/2"}],"replies":[{"embeddable":true,"href":"https:\/\/www.europesays.com\/es\/wp-json\/wp\/v2\/comments?post=571564"}],"version-history":[{"count":0,"href":"https:\/\/www.europesays.com\/es\/wp-json\/wp\/v2\/posts\/571564\/revisions"}],"wp:featuredmedia":[{"embeddable":true,"href":"https:\/\/www.europesays.com\/es\/wp-json\/wp\/v2\/media\/571565"}],"wp:attachment":[{"href":"https:\/\/www.europesays.com\/es\/wp-json\/wp\/v2\/media?parent=571564"}],"wp:term":[{"taxonomy":"category","embeddable":true,"href":"https:\/\/www.europesays.com\/es\/wp-json\/wp\/v2\/categories?post=571564"},{"taxonomy":"post_tag","embeddable":true,"href":"https:\/\/www.europesays.com\/es\/wp-json\/wp\/v2\/tags?post=571564"}],"curies":[{"name":"wp","href":"https:\/\/api.w.org\/{rel}","templated":true}]}}