{"id":571741,"date":"2026-05-26T14:21:16","date_gmt":"2026-05-26T14:21:16","guid":{"rendered":"https:\/\/www.europesays.com\/es\/571741\/"},"modified":"2026-05-26T14:21:16","modified_gmt":"2026-05-26T14:21:16","slug":"ibai-gomez-se-reune-con-lalo-arantegui-en-la-ciudad-deportiva-del-real-zaragoza","status":"publish","type":"post","link":"https:\/\/www.europesays.com\/es\/571741\/","title":{"rendered":"Ibai G\u00f3mez se re\u00fane con Lalo Arantegui en la Ciudad Deportiva del Real Zaragoza"},"content":{"rendered":"<p class=\"c-paragraph\"><a href=\"https:\/\/www.heraldo.es\/noticias\/deportes\/futbol\/real-zaragoza\/2026\/05\/25\/etapa-ibai-gomez-real-zaragoza-se-iniciara-proxima-semana-2023389.html\" title=\"La etapa de Ibai G\u00f3mez en el Real Zaragoza se iniciar\u00e1 la pr\u00f3xima semana\" rel=\"nofollow noopener\" target=\"_blank\">Ibai G\u00f3mez ha tomado contacto hoy con la Ciudad Deportiva del Real Zaragoza<\/a>, el que ser\u00e1 su centro de operaciones a partir del mes de julio. El futuro entrenador del equipo aragon\u00e9s se ha reunido durante toda la ma\u00f1ana con Lalo Arantegui para comenzar a concretar diferentes cuestiones del proyecto en Primera RFEF. Aunque el t\u00e9cnico vasco lleva varios d\u00edas ejerciendo desde la distancia en diferentes cuestiones, su visita a Zaragoza significa, de facto, la puesta en marcha de la planificaci\u00f3n deportiva del equipo aragon\u00e9s. <b>Junto al t\u00e9cnico,\u00a0 han estado sus ayudantes David Vinatea e \u00cd\u00f1igo Larriqueta.\u00a0<\/b><\/p>\n","protected":false},"excerpt":{"rendered":"Ibai G\u00f3mez ha tomado contacto hoy con la Ciudad Deportiva del Real Zaragoza, el que ser\u00e1 su centro&hellip;\n","protected":false},"author":2,"featured_media":571742,"comment_status":"","ping_status":"","sticky":false,"template":"","format":"standard","meta":{"footnotes":""},"categories":[268],"tags":[24171,168,25,24,280,282,4190,3659,4984,7745,281,23,167],"class_list":["post-571741","post","type-post","status-publish","format-standard","has-post-thumbnail","category-futbol","tag-con","tag-deportes","tag-es","tag-espana","tag-football","tag-futbol","tag-gomez","tag-ibai","tag-reune","tag-se","tag-soccer","tag-spain","tag-sports"],"share_on_mastodon":{"url":"https:\/\/pubeurope.com\/@es\/116641326052321572","error":""},"_links":{"self":[{"href":"https:\/\/www.europesays.com\/es\/wp-json\/wp\/v2\/posts\/571741","targetHints":{"allow":["GET"]}}],"collection":[{"href":"https:\/\/www.europesays.com\/es\/wp-json\/wp\/v2\/posts"}],"about":[{"href":"https:\/\/www.europesays.com\/es\/wp-json\/wp\/v2\/types\/post"}],"author":[{"embeddable":true,"href":"https:\/\/www.europesays.com\/es\/wp-json\/wp\/v2\/users\/2"}],"replies":[{"embeddable":true,"href":"https:\/\/www.europesays.com\/es\/wp-json\/wp\/v2\/comments?post=571741"}],"version-history":[{"count":0,"href":"https:\/\/www.europesays.com\/es\/wp-json\/wp\/v2\/posts\/571741\/revisions"}],"wp:featuredmedia":[{"embeddable":true,"href":"https:\/\/www.europesays.com\/es\/wp-json\/wp\/v2\/media\/571742"}],"wp:attachment":[{"href":"https:\/\/www.europesays.com\/es\/wp-json\/wp\/v2\/media?parent=571741"}],"wp:term":[{"taxonomy":"category","embeddable":true,"href":"https:\/\/www.europesays.com\/es\/wp-json\/wp\/v2\/categories?post=571741"},{"taxonomy":"post_tag","embeddable":true,"href":"https:\/\/www.europesays.com\/es\/wp-json\/wp\/v2\/tags?post=571741"}],"curies":[{"name":"wp","href":"https:\/\/api.w.org\/{rel}","templated":true}]}}