{"id":57177,"date":"2025-08-19T05:28:14","date_gmt":"2025-08-19T05:28:14","guid":{"rendered":"https:\/\/www.europesays.com\/es\/57177\/"},"modified":"2025-08-19T05:28:14","modified_gmt":"2025-08-19T05:28:14","slug":"barcelona-prepara-un-plan-de-movilidad-para-minimizar-el-impacto-del-tour-2026-en-la-ciudad","status":"publish","type":"post","link":"https:\/\/www.europesays.com\/es\/57177\/","title":{"rendered":"Barcelona prepara un plan de movilidad para minimizar el impacto del Tour 2026 en la ciudad"},"content":{"rendered":"<p class=\"ft-text ft-helper-closenews\"><strong>Barcelona <\/strong>se pone en marcha para el gran desaf\u00edo que supondr\u00e1 el <strong>Tour de Francia 2026. <\/strong>A menos de un a\u00f1o para la carrera cicilista m\u00e1s emblem\u00e1tica del mundo, el ayuntamiento ha encargado un estudio para <strong>planificar un plan de movilidad <\/strong>espec\u00edfico que permita minimizar las alteraciones en el tr\u00e1fico durante los tres d\u00edas del Grand D\u00e9part, previsto para del 4 al 6 de julio, y los d\u00edas clave antes de la competici\u00f3n. La magnitud del evento, que atraer\u00e1 a <strong>miles de aficionados <\/strong>y afectar\u00e1 a buena parte de la red viaria, obliga a dise\u00f1ar <strong>medidas excepcionales<\/strong> para garantizar la circulaci\u00f3n y la seguridad en la ciudad.<\/p>\n<p class=\"ft-text\">El Tour, que supondr\u00e1 <a href=\"https:\/\/www.elperiodico.com\/es\/deportes\/20250707\/tour-2026-provocara-mayor-movilidad-catalunya-119436575https:\/\/www.elperiodico.com\/es\/deportes\/20250707\/tour-2026-provocara-mayor-movilidad-catalunya-119436575\" class=\"ft-link ft-link--decoration\" rel=\"nofollow noopener\" target=\"_blank\">el mayor desliegue de medios<\/a> en toda la historia de Catalunya, no solo alterar\u00e1 la circulaci\u00f3n durante los d\u00edas en que los ciclistas se adue\u00f1en de las calles para ofrecer un gran espect\u00e1culo deportivo a la ciudad y al mundo entero, sino que tambi\u00e9n tendr\u00e1 efectos en las <strong>jornadas previas y posteriores<\/strong>. Un evento de tal magnitud requiere un <strong>gran operativo y una planificaci\u00f3n exhaustiva<\/strong>.<\/p>\n<p class=\"ft-text\">El primer paso necesario e imprescindible que pretende llevar a cabo el ayuntamiento es un <strong>estudio de movilidad <\/strong>que defina un plan espec\u00edfico con medidas que garanticen \u201cla compatibilidad entre el \u00e9xito del evento y el funcionamiento cotidiano de la ciudad\u201d, seg\u00fan precisa el consistorio en el informe de necesidad del contrato, consultado por EL PERI\u00d3DICO, y que ya ha adjudicado para elaborar este informe.<\/p>\n<p class=\"ft-text\">M\u00e1s all\u00e1 de los d\u00edas de la competici\u00f3n, se requiere al adjudicatario contemplar la<strong> fase de preparativos<\/strong> -que b\u00e1sicamente abarcar\u00e1 toda la semana anterior desde el 27 de junio con la llegada de los equipos, veh\u00edculos, personal de control de accesos y la direcci\u00f3n del Tour, entre otros- y tambi\u00e9n posibles <strong>afectaciones posteriores <\/strong>derivadas del desmontaje y normalizaci\u00f3n del espacio p\u00fablico.<\/p>\n<p>Del F\u00f2rum al Estadi Ol\u00edmpic<\/p>\n<p class=\"ft-text\">El ayuntamiento prev\u00e9 una <strong>\u201celevada concentraci\u00f3n de visitantes<\/strong> y actividades en el espacio p\u00fablico en el frente litoral\u201d, as\u00ed como en diversos puntos estrat\u00e9gicos del recorrido del Tour. La competici\u00f3n empezar\u00e1 el <strong>s\u00e1bado 4 de julio <\/strong>con <a href=\"https:\/\/www.elperiodico.com\/es\/deportes\/20250227\/recorrido-mapa-etapas-tour-francia-barcelona-tarragona-cataluna-2026-114715198\" class=\"ft-link ft-link--decoration\" rel=\"nofollow noopener\" target=\"_blank\">una contrarreloj por equipos<\/a> de 17,1 kil\u00f3metros entre el<strong> F\u00f2rum y el Estadi Ol\u00edmpic<\/strong>, que pasar\u00e1 tambi\u00e9n al lado del templo de la<strong> Sagrada Familia<\/strong>. A las puertas de la bas\u00edlica tambi\u00e9n se har\u00e1 la <a href=\"https:\/\/www.elperiodico.com\/es\/deportes\/20250729\/presentacion-equipos-tour-2026-sagrada-familia-120150988\" class=\"ft-link ft-link--decoration\" rel=\"nofollow noopener\" target=\"_blank\">presentaci\u00f3n de los equipos<\/a> el 2 de julio. Aunque el impacto en el espacio p\u00fablico ser\u00e1 inevitable, el hecho de que sea una contrareloj por equipos disminuir\u00e1 el tiempo de afectaci\u00f3n en las calles.<\/p>\n<p> <img decoding=\"async\" src=\"https:\/\/www.europesays.com\/es\/wp-content\/uploads\/2025\/08\/etapa1.png\" style=\"width:350px; height: 1194px;\"\/> <\/p>\n<p class=\"ft-text\">Este estudio deber\u00e1 <strong>estimar el volumen de asistentes<\/strong> en los diferentes tramos del recorrido y espacios de actividad, teniendo en cuenta tambi\u00e9n \u00abel p\u00fablico local que desarrolla su actividad habitual\u00bb. Adem\u00e1s, determinar\u00e1 los <strong>equipamientos <\/strong>principales localizados en las inmediaciones del recorrido. Analizar\u00e1 las afectaciones en la red viaria, en el transporte p\u00fablico y en el aparcamiento.<\/p>\n<p class=\"ft-text\">As\u00ed, como en cualquier otra competici\u00f3n similar que se realiza en la ciudad, se identificar\u00e1n los <strong>tramos cortados o anulados<\/strong>, los accesos restringidos, as\u00ed como los tramos de carril bici afectados y una propuesta de rutas alternativas. En cuanto al transporte p\u00fablico, se identificar\u00e1n las<strong> l\u00edneas de bus afectadas <\/strong>y los desv\u00edos, las paradas anuladas o reubicadas, los accesos cerrados en estaciones de metro o ferrocarril, y la coordinaci\u00f3n con la red ciclista para garantizar la intermodalidad. Adem\u00e1s, habr\u00e1 tramos de calzada donde <strong>se perder\u00e1n de manera temporal plazas de aparcamiento<\/strong>.<\/p>\n<p>La convivencia con las obras<\/p>\n<p class=\"ft-text\">Aunque no se especifica en el informe, algo que tendr\u00e1 que tener en cuenta este plan es la convivencia con las obras que est\u00e9n en marcha en ese momento. Es dif\u00edcil augurarlo a un a\u00f1o vista, pero seguro que no podr\u00e1 escaparse de los trabajos de <strong>prolongaci\u00f3n de la L8 de Ferrocarrils de la Generalitat de Catalunya (FGC)<\/strong>, que seguir\u00e1n en marcha cuando la carrera recorra la ciudad.<\/p>\n<p class=\"ft-text\">El trazado ciclista no deber\u00eda verse afectado, pero la coincidencia con intervenciones en puntos estrat\u00e9gicos como <strong>Comte d\u2019Urgell, Francesc Maci\u00e0 y Muntaner <\/strong>obligar\u00e1 a ajustar al mil\u00edmetro la gesti\u00f3n del tr\u00e1fico para que no se produzca el caos. La complejidad no est\u00e1 en los corredores, sino en todo lo que se mueve alrededor: desv\u00edos de autobuses, circulaci\u00f3n alternativa y acceso para vecinos.<\/p>\n<p>La oscura experiencia de La Vuelta<\/p>\n<p class=\"ft-text\">Esta no es la primera vez que Barcelona acoge una competici\u00f3n ciclista de nivel. En 2023 fue la sede de la primera prueba de La Vuelta a Espa\u00f1a, con una contrarreloj que cruzaba todo el centro de la ciudad y que tuvo un peque\u00f1o contratiempo. Una <a href=\"https:\/\/www.elperiodico.com\/es\/ciclismo\/20230826\/tempestad-destroza-etapa-barcelona-91380483\" class=\"ft-link ft-link--decoration\" rel=\"nofollow noopener\" target=\"_blank\">tormenta de verano encapot\u00f3 el cielo<\/a> r\u00e1pidamente y <strong>la lluvia y la oscuridad deslucieron la publicidad internacional <\/strong>que promet\u00eda el evento deportivo.<\/p>\n<p class=\"ft-text\">Minutos antes de arrancar La Vuelta, la organizaci\u00f3n pidi\u00f3 adelantar el encendido del alumbrado por la falta de luz tras la tormenta, pero <strong>el ayuntamiento no pudo hacerlo a tiempo<\/strong>: casi la mitad de los puntos de control son manuales y, con la ciudad bloqueada por los cortes de tr\u00e1fico, <a href=\"https:\/\/www.elperiodico.com\/es\/barcelona\/20230828\/barcelona-por-que-a-oscuras-la-vuelta-2023-farolas-cuadros-electricos-91442805?utm_source=whatsapp&amp;utm_medium=social&amp;utm_campaign=btn-share\" class=\"ft-link ft-link--decoration\" rel=\"nofollow noopener\" target=\"_blank\">era imposible enviar operarios<\/a> a los 35 lugares necesarios. El cambio de tiempo estaba previsto, pero la ciudad no ten\u00eda un plan t\u00e9cnico para responder con rapidez. Pese a la decepci\u00f3n, fue una experiencia que, sin duda, servir\u00e1 como precedente para el <strong>Tour 2026<\/strong>.<\/p>\n<p><img decoding=\"async\" src=\"https:\/\/www.europesays.com\/es\/wp-content\/uploads\/2025\/08\/6bf8cc62-8517-4edd-a8a0-9c02ae27a2e0_alta-libre-aspect-ratio_default_0.jpg\" width=\"1200\" height=\"800\" alt=\"Primera etapa de la Vuelta ciclista en Barcelona ensombrecida por falta de visibilidad\" class=\"ft-helper-img-rd\" loading=\"lazy\" hasdataaida=\"true\"\/><\/p>\n<p class=\"ft-helper-fontColor-quaternary ft-helper-fontSize-body-S ft-helper-spacer-t-xxs\">Primera etapa de la Vuelta ciclista en Barcelona ensombrecida por falta de visibilidad  \/ AFP<\/p>\n<p data-close=\"closedContent\" class=\"subscribeHideForDisplay\">Suscr\u00edbete para seguir leyendo<\/p>\n","protected":false},"excerpt":{"rendered":"Barcelona se pone en marcha para el gran desaf\u00edo que supondr\u00e1 el Tour de Francia 2026. A menos&hellip;\n","protected":false},"author":2,"featured_media":57178,"comment_status":"","ping_status":"","sticky":false,"template":"","format":"standard","meta":{"footnotes":""},"categories":[273],"tags":[210,313,312,168,25,24,24402,8137,2568,5936,23,167],"class_list":{"0":"post-57177","1":"post","2":"type-post","3":"status-publish","4":"format-standard","5":"has-post-thumbnail","7":"category-ciclismo","8":"tag-barcelona","9":"tag-ciclismo","10":"tag-cycling","11":"tag-deportes","12":"tag-es","13":"tag-espana","14":"tag-minimizar","15":"tag-movilidad","16":"tag-plan","17":"tag-prepara","18":"tag-spain","19":"tag-sports"},"share_on_mastodon":{"url":"","error":""},"_links":{"self":[{"href":"https:\/\/www.europesays.com\/es\/wp-json\/wp\/v2\/posts\/57177","targetHints":{"allow":["GET"]}}],"collection":[{"href":"https:\/\/www.europesays.com\/es\/wp-json\/wp\/v2\/posts"}],"about":[{"href":"https:\/\/www.europesays.com\/es\/wp-json\/wp\/v2\/types\/post"}],"author":[{"embeddable":true,"href":"https:\/\/www.europesays.com\/es\/wp-json\/wp\/v2\/users\/2"}],"replies":[{"embeddable":true,"href":"https:\/\/www.europesays.com\/es\/wp-json\/wp\/v2\/comments?post=57177"}],"version-history":[{"count":0,"href":"https:\/\/www.europesays.com\/es\/wp-json\/wp\/v2\/posts\/57177\/revisions"}],"wp:featuredmedia":[{"embeddable":true,"href":"https:\/\/www.europesays.com\/es\/wp-json\/wp\/v2\/media\/57178"}],"wp:attachment":[{"href":"https:\/\/www.europesays.com\/es\/wp-json\/wp\/v2\/media?parent=57177"}],"wp:term":[{"taxonomy":"category","embeddable":true,"href":"https:\/\/www.europesays.com\/es\/wp-json\/wp\/v2\/categories?post=57177"},{"taxonomy":"post_tag","embeddable":true,"href":"https:\/\/www.europesays.com\/es\/wp-json\/wp\/v2\/tags?post=57177"}],"curies":[{"name":"wp","href":"https:\/\/api.w.org\/{rel}","templated":true}]}}