{"id":571952,"date":"2026-05-26T17:07:08","date_gmt":"2026-05-26T17:07:08","guid":{"rendered":"https:\/\/www.europesays.com\/es\/571952\/"},"modified":"2026-05-26T17:07:08","modified_gmt":"2026-05-26T17:07:08","slug":"comienza-la-instalacion-de-la-pasarela-sobre-el-rio-guadaira-que-conectara-el-carril-bici-entre-alcala-y-la-universidad-pablo-de-olavide","status":"publish","type":"post","link":"https:\/\/www.europesays.com\/es\/571952\/","title":{"rendered":"\u200bComienza la instalaci\u00f3n de la pasarela sobre el r\u00edo Guada\u00edra que conectar\u00e1 el Carril Bici entre Alcal\u00e1 y la Universidad Pablo de Olavide"},"content":{"rendered":"<p>El proyecto de Carril Bici que conectar\u00e1 Alcal\u00e1 de Guada\u00edra con la Universidad Pablo de Olavide y, a su vez, con la red ciclista metropolitana, asiste hoy a uno de sus hitos m\u00e1s importantes, la instalaci\u00f3n de un nuevo puente sobre el r\u00edo Guada\u00edra que completar\u00e1 el trayecto del carril. Se trata de una infraestructura que cuenta con financiaci\u00f3n a partir del Plan de Movilidad Urbana Sostenible del propio Ayuntamiento por un lado, y en el marco de un proyecto com\u00fan con Sevilla, La Rinconada y Dos Hermanas para planificar la movilidad metropolitana.\n <\/p>\n<p> La pasarela met\u00e1lica, de 40 metros de longitud por 5 de ancho, se coloca a la altura del canal del Bajo Guadalquivir. La nueva infraestructura enlazar\u00e1 el centro urbano alcalare\u00f1o con la Universidad en paralelo al sendero peatonal de ribera y, tambi\u00e9n, permitir\u00e1 el acceso a los parques industriales de Alcal\u00e1. Se equipar\u00e1 con un pavimento de aglomerado para que sea f\u00e1cil de transitar para veh\u00edculos de movilidad personal y bicicletas. En una segunda fase, conectar\u00e1 el conocido como Canal de los Presos, en el bajo Guadalquivir, con el pol\u00edgono El Palmetillo, con 3 kil\u00f3metros.\u00a0 \u00a0\u00a0\n <\/p>\n<p> La alcaldesa de la ciudad, Ana Isabel Jim\u00e9nez, ha remarcado la importancia del Carril Bici de Alcal\u00e1 \u201cpara la preservaci\u00f3n del medio ambiente y por suponer un elemento de valor a\u00f1adido para el anillo cultural que une el casco antiguo, el Castillo, el Monumento Natural, para ese referente y punto de atracci\u00f3n tur\u00edstica que cada vez m\u00e1s est\u00e1 siendo Alcal\u00e1\u201d.\u00a0\n <\/p>\n<p>\u00a0\u00a0A lo largo de los 9 kil\u00f3metros de recorrido el Carril Bici contar\u00e1 con un novedoso sistema de iluminaci\u00f3n de tecnolog\u00eda led, alimentado desde 4 \u00e1reas de descanso y esparcimiento sobre cuyas p\u00e9rgolas se instalar\u00e1 un sistema de captaci\u00f3n de energ\u00eda fotovoltaica que, adem\u00e1s de proporcionar sombra, suministrar\u00e1 la energ\u00eda necesaria para las farolas instaladas en todo el trayecto. La iluminaci\u00f3n tambi\u00e9n ofrecer\u00e1 la posibilidad de regular su intensidad en funci\u00f3n del uso y del horario.\u00a0\u00a0\n <\/p>\n<p> El Carril Bici de Alcal\u00e1 lleva aparejada la plantaci\u00f3n de 600 nuevos \u00e1rboles y m\u00e1s de 2.000 arbustos, adem\u00e1s de la instalaci\u00f3n de red para abastecimiento de agua y riego en un proyecto que destaca por su sostenibilidad. Conllevar\u00e1 la plantaci\u00f3n de 600 \u00e1rboles, la construcci\u00f3n de este nuevo puente el r\u00edo Guada\u00edra y la apertura para su uso del antiguo t\u00fanel del ferrocarril bajo el Castillo, cuyas obras est\u00e1n muy avanzadas y que visitaba la alcaldesa hace unos d\u00edas.\n <\/p>\n<p> El proyecto, que est\u00e1 financiado con fondos de la UE a trav\u00e9s del Ministerio de Movilidad, supone el punto de partida del futuro Carril Bici. Tendr\u00e1 9 kil\u00f3metros de largo, contar\u00e1 con 4 \u00e1reas de descanso y esparcimiento dotadas con p\u00e9rgolas y sistema de captaci\u00f3n de energ\u00eda fotovoltaica para alimentar el sistema de iluminaci\u00f3n y riego. Conllevar\u00e1 la plantaci\u00f3n de 2.700 arbustos, 600 puntos de luz y la mencionada construcci\u00f3n de un puente nuevo sobre el r\u00edo Guada\u00edra y la apertura para su uso del antiguo t\u00fanel del ferrocarril bajo el Castillo.\u00a0<\/p>\n","protected":false},"excerpt":{"rendered":"El proyecto de Carril Bici que conectar\u00e1 Alcal\u00e1 de Guada\u00edra con la Universidad Pablo de Olavide y, a&hellip;\n","protected":false},"author":2,"featured_media":571953,"comment_status":"","ping_status":"","sticky":false,"template":"","format":"standard","meta":{"footnotes":""},"categories":[5],"tags":[24471,24470,24478,24469,1250,17,18,777,209,24474,168,24489,2026,24491,24480,25,24,13,14,24488,24487,24490,24492,24473,11,2178,3624,15235,891,6850,19,20,6688,24483,24054,24497,4044,24493,9,10,15,16,24477,24482,24415,24472,12365,24496,1922,24485,24481,24479,24475,24484,19497,24486,1171,23,24494,12,24476,4664,21,22,24495],"class_list":["post-571952","post","type-post","status-publish","format-standard","has-post-thumbnail","category-titulares","tag-accesibilidad","tag-administracion-electronica","tag-agenda-de-actividades","tag-alcala-de-guadaira","tag-ayuntamiento","tag-breaking-news","tag-breakingnews","tag-ciudad","tag-cultura","tag-datos-abiertos","tag-deportes","tag-desarrollo-economico","tag-educacion","tag-edusi","tag-equipamientos","tag-es","tag-espana","tag-featured-news","tag-featurednews","tag-feria-de-alcala","tag-fiestas-mayores","tag-formacion-y-empleo","tag-gestion-tributaria","tag-gobierno-abierto","tag-headlines","tag-igualdad","tag-infancia","tag-infraestructura","tag-inmigrantes","tag-juventud","tag-latest-news","tag-latestnews","tag-medio-ambiente","tag-molinos","tag-movilidad-urbana","tag-movilidad-y-transporte","tag-mujeres","tag-museo-de-alcala","tag-news","tag-noticias","tag-noticias-destacadas","tag-noticiasdestacadas","tag-oferta-de-empleo","tag-oromana","tag-participacion-ciudadana","tag-personas-con-discapacidad","tag-personas-mayores","tag-punto-limpio","tag-redes-sociales","tag-secretaria","tag-sede-electronica","tag-servicio-de-quejas-y-sugerencias","tag-servicios-destacados","tag-servicios-municipales","tag-servicios-sociales","tag-servicios-urbanos","tag-sevilla","tag-spain","tag-teatro-auditorio-riberas-del-guadaira","tag-titulares","tag-tramites-y-servicios","tag-turismo","tag-ultimas-noticias","tag-ultimasnoticias","tag-universidad-popular"],"share_on_mastodon":{"url":"","error":"Validation failed: Text character limit of 500 exceeded"},"_links":{"self":[{"href":"https:\/\/www.europesays.com\/es\/wp-json\/wp\/v2\/posts\/571952","targetHints":{"allow":["GET"]}}],"collection":[{"href":"https:\/\/www.europesays.com\/es\/wp-json\/wp\/v2\/posts"}],"about":[{"href":"https:\/\/www.europesays.com\/es\/wp-json\/wp\/v2\/types\/post"}],"author":[{"embeddable":true,"href":"https:\/\/www.europesays.com\/es\/wp-json\/wp\/v2\/users\/2"}],"replies":[{"embeddable":true,"href":"https:\/\/www.europesays.com\/es\/wp-json\/wp\/v2\/comments?post=571952"}],"version-history":[{"count":0,"href":"https:\/\/www.europesays.com\/es\/wp-json\/wp\/v2\/posts\/571952\/revisions"}],"wp:featuredmedia":[{"embeddable":true,"href":"https:\/\/www.europesays.com\/es\/wp-json\/wp\/v2\/media\/571953"}],"wp:attachment":[{"href":"https:\/\/www.europesays.com\/es\/wp-json\/wp\/v2\/media?parent=571952"}],"wp:term":[{"taxonomy":"category","embeddable":true,"href":"https:\/\/www.europesays.com\/es\/wp-json\/wp\/v2\/categories?post=571952"},{"taxonomy":"post_tag","embeddable":true,"href":"https:\/\/www.europesays.com\/es\/wp-json\/wp\/v2\/tags?post=571952"}],"curies":[{"name":"wp","href":"https:\/\/api.w.org\/{rel}","templated":true}]}}