{"id":57225,"date":"2025-08-19T05:56:11","date_gmt":"2025-08-19T05:56:11","guid":{"rendered":"https:\/\/www.europesays.com\/es\/57225\/"},"modified":"2025-08-19T05:56:11","modified_gmt":"2025-08-19T05:56:11","slug":"asi-se-multiplico-la-luz-y-la-sensacion-de-espacio","status":"publish","type":"post","link":"https:\/\/www.europesays.com\/es\/57225\/","title":{"rendered":"as\u00ed se multiplic\u00f3 la luz y la sensaci\u00f3n de espacio"},"content":{"rendered":"<p>Esta casa, situada <strong>a\u00a0<\/strong><strong>las afueras de Barcelona <\/strong>y abrazada por la sierra de Collserola, disfruta de un entorno privilegiado: una zona residencial tranquila, muy cerca de la monta\u00f1a que marca el l\u00edmite natural de la ciudad. Desde aqu\u00ed las vistas son verdes y se respira calma, pero se est\u00e1 a un paso de la vida urbana. Sus propietarios, una pareja a la que le encanta recibir amigos y familia, encontraron en ella una base excepcional llena de posibilidades.<\/p>\n<p>La compraron tal y como hab\u00eda sido concebida a finales de los a\u00f1os 80 o principios de los 90, con una decoraci\u00f3n muy de la \u00e9poca: cer\u00e1micas con dibujos en los ba\u00f1os, sanitarios de colores, ba\u00f1eras redondas en la suite y techos algo m\u00e1s bajos de lo que hoy se estila. Aunque s\u00f3lida y bien construida, <strong>el paso de las d\u00e9cadas le hab\u00eda dejado una p\u00e1tina desfasada<\/strong>.<\/p>\n<p><img loading=\"lazy\" decoding=\"async\" src=\"https:\/\/www.europesays.com\/es\/wp-content\/uploads\/2025\/08\/0001607-mejorado-nr_0b8e0fd4_250818084941_1000x1499.webp.webp\" alt=\"0001607 Mejorado NR\" class=\"lazyload\" width=\"1000\" height=\"1499\" data-aspectratio=\"1000\/1499\"\/>&#13;El Mueble<\/p>\n<p>\u00a0<\/p>\n<p>El objetivo de la reforma fue claro: ganar luz y amplitud visual. \u201cEn aquellos a\u00f1os no se ten\u00eda tan en cuenta la luz natural, los espacios estaban compartimentados y las estancias se un\u00edan a trav\u00e9s de pasillos\u201d, explica <strong>Marta Tobella, del estudio Sacum Interiors<\/strong>, responsable de la reforma integral. La intervenci\u00f3n busc\u00f3 rascar cent\u00edmetros de altura, abrir todo lo posible para que la luz se cruzara de un extremo a otro y multiplicar la sensaci\u00f3n de metros, aunque estos fueran los mismos. El proyecto dur\u00f3 algo m\u00e1s de un a\u00f1o, entre permisos, obra y detalles finales, y fue un cambio m\u00e1gico. \u00a1Vamos a verlo!<\/p>\n<p><strong>\u00bfTe gustan las historias de interioristas y expertos?\u00a0<\/strong><a href=\"https:\/\/tienda.rba.es\/revistas\/suscripcion-el-mueble?ORIGIN=REF&amp;rba_medium=referral&amp;rba_source=elmueble.com&amp;rba_campaign=RBA_rev_emue_es_web_conv_pur_pro&amp;rba_term=RBA_rev_emue_es_web_conv_pur_pro_general&amp;rba_content=general_RBA_rev_emue_es_web_conv_pur_pro_general_oferta-especial-2025_general_frase-articulos-deco_web\" rel=\"nofollow noopener\" target=\"_blank\">Suscr\u00edbete a El Mueble<\/a>\u00a0y recibe las\u00a0<strong>mejores ideas para decorar<\/strong>\u00a0<strong>y transformar\u00a0<\/strong>tu casa al mejor precio.<\/p>\n<p>&#13;<img decoding=\"async\" src=\"https:\/\/www.europesays.com\/es\/wp-content\/uploads\/2025\/08\/1755544271_616_00500366-plantas-interior-macetas-en-recibidor_00000000_1d70b2de_250813152806_600x600.webp.webp\" alt=\"00500366 plantas interior macetas en recibidor\" class=\"image lazyload\"\/><\/p>\n<p class=\"epigraph\">\u00a1Esto te interesa!<\/p>\n<p><a href=\"https:\/\/www.elmueble.com\/plantas-flores\/alvaro-pedrera-experto-plantas-si-hojas-tus-plantas-tienen-puntas-marrones-secas-no-es-problema-riego-sino-humedad-ambiental_61268\" rel=\"nofollow noopener\" target=\"_blank\">\u00c1lvaro Pedrera, experto en plantas: \u00abSi las hojas de tus plantas tienen las puntas marrones y secas, no es problema de riego, sino de humedad ambiental\u00bb<\/a><\/p>\n<p>Si quieres estar al d\u00eda de todo lo que publicamos en www.elmueble.com,\u00a0<a href=\"https:\/\/www.elmueble.com\/newsletters\" rel=\"nofollow noopener\" target=\"_blank\">suscr\u00edbete a nuestra newsletter.<\/a><\/p>\n","protected":false},"excerpt":{"rendered":"Esta casa, situada a\u00a0las afueras de Barcelona y abrazada por la sierra de Collserola, disfruta de un entorno&hellip;\n","protected":false},"author":2,"featured_media":57226,"comment_status":"","ping_status":"","sticky":false,"template":"","format":"standard","meta":{"footnotes":""},"categories":[173],"tags":[229,233,231,230,232,234,146,147,25,24,23],"class_list":{"0":"post-57225","1":"post","2":"type-post","3":"status-publish","4":"format-standard","5":"has-post-thumbnail","7":"category-arte-y-diseno","8":"tag-arte","9":"tag-arte-y-diseno","10":"tag-arts","11":"tag-arts-and-design","12":"tag-design","13":"tag-diseno","14":"tag-entertainment","15":"tag-entretenimiento","16":"tag-es","17":"tag-espana","18":"tag-spain"},"share_on_mastodon":{"url":"","error":""},"_links":{"self":[{"href":"https:\/\/www.europesays.com\/es\/wp-json\/wp\/v2\/posts\/57225","targetHints":{"allow":["GET"]}}],"collection":[{"href":"https:\/\/www.europesays.com\/es\/wp-json\/wp\/v2\/posts"}],"about":[{"href":"https:\/\/www.europesays.com\/es\/wp-json\/wp\/v2\/types\/post"}],"author":[{"embeddable":true,"href":"https:\/\/www.europesays.com\/es\/wp-json\/wp\/v2\/users\/2"}],"replies":[{"embeddable":true,"href":"https:\/\/www.europesays.com\/es\/wp-json\/wp\/v2\/comments?post=57225"}],"version-history":[{"count":0,"href":"https:\/\/www.europesays.com\/es\/wp-json\/wp\/v2\/posts\/57225\/revisions"}],"wp:featuredmedia":[{"embeddable":true,"href":"https:\/\/www.europesays.com\/es\/wp-json\/wp\/v2\/media\/57226"}],"wp:attachment":[{"href":"https:\/\/www.europesays.com\/es\/wp-json\/wp\/v2\/media?parent=57225"}],"wp:term":[{"taxonomy":"category","embeddable":true,"href":"https:\/\/www.europesays.com\/es\/wp-json\/wp\/v2\/categories?post=57225"},{"taxonomy":"post_tag","embeddable":true,"href":"https:\/\/www.europesays.com\/es\/wp-json\/wp\/v2\/tags?post=57225"}],"curies":[{"name":"wp","href":"https:\/\/api.w.org\/{rel}","templated":true}]}}