{"id":572250,"date":"2026-05-26T20:41:16","date_gmt":"2026-05-26T20:41:16","guid":{"rendered":"https:\/\/www.europesays.com\/es\/572250\/"},"modified":"2026-05-26T20:41:16","modified_gmt":"2026-05-26T20:41:16","slug":"indra-nombra-consejero-delegado-al-directivo-de-renault-josep-maria-recasens","status":"publish","type":"post","link":"https:\/\/www.europesays.com\/es\/572250\/","title":{"rendered":"Indra nombra consejero delegado al directivo de Renault Josep Maria Recasens"},"content":{"rendered":"<p class=\"article-text\">\n        Indra ha anunciado este martes el nombramiento como nuevo consejero delegado del hasta ahora directivo de Renault y presidente de la patronal automovil\u00edstica Anfac, Josep Maria Recasens.\u00a0\n    <\/p>\n<p>    <a href=\"https:\/\/www.eldiario.es\/economia\/hermanos-escribano-salen-accionariado-indra-venta-14-3_1_13197840.html\" data-mrf-recirculation=\"saber-mas\" data-dl-event=\"saber-mas\" rel=\"nofollow noopener\" target=\"_blank\"><\/p>\n<p class=\"know-more__title\">Los hermanos Escribano salen del accionariado de Indra con la venta de su 14,3%<\/p>\n<p>            <img decoding=\"async\" class=\"lazy\" loading=\"lazy\" data-src=\"https:\/\/static.eldiario.es\/clip\/df60a5da-7d5c-47b5-adb1-81b5043cb746_16-9-aspect-ratio_default_0.jpg\" src=\"data:image\/svg+xml,%3Csvg xmlns=\" http:=\"\" viewbox=\"0 0 880 495\" alt=\"Los hermanos Escribano salen del accionariado de Indra con la venta de su 14,3%\"\/><\/p>\n<p>                        <\/a><\/p>\n<p class=\"article-text\">\n        En un comunicado remitido a la Comisi\u00f3n Nacional del Mercado de Valores (CNMV), el grupo de tecnolog\u00eda y defensa explica que el consejo de administraci\u00f3n del grupo ha resuelto nombrar consejero ejecutivo por cooptaci\u00f3n \u201ctras la dimisi\u00f3n\u201d del hasta ahora consejero de la compa\u00f1\u00eda, Jos\u00e9 Vicente de los Mozos, y a propuesta de la Comisi\u00f3n de Nombramientos y Retribuciones de la cotizada.\n    <\/p>\n<p class=\"article-text\">\n        El nombramiento de Recasens como primer ejecutivo de Indra, aprobado por unanimidad en el m\u00e1ximo \u00f3rgano de gesti\u00f3n de la cotizada, surtir\u00e1 efecto \u201cel 17 de junio de 2026, con el objeto de permitir una transici\u00f3n ordenada en el ejercicio de sus funciones actuales y garantizar el adecuado traspaso de responsabilidades con car\u00e1cter previo a su efectiva incorporaci\u00f3n a la Compa\u00f1\u00eda\u201d.\n    <\/p>\n<p class=\"article-text\">\n        Recasens ha sido finalmente el elegido en una lista corta de nombres para la que han sonado en los \u00faltimos d\u00edas en las quinielas otros candidatos como Ra\u00fcl Blanco, expresidente de Renfe, ex secretario general de Industria y actual directivo de la vasca Sapa (accionista de Indra con un 8%), y Manuel Cermer\u00f3n, director de crecimiento y transformaci\u00f3n de Veolia, antiguo consejero delegado de Agbar y de Suez Espa\u00f1a y considerado cercano al nuevo presidente de Indra, \u00c1ngel Sim\u00f3n.\n    <\/p>\n<p class=\"article-text\">\n        Recasens es uno de los directivos espa\u00f1oles que m\u00e1s alto han llegado en el sector del autom\u00f3vil. El ejecutivo gerundense es el actual responsable global de Estrategia, Producto y Gesti\u00f3n de Programas de Renault y miembro del comit\u00e9 de direcci\u00f3n mundial de la multinacional automovil\u00edstica francesa. Tambi\u00e9n trabaj\u00f3 en Seat, donde fue director de Estrategia y Relaciones Institucionales y uno de los responsables de lanzar la marca Cupra.\n    <\/p>\n<p class=\"article-text\">\n        Ingeniero especializado en Organizaci\u00f3n Industrial por la Universidad de Girona y MBA por ESADE, tiene una trayectoria de m\u00e1s de 20 a\u00f1os en el sector de la automoci\u00f3n. Antes de trabajar en Renault, ejerci\u00f3 como Chief Strategy Officer y Chief Operation Officer de Ampere, y Corporate Strategie de Seat, donde ha desarrollado gran parte de su carrera profesional.\n    <\/p>\n<p class=\"article-text\">\n        Recasens va a sustituir a De los Mozos, tambi\u00e9n ex directivo de Renault cuya \u201cvaliosa contribuci\u00f3n\u201d agradece Indra en la implantaci\u00f3n de su plan estrat\u00e9gico \u201cLeading de Future\u201d. La no renovaci\u00f3n del todav\u00eda CEO de Indra fue anunciada por el grupo tecnol\u00f3gico y de defensa el pasado 18 de mayo, ante el \u201cinminente vencimiento de su mandato\u201d de tres a\u00f1os, que expiraba en la junta de accionistas del pr\u00f3ximo 30 de junio, y tras anunciar De los Mozos (que est\u00e1 considerado cercano al PP) que su intenci\u00f3n era seguir al frente de Indra.\u00a0\n    <\/p>\n<p class=\"article-text\">\n        De los Mozos ha asegurado que se marcha de la empresa \u201ccon la satisfacci\u00f3n de haber contribuido a dejar una compa\u00f1\u00eda m\u00e1s s\u00f3lida, m\u00e1s global y preparada para afrontar los pr\u00f3ximos retos con confianza\u201d. En una publicaci\u00f3n en LinkedIn, el a\u00fan consejero delegado de Indra ha destacado que esa ambici\u00f3n se ha materializado en hechos, \u201ccon el impulso decidido a proyectos industriales, hoy pilar de la competitividad y crecimiento de Indra Group en los pr\u00f3ximos a\u00f1os\u201d, al cuadriplicar su actividad industrial.\n    <\/p>\n<p class=\"article-text\">\n        Asimismo, ha subrayado la apuesta del grupo por la internacionalizaci\u00f3n y la \u201cevoluci\u00f3n sostenida en la generaci\u00f3n de valor\u201d, reflejada en un fuerte crecimiento de la capitalizaci\u00f3n de la compa\u00f1\u00eda, al cuadriplicar su valor en Bolsa.\n    <\/p>\n<p class=\"article-text\">\n        La trayectoria de Recasens hasta llegar a la cotizada recuerda al camino que emprendi\u00f3 el propio De los Mozos. El todav\u00eda consejero delegado de Indra lleg\u00f3 al grupo en 2023 (cuando el presidente de la compa\u00f1\u00eda era Marc Murtra, hoy en Telef\u00f3nica) tambi\u00e9n procedente de Renault, donde fue responsable global de Producci\u00f3n, presidente de la filial espa\u00f1ola y, como Recasens, m\u00e1ximo responsable de la patronal Anfac.\n    <\/p>\n<p class=\"article-text\">\n        Recasens va a formar t\u00e1ndem con el presidente no ejecutivo de Indra. \u00c1ngel Sim\u00f3n fue nombrado hace poco m\u00e1s de un mes a instancias de la Sociedad Estatal de Participaciones Industriales (SEPI), principal accionista del grupo (28%).\u00a0\n    <\/p>\n<p>    <a href=\"https:\/\/www.eldiario.es\/economia\/indra-anuncia-prescindira-jose-vicente-mozos-consejero-delegado_1_13231069.html\" data-mrf-recirculation=\"saber-mas-abajo\" data-dl-event=\"saber-mas-abajo\" rel=\"nofollow noopener\" target=\"_blank\"><\/p>\n<p class=\"know-more__title\">Indra anuncia que prescindir\u00e1 de Jos\u00e9 Vicente de los Mozos como consejero delegado\n<\/p>\n<p>            <img decoding=\"async\" class=\"lazy\" loading=\"lazy\" data-src=\"https:\/\/static.eldiario.es\/clip\/68e0ce6c-1ab9-4d1a-ba3b-234398225e68_16-9-aspect-ratio_default_0.jpg\" src=\"data:image\/svg+xml,%3Csvg xmlns=\" http:=\"\" viewbox=\"0 0 880 495\" alt=\"Indra anuncia que prescindir\u00e1 de Jos\u00e9 Vicente de los Mozos como consejero delegado\"\/><\/p>\n<p>                        <\/a><\/p>\n<p class=\"article-text\">\n        El directivo catal\u00e1n, ex consejero delegado de Criteria y considerado cercano al PSC, fue el elegido para sustituir al anterior presidente ejecutivo, \u00c1ngel Escribano, entonces copropietario del primer accionista privado de Indra, Escribano Mechanical &amp; Engineering, que dimiti\u00f3 tras los reparos del Gobierno a la fusi\u00f3n con su empresa por el conflicto de inter\u00e9s que implicaba la operaci\u00f3n.\n    <\/p>\n","protected":false},"excerpt":{"rendered":"Indra ha anunciado este martes el nombramiento como nuevo consejero delegado del hasta ahora directivo de Renault y&hellip;\n","protected":false},"author":2,"featured_media":572251,"comment_status":"","ping_status":"","sticky":false,"template":"","format":"standard","meta":{"footnotes":""},"categories":[5],"tags":[17,18,13293,13294,40315,25,24,13,14,11,7834,15090,19,20,1932,9,10266,10,15,16,54511,1606,23,12,21,22],"class_list":["post-572250","post","type-post","status-publish","format-standard","has-post-thumbnail","category-titulares","tag-breaking-news","tag-breakingnews","tag-consejero","tag-delegado","tag-directivo","tag-es","tag-espana","tag-featured-news","tag-featurednews","tag-headlines","tag-indra","tag-josep","tag-latest-news","tag-latestnews","tag-maria","tag-news","tag-nombra","tag-noticias","tag-noticias-destacadas","tag-noticiasdestacadas","tag-recasens","tag-renault","tag-spain","tag-titulares","tag-ultimas-noticias","tag-ultimasnoticias"],"share_on_mastodon":{"url":"https:\/\/pubeurope.com\/@es\/116642819932226253","error":""},"_links":{"self":[{"href":"https:\/\/www.europesays.com\/es\/wp-json\/wp\/v2\/posts\/572250","targetHints":{"allow":["GET"]}}],"collection":[{"href":"https:\/\/www.europesays.com\/es\/wp-json\/wp\/v2\/posts"}],"about":[{"href":"https:\/\/www.europesays.com\/es\/wp-json\/wp\/v2\/types\/post"}],"author":[{"embeddable":true,"href":"https:\/\/www.europesays.com\/es\/wp-json\/wp\/v2\/users\/2"}],"replies":[{"embeddable":true,"href":"https:\/\/www.europesays.com\/es\/wp-json\/wp\/v2\/comments?post=572250"}],"version-history":[{"count":0,"href":"https:\/\/www.europesays.com\/es\/wp-json\/wp\/v2\/posts\/572250\/revisions"}],"wp:featuredmedia":[{"embeddable":true,"href":"https:\/\/www.europesays.com\/es\/wp-json\/wp\/v2\/media\/572251"}],"wp:attachment":[{"href":"https:\/\/www.europesays.com\/es\/wp-json\/wp\/v2\/media?parent=572250"}],"wp:term":[{"taxonomy":"category","embeddable":true,"href":"https:\/\/www.europesays.com\/es\/wp-json\/wp\/v2\/categories?post=572250"},{"taxonomy":"post_tag","embeddable":true,"href":"https:\/\/www.europesays.com\/es\/wp-json\/wp\/v2\/tags?post=572250"}],"curies":[{"name":"wp","href":"https:\/\/api.w.org\/{rel}","templated":true}]}}