{"id":572308,"date":"2026-05-26T21:22:20","date_gmt":"2026-05-26T21:22:20","guid":{"rendered":"https:\/\/www.europesays.com\/es\/572308\/"},"modified":"2026-05-26T21:22:20","modified_gmt":"2026-05-26T21:22:20","slug":"la-tienda-en-el-centro-de-zaragoza-que-conquisto-a-dani-martin-respeto-absoluto-en-el-surco","status":"publish","type":"post","link":"https:\/\/www.europesays.com\/es\/572308\/","title":{"rendered":"La tienda en el centro de Zaragoza que conquist\u00f3 a Dani Mart\u00edn: \u00abRespeto absoluto en el surco\u00bb"},"content":{"rendered":"<p class=\"c-paragraph\">Dani Mart\u00edn vivi\u00f3 un fin de semana para enmarcar en Zaragoza. En lo profesional, llen\u00f3 <b>dos noches seguidas el pabell\u00f3n Pr\u00edncipe Felipe<\/b> con miles de personas coreando los himnos de su exitosa carrera. Y en lo personal, <a href=\"https:\/\/www.heraldo.es\/noticias\/ocio-y-cultura\/2026\/05\/23\/emotivo-homenaje-dani-martin-heroes-silencio-violadores-verso-amaral-mas-birras-2022819.html\" title=\"El emotivo homenaje de Dani Mart\u00edn a H\u00e9roes del Silencio, Violadores del Verso, Amaral y M\u00e1s Birras\" rel=\"nofollow noopener\" target=\"_blank\">pudo disfrutar de la capital aragonesa, con la preceptiva visita a la bas\u00edlica del Pilar y otras actividades.\u00a0<\/a><\/p>\n<p class=\"c-paragraph\">No falt\u00f3 en este itinerario zaragozano<b> la tienda Rap Solo, situada en el n\u00famero 24 de la calle Manifestaci\u00f3n.<\/b> Este establecimiento lo regentan los integrantes de Violadores del Verso y el cantante madrile\u00f1o es un apasionado de estos raperos zaragozanos.\u00a0<\/p>\n<p class=\"c-paragraph\">El artista ha inmortalizado su paso por este comercio con un mensaje en sus redes sociales en el que transmite su cari\u00f1o.<b> \u00abZaragoza, me encantas, caminar tus calles,<\/b> visitar la tienda de mis cos los Violadores del Verso. Respeto absoluto en el surco\u00bb, apunta.\u00a0<\/p>\n<p class=\"c-paragraph\">De hecho, el texto de Dani Mart\u00edn es toda una declaraci\u00f3n de amor para Zaragoza y sus m\u00fasicos: <b>\u00abH\u00e9roes del Silencio, Bunbury, Kase O, Sho Hai, M\u00e1s Birras, Amaral, Doble V\u2026<\/b> Cultura musical sin caducidad ten\u00e9is en Zaragoza, por eso fueron as\u00ed el viernes y s\u00e1bado en el pr\u00edncipe Felipe, dos noches lleno, 20 mil personas. Fuisteis los m\u00e1s grandes esas dos horas\u00bb.<\/p>\n<p class=\"c-paragraph\">El que fuera l\u00edder de El Canto del Loco se despide con unas bonitas palabras a la Virgen del Pilar, de la que es un devoto y que ha sido importante en algunos momentos duros de su vida.<b> \u00abLa Virgen del Pilar, siempre visita obligada y muy bella.<\/b> Gracias, Zaragoza, por ser referente del respeto a la m\u00fasica y a las personas. Gracias por dos noches \u00fanicas que se quedan en las retinas\u00bb, concluye.\u00a0<\/p>\n","protected":false},"excerpt":{"rendered":"Dani Mart\u00edn vivi\u00f3 un fin de semana para enmarcar en Zaragoza. En lo profesional, llen\u00f3 dos noches seguidas&hellip;\n","protected":false},"author":2,"featured_media":572309,"comment_status":"","ping_status":"","sticky":false,"template":"","format":"standard","meta":{"footnotes":""},"categories":[91],"tags":[47099,146,147,25,24,23,11613,491],"class_list":["post-572308","post","type-post","status-publish","format-standard","has-post-thumbnail","category-entretenimiento","tag-dani-martin","tag-entertainment","tag-entretenimiento","tag-es","tag-espana","tag-spain","tag-tienda","tag-zaragoza"],"share_on_mastodon":{"url":"https:\/\/pubeurope.com\/@es\/116642981558150252","error":""},"_links":{"self":[{"href":"https:\/\/www.europesays.com\/es\/wp-json\/wp\/v2\/posts\/572308","targetHints":{"allow":["GET"]}}],"collection":[{"href":"https:\/\/www.europesays.com\/es\/wp-json\/wp\/v2\/posts"}],"about":[{"href":"https:\/\/www.europesays.com\/es\/wp-json\/wp\/v2\/types\/post"}],"author":[{"embeddable":true,"href":"https:\/\/www.europesays.com\/es\/wp-json\/wp\/v2\/users\/2"}],"replies":[{"embeddable":true,"href":"https:\/\/www.europesays.com\/es\/wp-json\/wp\/v2\/comments?post=572308"}],"version-history":[{"count":0,"href":"https:\/\/www.europesays.com\/es\/wp-json\/wp\/v2\/posts\/572308\/revisions"}],"wp:featuredmedia":[{"embeddable":true,"href":"https:\/\/www.europesays.com\/es\/wp-json\/wp\/v2\/media\/572309"}],"wp:attachment":[{"href":"https:\/\/www.europesays.com\/es\/wp-json\/wp\/v2\/media?parent=572308"}],"wp:term":[{"taxonomy":"category","embeddable":true,"href":"https:\/\/www.europesays.com\/es\/wp-json\/wp\/v2\/categories?post=572308"},{"taxonomy":"post_tag","embeddable":true,"href":"https:\/\/www.europesays.com\/es\/wp-json\/wp\/v2\/tags?post=572308"}],"curies":[{"name":"wp","href":"https:\/\/api.w.org\/{rel}","templated":true}]}}