{"id":57242,"date":"2025-08-19T06:08:13","date_gmt":"2025-08-19T06:08:13","guid":{"rendered":"https:\/\/www.europesays.com\/es\/57242\/"},"modified":"2025-08-19T06:08:13","modified_gmt":"2025-08-19T06:08:13","slug":"muere-ricardo-medina-uno-de-los-fundadores-de-telemadrid-a-los-67-anos","status":"publish","type":"post","link":"https:\/\/www.europesays.com\/es\/57242\/","title":{"rendered":"Muere Ricardo Medina, uno de los fundadores de Telemadrid, a los 67 a\u00f1os"},"content":{"rendered":"<p class=\"c-paragraph\">Ricardo Medina,\u00a0creador del programa Madrid Directo y uno de los fundadores de Telemadrid, ha fallecido este lunes a los 67 a\u00f1os. La muerte ha ocurrido\u00a0<b>de manera repentina<\/b>, tal y como ha informado la cadena auton\u00f3mica a trav\u00e9s de su web.<\/p>\n<p class=\"c-paragraph\">\u00abEl periodista fue el primer <b>director de uno de los buques insignias<\/b> de la casa, el espacio Madrid Directo que contin\u00faa en antena cada tarde. Un programa innovador en los formatos informativos y que el pasado a\u00f1o cumpli\u00f3 30 a\u00f1os de emisi\u00f3n\u00bb, recoge el comuniado.<\/p>\n<p class=\"c-paragraph\">Medina ha sido uno de los comunicadores m\u00e1s reconocidos tanto nacional como internacionalmente, pues <b>con tan solo 22 a\u00f1os fue nombrado por EFE como su delegado en El Salvador.<\/b> Esta oportunidad le vali\u00f3 para ser corresponsal de los conflictos b\u00e9licos ocurrido en Sarajevo, Hait\u00ed y la Guerra del Golfo, as\u00ed como para ser nombrado delegado de la agencia en Guatemala,\u00a0corresponsal en M\u00e9xico y\u00a0director de la delegaci\u00f3n en el Caribe, con sede en Puerto Rico.<\/p>\n<p class=\"c-paragraph\">Con un largo recorrido por diferentes cadenas de televisi\u00f3n y medios de comunicaci\u00f3n, en noviembre de 2024 recibi\u00f3 el<b> Premio APM al Periodista Especializado en Madrid 2023,<\/b> junto con sus compa\u00f1eros Enrique \u00c1lvarez,\u00a0Inmaculada Galv\u00e1n,\u00a0Francine G\u00e1lvez\u00a0y\u00a0Emilio Pineda, por los 30 a\u00f1os de\u00a0Madrid directo.<\/p>\n<p class=\"c-paragraph\">Actualmente, Ricardo Medina<b> dirig\u00eda su propia productora,<\/b> Medina Media, encargada de producir diferentes programas y espacios en TVE, Antena 3, Canal Sur, Arag\u00f3n TV y Neox.<\/p>\n<p class=\"c-paragraph\">El mundo del periodismo se ha quedado consternado con su fallecimiento y han sido varios de sus compa\u00f1eros los que han querido <b>despedirsde de \u00e9l a trav\u00e9s de sus redes sociales.\u00a0<\/b><\/p>\n<p class=\"c-paragraph\">Entre ellos destaca la carta de Marta Robles \u00abSin poder creerlo, he buscado en el WhatsApp nuestros \u00faltimos mensaje de principios de julio. &#8216;A ver si conseguimos quedar a comer&#8217;, &#8216;En septiembre, sin falta&#8217;. Dejamos la cita para despu\u00e9s del verano, porque no conseguimos encontrar hueco, en ese final de curso, siempre ajetreado. <b>Nos ve\u00edamos poco, pero nos quer\u00edamos mucho<\/b>\u00ab, ha apuntado.<\/p>\n<p class=\"c-paragraph\">\u00abEra una bestia de la televisi\u00f3n. Nadie sab\u00eda tanto c\u00f3mo \u00e9l [&#8230;]\u00a0Yo a\u00fan no puedo creerlo. Ricardo, querido, organiza el M\u00e1s All\u00e1 y, si hay posibilidad, establece alguna conexi\u00f3n con el M\u00e1s Ac\u00e1 [&#8230;]<b> No sabes cu\u00e1nto siento no haberte visto una \u00faltima vez <\/b>y cu\u00e1nto te vamos a echar de menos. Gracias por tanto y hasta siempre\u00bb, son algunas de las palabras que le ha dedicado.<\/p>\n","protected":false},"excerpt":{"rendered":"Ricardo Medina,\u00a0creador del programa Madrid Directo y uno de los fundadores de Telemadrid, ha fallecido este lunes a&hellip;\n","protected":false},"author":2,"featured_media":57243,"comment_status":"","ping_status":"","sticky":false,"template":"","format":"standard","meta":{"footnotes":""},"categories":[5],"tags":[17,18,25,24,13,14,24418,11,19,20,769,8938,9,10,15,16,4764,23,11223,12,21,22],"class_list":{"0":"post-57242","1":"post","2":"type-post","3":"status-publish","4":"format-standard","5":"has-post-thumbnail","7":"category-titulares","8":"tag-breaking-news","9":"tag-breakingnews","10":"tag-es","11":"tag-espana","12":"tag-featured-news","13":"tag-featurednews","14":"tag-fundadores","15":"tag-headlines","16":"tag-latest-news","17":"tag-latestnews","18":"tag-medina","19":"tag-muere","20":"tag-news","21":"tag-noticias","22":"tag-noticias-destacadas","23":"tag-noticiasdestacadas","24":"tag-ricardo","25":"tag-spain","26":"tag-telemadrid","27":"tag-titulares","28":"tag-ultimas-noticias","29":"tag-ultimasnoticias"},"share_on_mastodon":{"url":"","error":""},"_links":{"self":[{"href":"https:\/\/www.europesays.com\/es\/wp-json\/wp\/v2\/posts\/57242","targetHints":{"allow":["GET"]}}],"collection":[{"href":"https:\/\/www.europesays.com\/es\/wp-json\/wp\/v2\/posts"}],"about":[{"href":"https:\/\/www.europesays.com\/es\/wp-json\/wp\/v2\/types\/post"}],"author":[{"embeddable":true,"href":"https:\/\/www.europesays.com\/es\/wp-json\/wp\/v2\/users\/2"}],"replies":[{"embeddable":true,"href":"https:\/\/www.europesays.com\/es\/wp-json\/wp\/v2\/comments?post=57242"}],"version-history":[{"count":0,"href":"https:\/\/www.europesays.com\/es\/wp-json\/wp\/v2\/posts\/57242\/revisions"}],"wp:featuredmedia":[{"embeddable":true,"href":"https:\/\/www.europesays.com\/es\/wp-json\/wp\/v2\/media\/57243"}],"wp:attachment":[{"href":"https:\/\/www.europesays.com\/es\/wp-json\/wp\/v2\/media?parent=57242"}],"wp:term":[{"taxonomy":"category","embeddable":true,"href":"https:\/\/www.europesays.com\/es\/wp-json\/wp\/v2\/categories?post=57242"},{"taxonomy":"post_tag","embeddable":true,"href":"https:\/\/www.europesays.com\/es\/wp-json\/wp\/v2\/tags?post=57242"}],"curies":[{"name":"wp","href":"https:\/\/api.w.org\/{rel}","templated":true}]}}