{"id":572424,"date":"2026-05-26T22:58:13","date_gmt":"2026-05-26T22:58:13","guid":{"rendered":"https:\/\/www.europesays.com\/es\/572424\/"},"modified":"2026-05-26T22:58:13","modified_gmt":"2026-05-26T22:58:13","slug":"borja-iglesias-en-la-revuelta","status":"publish","type":"post","link":"https:\/\/www.europesays.com\/es\/572424\/","title":{"rendered":"Borja Iglesias en &#8216;La Revuelta&#8217;"},"content":{"rendered":"<p class=\"c-paragraph\"><a href=\"https:\/\/www.20minutos.es\/tags\/deportes\/borja-iglesias.html\" title=\"Borja Iglesias\" rel=\"nofollow noopener\" target=\"_blank\">Borja Iglesias<\/a> visit\u00f3 este martes <a href=\"https:\/\/www.20minutos.es\/tags\/temas\/la-revuelta.html\" title=\"La Revuelta\" rel=\"nofollow noopener\" target=\"_blank\">La Revuelta<\/a>. El jugador del Celta de Vigo acudi\u00f3 al programa de David Broncano para celebrar que este a\u00f1o es uno de los <a href=\"https:\/\/www.20minutos.es\/deportes\/lista-definitiva-seleccion-espanola-mundial-2026-26-elegidos_6974586_0.html\" title=\"Lista de convocados de la Selecci\u00f3n Espa\u00f1ola para el Mundial 2026: estos son los 26 elegidos\" rel=\"nofollow noopener\" target=\"_blank\">convocados por Luis de la Fuente<\/a> para<b> jugar el Mundial con la selecci\u00f3n espa\u00f1ola.\u00a0\u00a0<\/b><\/p>\n<p class=\"c-paragraph\">Nada m\u00e1s entrar al plat\u00f3 del programa, confes\u00f3 que no sab\u00eda si iba a llegar por el vuelo: \u00abHace cuatro horas estaba tumbado en una hamaca en Ibiza. Volv\u00eda hoy porque ma\u00f1ana ten\u00eda otro plan\u00bb. \u00ab<b>Dentro de los t\u00f3picos de futbolista que t\u00fa no cumples, lo de Ibiza s\u00ed.<\/b> \u00bfQu\u00e9 ten\u00e9is all\u00ed?\u00bb, le pregunt\u00f3 el presentador, sorprendido por la revelaci\u00f3n de su invitado.\u00a0<\/p>\n<p class=\"c-paragraph\">\u00abYo no hab\u00eda ido nunca a Ibiza, y conoc\u00ed a Mar\u00eda (Valero) y me dijo: \u00ab\u00bfPor qu\u00e9 nunca vas? Si te mola la m\u00fasica electr\u00f3nica [&#8230;] <b>De primeras no me llamaba mucho,<\/b> pero, es verdad, hay buenos clubs, buenos DJs&#8230;\u00bb, le explic\u00f3.<\/p>\n<p class=\"c-paragraph\">Entre las personas que le acompa\u00f1aron a La Revuelta dio la casualidad de que estaba su novia, a quien conoci\u00f3 gracias a que no le convocaran con la absoluta para el Mundial de 2022. \u00ab<b>Me vine para Madrid unos d\u00edas y ah\u00ed la conoc\u00ed. <\/b>Mereci\u00f3 la pena. En el momento, pues igual fue triste, pero ahora&#8230;\u00bb, asegur\u00f3 el deportista.<\/p>\n<p class=\"c-paragraph\">\u00abPor tanto, si hubieses ido, igual<b> tendr\u00edas que haberte separado de ella en ese momento incipiente de la relaci\u00f3n<\/b>\u00ab, reflexion\u00f3 el jiennense. \u00abNo, no, es que la conoc\u00ed por no ir al Mundial. O sea, no la conoc\u00eda de antes, fue en ese momento\u00bb, recalc\u00f3 el delantero.<\/p>\n<p class=\"c-paragraph\">\u00abTal cual es as\u00ed. Y este a\u00f1o, de hecho, le dije a Borja: &#8216;Bueno, ya me has conocido, ya tienes que ir al Mundial. Ya te dejo ir\u00bb, agreg\u00f3 Mar\u00eda a la conversaci\u00f3n desde lo alto de las gradas. \u00ab<b>Ahora solo falta tener un hijo de penalti<\/b>\u00ab, brome\u00f3 Grison.<\/p>\n<p class=\"c-paragraph\">\u00abHan pasado cuatro a\u00f1os, un ciclo mundialista, la relaci\u00f3n se mantiene, est\u00e1 s\u00f3lida y sana\u00bb, apunt\u00f3 Broncano, a lo que ambos le respondieron que s\u00ed y que incluso \u00abmejor que al principio\u00bb. \u00ab\u00bfCu\u00e1l es la gesti\u00f3n de esto con las parejas?\u00bb, le pregunt\u00f3 el andaluz a su invitado sobre la competici\u00f3n, a lo que este zanj\u00f3 entre risas: \u00abPues eso<b> es algo que estoy descubriendo ahora, porque en el anterior Mundial no me toc\u00f3 hacerlo<\/b>\u00ab.<\/p>\n","protected":false},"excerpt":{"rendered":"Borja Iglesias visit\u00f3 este martes La Revuelta. El jugador del Celta de Vigo acudi\u00f3 al programa de David&hellip;\n","protected":false},"author":2,"featured_media":572425,"comment_status":"","ping_status":"","sticky":false,"template":"","format":"standard","meta":{"footnotes":""},"categories":[171],"tags":[12154,9029,146,147,25,24,6870,29956,518,23,214],"class_list":["post-572424","post","type-post","status-publish","format-standard","has-post-thumbnail","category-tv","tag-borja-iglesias","tag-david-broncano","tag-entertainment","tag-entretenimiento","tag-es","tag-espana","tag-la-1","tag-la-revuelta","tag-rtve","tag-spain","tag-tv"],"share_on_mastodon":{"url":"https:\/\/pubeurope.com\/@es\/116643358836127788","error":""},"_links":{"self":[{"href":"https:\/\/www.europesays.com\/es\/wp-json\/wp\/v2\/posts\/572424","targetHints":{"allow":["GET"]}}],"collection":[{"href":"https:\/\/www.europesays.com\/es\/wp-json\/wp\/v2\/posts"}],"about":[{"href":"https:\/\/www.europesays.com\/es\/wp-json\/wp\/v2\/types\/post"}],"author":[{"embeddable":true,"href":"https:\/\/www.europesays.com\/es\/wp-json\/wp\/v2\/users\/2"}],"replies":[{"embeddable":true,"href":"https:\/\/www.europesays.com\/es\/wp-json\/wp\/v2\/comments?post=572424"}],"version-history":[{"count":0,"href":"https:\/\/www.europesays.com\/es\/wp-json\/wp\/v2\/posts\/572424\/revisions"}],"wp:featuredmedia":[{"embeddable":true,"href":"https:\/\/www.europesays.com\/es\/wp-json\/wp\/v2\/media\/572425"}],"wp:attachment":[{"href":"https:\/\/www.europesays.com\/es\/wp-json\/wp\/v2\/media?parent=572424"}],"wp:term":[{"taxonomy":"category","embeddable":true,"href":"https:\/\/www.europesays.com\/es\/wp-json\/wp\/v2\/categories?post=572424"},{"taxonomy":"post_tag","embeddable":true,"href":"https:\/\/www.europesays.com\/es\/wp-json\/wp\/v2\/tags?post=572424"}],"curies":[{"name":"wp","href":"https:\/\/api.w.org\/{rel}","templated":true}]}}