{"id":572652,"date":"2026-05-27T02:11:12","date_gmt":"2026-05-27T02:11:12","guid":{"rendered":"https:\/\/www.europesays.com\/es\/572652\/"},"modified":"2026-05-27T02:11:12","modified_gmt":"2026-05-27T02:11:12","slug":"las-14-empresas-de-galicia-que-se-distinguen-por-su-excelencia-la-voz-de-galicia","status":"publish","type":"post","link":"https:\/\/www.europesays.com\/es\/572652\/","title":{"rendered":"Las 14 empresas de Galicia que se distinguen por su excelencia &#8211; La Voz de Galicia"},"content":{"rendered":"<ol>\n<li><a href=\"https:\/\/news.google.com\/rss\/articles\/CBMi3gFBVV95cUxQbDhHLXZIenpnM1ZtODlCQXZmc3lrRlRQRkY3bEx0MkktNS1Sd0RnVlZyUDdJRXVTb1FJdEwtMEJUemctNnhBdzR5aDBSUm02M0hYV1BabDVST3UyVEt5T3RidENkUk9lMkVJTXUzdEhwQlVIeDkzaGRrZ2FFNXNEMW1Tb1UwU0trSE5idy1KZUU0UmdidTJxXy1JRDRWa3NSUklpdWpxdzBjeE9FX2VpaXdWZktJbl8wRHBTRzhZQmlwRWV0Vld6QUN2ajFTUHVuMWF2bm1EVHU5Yk5iREHSAfoBQVVfeXFMT1Yxbnd6RkZPajRIcENIVnV2STlIWjdWSnRmQXphOVBiZEc2cXFGMTl2TUpqOGRIa3QwLW9ZanR3d05yNU1WYXBmZHNPWGpsWXppVHdzMlpwLVJYZVpLZkJWVHVwbjhwQnpEVzZ4Y3JVTG5hblNUWHFjVVZOYzBqU1NULWk5bU5NU3dyblZUTGhFalFETG9GdmYzYnlNU1liVEVOWXpBMjlYX015WjhjT1hCc09ZWGQyVjM1Qm9uMDVJN3dSdzk4SzJDLXAxRU1DY2JoRGZBWTU0MnFINzN4Q2ZrUzRoTzFVdFBrS29VWnAxeS1vM0xoRlU5QQ?oc=5\" target=\"_blank\" rel=\"nofollow noopener\">Las 14 empresas de Galicia que se distinguen por su excelencia<\/a>&nbsp;&nbsp;La Voz de Galicia<\/li>\n<li><a href=\"https:\/\/news.google.com\/rss\/articles\/CBMinwFBVV95cUxOUFMyM1pudzVLMGFTRVV3SGk4LVJOZWtyaGdxb3RMY0hNdkRCQWVua3hPUlJxeW1aS0ozdzNRb2VxMGtYN1IyN3pCRzZiOEszNFZNNUU0WUNVUi1wTGhhLUFQWW03T0xpaElKS3M1d05VWVYycTd1MEFTVTF5dmE4UkJwM2h0a3lkVWhFdDBvUFNvQjRiWDd3Z2YtZ2QxTUnSAaQBQVVfeXFMTjJZRnZ1NHdGN2I4U3duUk1LT0FYbndvNlB1QkdOdHhMejFBeHB4Y3ZLemtxWHVpMUFoUTQ5LS1BTWlMSTRiOGJRc3BOM2ZQVkxsa0VzbXdzbF95SjhRTHJrMTU4N204dGdjMDFlMHFtVHpoYmVYRXQxS3ZDdjZUelRHVVEyb1VoWUxNWlRKN1N4amNocm9FWjJpTlYtR0pzSjEwU00?oc=5\" target=\"_blank\" rel=\"nofollow noopener\">Zona Franca distinguir\u00e1 con sus Premios Ard\u00e1n la trayectoria de Abanca y la excelencia de 14 compa\u00f1\u00edas<\/a>&nbsp;&nbsp;Faro de Vigo<\/li>\n<li><a href=\"https:\/\/news.google.com\/rss\/articles\/CBMi6AFBVV95cUxQQy00VjViUm9kUGVqZmVYaW1sQ3NUcndHVkZscEdOS3VNSWtyb0N5a0dxVlhlQ3ZaTWs2RzBSejdCUmtldFhzaUVaRWp4elFjVUpOV1pyRlBaVjZhMTVVU3VUMHVUa1BkUkFRWGNlaTIwanA3dVZ1SW1ibXJjRFprdGZ0QjNKYlUwMmRoemZCN04tQVg3eW1kandYRTZPamt4c3V3ZGp6UVB2cVJLbTZsMlpVMFRickVvUE1oZXNqNE1FMXhscVk5LUh3UHloSDIxbHYxVk9RNTdrX3FDU0w3TUd1ZUFBMWVx0gHuAUFVX3lxTE5pQjdIUzJFdTlvanJlWlNOTjlGRTdlRmJDLWhEaGREX2Y2bHVETFkxWHpPdTdhVHU3bHdJYVpzUUsxeTl6TDZhMFUwSVJTSzhtWW5wMzFJWWpBc2NnRllCOFNnbVkwYkxTb2ZMZTRDZDZYSC1laXRkUEttcFROdm5XNWVGbUo5ZU4wT0lQb2lkal9SX3gwOEMwVGJGdTB4VkZDWDJBeGZkYlFJRDVMUWRabHpJMDVkT1BZejdWdkJ5TFZSTndPVVJNS0hwT1NqOE5QMEExMmN4djI2RHJsX3lqRE1XTXRLMmZGZ3dISHc?oc=5\" target=\"_blank\" rel=\"nofollow noopener\">Los Premios Ard\u00e1n reconocer\u00e1n a 14 empresas gallegas por su excelencia empresarial<\/a>&nbsp;&nbsp;El Espa\u00f1ol<\/li>\n<li><a href=\"https:\/\/news.google.com\/rss\/articles\/CBMihAJBVV95cUxQZlVySG1Ldi1INVRmcngtNGJ2TGVWRFB4MWRpTGM5SThuTERIelZvM0k4YldzZ1VaUFZDeUgzQV9GcWV4aDE3Z19BQ3VPNXhkM2tRNUVfU3BBS1RjSDFHWWNqUDM4eVU0aGZPQkhuTGpjUTIyZGNCT1Rxd1M4bThhTDlkZ2JSUGdhUEJDeTAweTFZeWR5cHJKZTBIZUp5V1lNRGhFdWRLSW1nazJfMWw2X042ZEg2SEx3QWxkZDAtdGNxNmhoV3BoaUM2c0oxQ2g4ckhhbWUxVkxJbDFpQ1RnQ3Z1Y3JnLUZkRU8xMkJIWlY5TF9oU0txWG9JQmpva0hMUUdtMg?oc=5\" target=\"_blank\" rel=\"nofollow noopener\">Los VII Premios Ard\u00e1n reconocen a 14 empresas gallegas excelentes y premian la trayectoria de Abanca<\/a>&nbsp;&nbsp;El Ideal Gallego<\/li>\n<li><a href=\"https:\/\/news.google.com\/rss\/articles\/CBMiywFBVV95cUxPMElEMm9LSENFbGxRMWt2TTEyQnZIWTJ2V1ZqQVA3a0VDeTJtX1NSd0VKdHM2Mi04M0VEWlQ4TVhEWW9OMDZ3SDRhY0JRcWdza3M2X0ZHd1BDSjl6b19IM29va2daN1QwTHQwSDRmRGVqbWVLc3hlOFJaY0xKeFRnTF94djRnN1dvUmdwUjlLRXk5R3B1SkRTdkY2bTQ5OXJmUXlQZDNJMWVhNkRncjhZUlZ3UjVhMHpoY09Na3ktNTJsek42UmN3d2QzMA?oc=5\" target=\"_blank\" rel=\"nofollow noopener\">Los Premios Ard\u00e1n distinguen a 14 empresas gallegas y a Abanca<\/a>&nbsp;&nbsp;Diario de Pontevedra<\/li>\n<\/ol>\n","protected":false},"excerpt":{"rendered":"Las 14 empresas de Galicia que se distinguen por su excelencia&nbsp;&nbsp;La Voz de Galicia Zona Franca distinguir\u00e1 con&hellip;\n","protected":false},"author":2,"featured_media":572653,"comment_status":"","ping_status":"","sticky":false,"template":"","format":"standard","meta":{"footnotes":""},"categories":[8],"tags":[6857,17,18,25,24,13,14,11,19,20,9,10,15,16,53144,10238,23,12,21,22,3518],"class_list":["post-572652","post","type-post","status-publish","format-standard","has-post-thumbnail","category-espana","tag-abanca","tag-breaking-news","tag-breakingnews","tag-es","tag-espana","tag-featured-news","tag-featurednews","tag-headlines","tag-latest-news","tag-latestnews","tag-news","tag-noticias","tag-noticias-destacadas","tag-noticiasdestacadas","tag-o-grove","tag-o-porrino","tag-spain","tag-titulares","tag-ultimas-noticias","tag-ultimasnoticias","tag-vigo-ciudad"],"share_on_mastodon":{"url":"https:\/\/pubeurope.com\/@es\/116644117605378295","error":""},"_links":{"self":[{"href":"https:\/\/www.europesays.com\/es\/wp-json\/wp\/v2\/posts\/572652","targetHints":{"allow":["GET"]}}],"collection":[{"href":"https:\/\/www.europesays.com\/es\/wp-json\/wp\/v2\/posts"}],"about":[{"href":"https:\/\/www.europesays.com\/es\/wp-json\/wp\/v2\/types\/post"}],"author":[{"embeddable":true,"href":"https:\/\/www.europesays.com\/es\/wp-json\/wp\/v2\/users\/2"}],"replies":[{"embeddable":true,"href":"https:\/\/www.europesays.com\/es\/wp-json\/wp\/v2\/comments?post=572652"}],"version-history":[{"count":0,"href":"https:\/\/www.europesays.com\/es\/wp-json\/wp\/v2\/posts\/572652\/revisions"}],"wp:featuredmedia":[{"embeddable":true,"href":"https:\/\/www.europesays.com\/es\/wp-json\/wp\/v2\/media\/572653"}],"wp:attachment":[{"href":"https:\/\/www.europesays.com\/es\/wp-json\/wp\/v2\/media?parent=572652"}],"wp:term":[{"taxonomy":"category","embeddable":true,"href":"https:\/\/www.europesays.com\/es\/wp-json\/wp\/v2\/categories?post=572652"},{"taxonomy":"post_tag","embeddable":true,"href":"https:\/\/www.europesays.com\/es\/wp-json\/wp\/v2\/tags?post=572652"}],"curies":[{"name":"wp","href":"https:\/\/api.w.org\/{rel}","templated":true}]}}