{"id":572694,"date":"2026-05-27T02:48:29","date_gmt":"2026-05-27T02:48:29","guid":{"rendered":"https:\/\/www.europesays.com\/es\/572694\/"},"modified":"2026-05-27T02:48:29","modified_gmt":"2026-05-27T02:48:29","slug":"anna-castillo-habla-como-nunca-de-alvaro-mel-y-desvela-cuales-son-sus-apodos-carinosos-cuando-se-apagan-las-camaras","status":"publish","type":"post","link":"https:\/\/www.europesays.com\/es\/572694\/","title":{"rendered":"Anna Castillo habla como nunca de \u00c1lvaro Mel y desvela cu\u00e1les son sus apodos cari\u00f1osos cuando se apagan las c\u00e1maras"},"content":{"rendered":"<p id=\"eT-T0pJfmIf\" data-wc=\"101\">Que Anna Castillo y \u00c1lvaro Mel son la pareja del momento no es secreto para nadie. Se conocieron durante el rodaje de Un cuento perfecto hace casi cuatro a\u00f1os, donde su complicidad traspas\u00f3 la pantalla y, a pesar de que en un primer momento ambos mantuvieron su v\u00ednculo alejado de la atenci\u00f3n medi\u00e1tica, tras las fotos publicadas por \u00a1HOLA!\u00a0durante el verano de 2023, cualquier duda sobre el car\u00e1cter de su relaci\u00f3n fue disipada. Desde entonces, <a class=\"hm-link ho-link\" href=\"https:\/\/www.hola.com\/actualidad\/20250318820868\/anna-castillo-y-alvaro-mel-las-imagenes-de-una-solida-relacion-traspaso-las-pantallas-hace-dos-anos\/\" data-mrf-recirculation=\"article-body-link\" rel=\"nofollow noopener\" target=\"_blank\">se han mantenido inseparables, presumiendo p\u00fablicamente su relaci\u00f3n a trav\u00e9s de sus redes sociales, durante entrevistas o en eventos<\/a>, sin importarles qui\u00e9n les est\u00e1 mirando.\u00a0<\/p>\n<p> <img src=\"https:\/\/www.europesays.com\/es\/wp-content\/uploads\/2026\/05\/66f4a9a46caf-mel.jpg\"   width=\"1024\" height=\"662\" loading=\"lazy\" decoding=\"async\" alt=\"Anna Castillo y \u00c1lvaro Mel\" fetchpriority=\"auto\" class=\"image ho-image\"\/>\u00a9 NetflixAnna Castillo y \u00c1lvaro Mel<\/p>\n<p id=\"eO5x76PrjvG\" data-wc=\"74\">Es a menudo cuando los vemos alabar p\u00fablicamente los diferentes proyectos que est\u00e1n llevando a cabo \u2014ayer, sin ir m\u00e1s lejos, Anna se mostr\u00f3 especialmente orgullosa durante su entrevista en La Revuelta de la pel\u00edcula que \u00c1lvaro hab\u00eda co-protagonizado con John Travolta, Mareas negras, la cual se estrenar\u00e1 probablemente, a finales de a\u00f1o\u2014, aunque sus muestras de orgullo no solo se limitan al \u00e1mbito laboral, sino a c\u00f3mo son cuando no hay c\u00e1maras delante.<\/p>\n<p>As\u00ed se llaman a s\u00ed mismos en su d\u00eda a d\u00eda<\/p>\n<p id=\"etpish86526\" data-wc=\"86\">No es sorpresa para ninguno de sus admiradores que tanto Anna como \u00c1lvaro son bastante cari\u00f1osos \u2014por si sus infinitas an\u00e9cdotas plasmadas en posts de Instagram donde su pareja es el (o la) protagonista\u2014 y no les importa demostrarlo tambi\u00e9n de puertas para fuera de su hogar o su entorno m\u00e1s \u00edntimo. Durante una conversaci\u00f3n reciente en el podcast La pija y la quinqui, la actriz ganadora de un premio Goya \u2014Mejor Actriz Revelaci\u00f3n en 2017 por El Olivo\u2014 confesaba c\u00f3mo llama a su pareja frecuentemente.\u00a0<\/p>\n<p> <img src=\"https:\/\/www.europesays.com\/es\/wp-content\/uploads\/2026\/05\/bf14ee3fb545-a-veces-estas-de-bajon-y-se-te-pasa-estando-un-ratito-al-sol-2.jpg\"   width=\"1024\" height=\"768\" loading=\"lazy\" decoding=\"async\" alt=\"La feliz pareja disfrutando de un d\u00eda soleado \" fetchpriority=\"auto\" class=\"image ho-image\"\/>\u00a9 melLa feliz pareja disfrutando de un d\u00eda soleado <\/p>\n<p id=\"eXBRopgGJgh\" data-wc=\"88\">Anna ha desvelado que, <a class=\"hm-link ho-link\" href=\"https:\/\/www.hola.com\/actualidad\/20260525903520\/anna-castillo-alvaro-mel-madre-pelicula-jon-travolta-anecdota\/\" data-mrf-recirculation=\"article-body-link\" rel=\"nofollow noopener\" target=\"_blank\">para referirse al tambi\u00e9n actor, prefiere el apelativo \u00abmi amor\u00bb antes que cualquier otra expresi\u00f3n<\/a>. La int\u00e9rprete ha indicado que se trata de un apodo sencillo, diciendo que es incluso \u00abmuy b\u00e1sica\u00bb, pero que recoge a la perfecci\u00f3n el profundo sentimiento que comparte con \u00c1lvaro. La actriz ha confesado que, en caso contrario, ella tambi\u00e9n cuenta con una infinidad de apodos, por lo que, entre risas, ha explicado que \u00able he pedido que si me puede llamar Anna, nunca me llama por mi nombre\u00bb.<\/p>\n<p> <img src=\"https:\/\/www.europesays.com\/es\/wp-content\/uploads\/2026\/05\/c77f90c35020-saveclipapp50634839118523730467028518221356546199164277n.jpg\"   width=\"770\" height=\"1024\" loading=\"lazy\" decoding=\"async\" alt=\"Anna Castillo y \u00c1lvaro Mel\" fetchpriority=\"auto\" class=\"image ho-image\"\/>\u00a9 mel<\/p>\n<p id=\"eF4sruXc9b1\" data-wc=\"71\">Adem\u00e1s, subray\u00f3 que apelativo no utilizar\u00eda nunca para referirse a su chico, siendo este uno de los m\u00e1s frecuentes en las nuevas generaciones: &#8216;Gordi&#8217;. \u00abYo es que llamo &#8216;gordi&#8217; y &#8216;gordito&#8217; a mi gato, porque a un animal se le puede llamar &#8216;gordi, gordito&#8217;, pero no a las personas, no a tu pareja\u00bb, indicaba, mostrando su desconcierto en por qu\u00e9 la gente se decantaba por este apodo para sus seres queridos.<\/p>\n<p> <img src=\"https:\/\/www.europesays.com\/es\/wp-content\/uploads\/2026\/05\/03c7488e87fe-3634876481311776462800520432558627080362948n.jpg\"   width=\"819\" height=\"1024\" loading=\"lazy\" decoding=\"async\" alt=\"Anna Castillo y Mel\" fetchpriority=\"auto\" class=\"image ho-image\"\/>Anna Castillo y Mel<\/p>\n<p id=\"ePB26mUmZZ\" data-wc=\"104\">Junto al especial v\u00ednculo que comparte con \u00c1lvaro, Anna a menudo presume de sus amigas siempre que puede. Forma, junto a Claudia Traisac, Bel\u00e9n Cuesta, Macarena Garc\u00eda y Gema Gal\u00e1n, forman <a class=\"hm-link ho-link\" href=\"https:\/\/www.hola.com\/actualidad\/20260525903491\/macarena-garcia-anna-castillo-14-anos-amistad-origen-trabajo-juntas\/\" data-mrf-recirculation=\"article-body-link\" rel=\"nofollow noopener\" target=\"_blank\">uno de los grupos de amigas m\u00e1s entra\u00f1ables y admirados de todo el panorama cinematrogr\u00e1fico<\/a>. En infinitas ocasiones se llaman a s\u00ed mismas \u00abgrupete\u00bb, aunque la que fuera Susana Romero en\u00a0La Llamada \u2014tanto en la obra de teatro como en su posterior adaptaci\u00f3n a la gran pantalla\u2014 ha desvelado otro apodo para su c\u00edrculo cercao. \u00abYo digo &#8216;culo&#8217;, &#8216;culito&#8217;, como para toda la gente que le tengo cari\u00f1o y confianza\u00bb, ha indicado.\u00a0<\/p>\n<p>Anna Castillo y \u00c1lvaro Mel, la pareja del momento<\/p>\n<p data-wc=\"53\" id=\"e-I31MAQO-6\">Desde que su relaci\u00f3n se confirm\u00f3 durante el verano de 2023 gracias a unas im\u00e1genes publicadas en nuestras p\u00e1ginas\u00a0tras meses de rumores e incertidumbres tras ver su innegable complicidad en la serie Un cuento perfecto, donde se conocieron, \u00c1lvaro Mel y Anna Castillo se mantienen como una de las parejas del momento.<\/p>\n<p> <img src=\"https:\/\/www.europesays.com\/es\/wp-content\/uploads\/2026\/05\/987dad7b3c5e-3634892452222803574613363567189845421611480n.jpg\"   width=\"823\" height=\"1024\" loading=\"lazy\" decoding=\"async\" alt=\"Media Image\" fetchpriority=\"auto\" class=\"image ho-image\"\/>\u00a9 @mel<\/p>\n<p data-wc=\"69\" id=\"eKHHZO6zBqn\">Adem\u00e1s de su pasi\u00f3n por la profesi\u00f3n, comparten su amor por viajar, a menudo realizando escapadas siempre que sus ajetreadas agendas lo permitan, demostrando que, independientemente del lugar, lo importante es la compa\u00f1\u00eda. <a class=\"hm-link ho-link\" href=\"https:\/\/www.hola.com\/actualidad\/20250225816547\/anna-castillo-alvaro-mes-apoyo-estreno-su-majestad-serie\/\" data-mrf-recirculation=\"article-body-link\" rel=\"nofollow noopener\" target=\"_blank\">Anna y \u00c1lvaro son el claro ejemplo de que es posible compaginar una carrera exigent<\/a>e con una vida afectiva plena y feliz, disfrutando de cada aventura juntos y construyendo un futuro prometedor en todos los sentidos.<\/p>\n","protected":false},"excerpt":{"rendered":"Que Anna Castillo y \u00c1lvaro Mel son la pareja del momento no es secreto para nadie. Se conocieron&hellip;\n","protected":false},"author":2,"featured_media":572695,"comment_status":"","ping_status":"","sticky":false,"template":"","format":"standard","meta":{"footnotes":""},"categories":[174],"tags":[517,98576,255,146,147,25,24,256,23],"class_list":["post-572694","post","type-post","status-publish","format-standard","has-post-thumbnail","category-famosos","tag-actualidad","tag-anna-castillo","tag-celebrities","tag-entertainment","tag-entretenimiento","tag-es","tag-espana","tag-famosos","tag-spain"],"share_on_mastodon":{"url":"https:\/\/pubeurope.com\/@es\/116644263334455593","error":""},"_links":{"self":[{"href":"https:\/\/www.europesays.com\/es\/wp-json\/wp\/v2\/posts\/572694","targetHints":{"allow":["GET"]}}],"collection":[{"href":"https:\/\/www.europesays.com\/es\/wp-json\/wp\/v2\/posts"}],"about":[{"href":"https:\/\/www.europesays.com\/es\/wp-json\/wp\/v2\/types\/post"}],"author":[{"embeddable":true,"href":"https:\/\/www.europesays.com\/es\/wp-json\/wp\/v2\/users\/2"}],"replies":[{"embeddable":true,"href":"https:\/\/www.europesays.com\/es\/wp-json\/wp\/v2\/comments?post=572694"}],"version-history":[{"count":0,"href":"https:\/\/www.europesays.com\/es\/wp-json\/wp\/v2\/posts\/572694\/revisions"}],"wp:featuredmedia":[{"embeddable":true,"href":"https:\/\/www.europesays.com\/es\/wp-json\/wp\/v2\/media\/572695"}],"wp:attachment":[{"href":"https:\/\/www.europesays.com\/es\/wp-json\/wp\/v2\/media?parent=572694"}],"wp:term":[{"taxonomy":"category","embeddable":true,"href":"https:\/\/www.europesays.com\/es\/wp-json\/wp\/v2\/categories?post=572694"},{"taxonomy":"post_tag","embeddable":true,"href":"https:\/\/www.europesays.com\/es\/wp-json\/wp\/v2\/tags?post=572694"}],"curies":[{"name":"wp","href":"https:\/\/api.w.org\/{rel}","templated":true}]}}