{"id":572740,"date":"2026-05-27T03:32:54","date_gmt":"2026-05-27T03:32:54","guid":{"rendered":"https:\/\/www.europesays.com\/es\/572740\/"},"modified":"2026-05-27T03:32:54","modified_gmt":"2026-05-27T03:32:54","slug":"el-gobierno-reforma-la-jubilacion-flexible-los-autonomos-tambien-podran-volver-a-trabajar-y-cobrar-pension","status":"publish","type":"post","link":"https:\/\/www.europesays.com\/es\/572740\/","title":{"rendered":"El Gobierno reforma la jubilaci\u00f3n flexible: los aut\u00f3nomos tambi\u00e9n podr\u00e1n volver a trabajar y cobrar pensi\u00f3n"},"content":{"rendered":"<p class=\"article-text\">\n        El Consejo de Ministros aprueba este martes la reforma pendiente para impulsar m\u00e1s <a href=\"https:\/\/www.eldiario.es\/economia\/jubilacion-flexible-reforma-debate-mejorar-pensiones-retirados-manera-forzosa_1_12627594.html\" data-mrf-recirculation=\"links-noticia\" class=\"link\" rel=\"nofollow noopener\" target=\"_blank\">la jubilaci\u00f3n flexible<\/a>, f\u00f3rmula por la que una persona que se ha jubilado vuelve a trabajar a tiempo parcial, cobrando el salario y parte de la pensi\u00f3n. Entre las novedades, se permitir\u00e1 acogerse a esta modalidad a los aut\u00f3nomos, hasta ahora solo disponible para los asalariados, hay un incremento en el porcentaje de pensi\u00f3n que se puede cobrar en algunos casos, y solo podr\u00e1n recalcular su pensi\u00f3n a futuro los jubilados forzosos.\n    <\/p>\n<p>    <a href=\"https:\/\/www.eldiario.es\/economia\/son-cambios-jubilacion-parcial-activa-demorada-entran-vigor-1-abril_1_12179544.html\" data-mrf-recirculation=\"saber-mas\" data-dl-event=\"saber-mas\" rel=\"nofollow noopener\" target=\"_blank\"><\/p>\n<p class=\"know-more__title\">Estos son los cambios en la jubilaci\u00f3n parcial, activa y demorada que entraron en vigor en 2025<\/p>\n<p>            <img decoding=\"async\" class=\"lazy\" loading=\"lazy\" data-src=\"https:\/\/static.eldiario.es\/clip\/427613c2-2696-43fb-bae2-f18f07fb90b7_16-9-aspect-ratio_default_0.jpg\" src=\"data:image\/svg+xml,%3Csvg xmlns=\" http:=\"\" viewbox=\"0 0 880 495\" alt=\"Estos son los cambios en la jubilaci\u00f3n parcial, activa y demorada que entran en vigor este 1 de abril\"\/><\/p>\n<p>                        <\/a><\/p>\n<p class=\"article-text\">\n        Los cambios, que entrar\u00e1n en vigor a los tres meses de su publicaci\u00f3n en el Bolet\u00edn Oficial del Estado (BOE), seg\u00fan ha adelantado El Peri\u00f3dico y confirman a elDiario.es fuentes conocedoras, se incluyen en un real decreto que el Gobierno aprueba este martes \u2013y que por tanto no tiene que pasar por el Parlamento\u2013 y que estaba comprometido con los agentes sociales en la <a href=\"https:\/\/www.eldiario.es\/economia\/son-cambios-jubilacion-parcial-activa-demorada-entran-vigor-1-abril_1_12179544.html\" data-mrf-recirculation=\"links-noticia\" class=\"link\" rel=\"nofollow noopener\" target=\"_blank\">\u00faltima reforma de pensiones para incentivar f\u00f3rmulas voluntarias de trabajo y pensi\u00f3n<\/a>.\n    <\/p>\n<p class=\"article-text\">\n        La intenci\u00f3n de estas \u00faltimas reformas es hacer \u201cm\u00e1s flexible\u201d el paso entre el trabajo y la jubilaci\u00f3n, siempre de manera \u201cvoluntaria\u201d, ha explicado la ministra de la Seguridad Social, Elma Saiz. Las medida \u201cya est\u00e1n dando sus frutos\u201d, ha sostenido la tambi\u00e9n ministra portavoz, con un retraso de la edad efectiva a la que la poblaci\u00f3n se jubila en los \u00faltimos a\u00f1os. En abril, ha alcanzado los 65,5 a\u00f1os, mientras en 2019 era de 64,4 a\u00f1os.\n    <\/p>\n<p class=\"article-text\">\n        \u201cEsta es la muestra de que estamos creando un marco m\u00e1s amplio y m\u00e1s atractivo, m\u00e1s adaptado a los tiempos modernos para trabajadores y trabajadoras, que no expulsa el talento senior que quiera seguir aportando \u2013insisto\u2013 desde la voluntariedad\u201d, ha argumentado Saiz, que ha destacado la \u201cescucha\u201d al di\u00e1logo social en su dise\u00f1o.\n    <\/p>\n<p class=\"article-text\">\n        La jubilaci\u00f3n flexible ofrece la posibilidad, a los jubilados que voluntariamente lo deseen, de reincorporarse a la actividad y compatibilizar el cobro de parte de su pensi\u00f3n con las ganancias de un trabajo por cuenta ajena a tiempo parcial o, ahora como novedad, con la realizaci\u00f3n de una actividad por cuenta propia. Eso s\u00ed, hay una condici\u00f3n: siempre que la persona no haya estado dada de alta como aut\u00f3noma en los tres a\u00f1os anteriores a la fecha de jubilaci\u00f3n, precisan fuentes conocedoras del real decreto.\n    <\/p>\n<p class=\"article-text\">\n        Adem\u00e1s, no ser\u00e1 necesario esperar un periodo m\u00ednimo desde la jubilaci\u00f3n para solicitar la jubilaci\u00f3n flexible. Se podr\u00e1 acceder en cualquier momento, una vez reconocida la pensi\u00f3n, a\u00f1aden estas fuentes.\n    <\/p>\n<p>    Aumenta el porcentaje de pensi\u00f3n que se puede cobrar <\/p>\n<p class=\"article-text\">\n        Otra de las novedades relevantes es que se modifican, tanto las jornadas de trabajo que se pueden realizar en jubilaci\u00f3n flexible (aument\u00e1ndolas), as\u00ed como tambi\u00e9n se incrementa el porcentaje de pensi\u00f3n que se puede percibir en determinados casos.\n    <\/p>\n<p class=\"article-text\">\n        As\u00ed, los trabajos a tiempo parcial por cuenta ajena podr\u00e1n situar las jornadas en la horquilla del 33% al 80%. Hasta ahora, el jubilado pod\u00eda realizar una jornada entre el 25% y el 75%.\n    <\/p>\n<p class=\"article-text\">\n        La pensi\u00f3n que se puede cobrar, con relaci\u00f3n a la de un trabajador a tiempo completo, se reducir\u00e1 en proporci\u00f3n inversa a la disminuci\u00f3n de la jornada de trabajo. Por tanto, si la jornada es de un 80%, la cuant\u00eda de la pensi\u00f3n a percibir es de un 20%.\n    <\/p>\n<p class=\"article-text\">\n        Pero, como novedad, aumentar\u00e1n los porcentajes de pensi\u00f3n que se pueden cobrar cuando se acceda a la jubilaci\u00f3n flexible pasados al menos 6 meses desde la jubilaci\u00f3n. En este caso, el beneficiario de jubilaci\u00f3n flexible percibir\u00e1 un porcentaje adicional de pensi\u00f3n:\n    <\/p>\n<p class=\"article-text\">\n        \u2013 En las jornadas a tiempo parcial que se encuentren entre el 55 y el 80%, se incrementar\u00e1 el importe de la pensi\u00f3n en un 25% adicional;\n    <\/p>\n<p class=\"article-text\">\n        \u2013 En las jornadas parciales que las que sean igual o superior al 33%, pero inferiores al 55%, subir\u00e1n un 15% adicional.\n    <\/p>\n<p class=\"article-text\">\n        En el caso del trabajo aut\u00f3nomo, el pensionista podr\u00e1 percibir \u201chasta 25% de la pensi\u00f3n mientras desarrolla la actividad compatible\u201d, indican estas fuentes conocedoras del decreto.\n    <\/p>\n<p>    Rec\u00e1lculo de la pensi\u00f3n solo para jubilados forzosos<\/p>\n<p class=\"article-text\">\n        Los aumentos en la cuant\u00eda de la pensi\u00f3n a percibir durante la jubilaci\u00f3n flexible van acompa\u00f1ados de otro cambio: el nuevo periodo trabajado ya no se tendr\u00e1 en cuenta para recalcular la pensi\u00f3n de jubilaci\u00f3n, salvo en el caso de las personas que accedieran a la jubilaci\u00f3n de manera involuntaria.\n    <\/p>\n<p class=\"article-text\">\n        Aunque en un inicio el Gobierno pretendi\u00f3 que la pensi\u00f3n no se recalculara en ning\u00fan caso con los nuevos periodos trabajados, los sindicatos insistieron en exceptuar a los llamados jubilados forzosos, quienes se hayan tenido que jubilar de manera forzosa a trav\u00e9s de la jubilaci\u00f3n anticipada involuntaria, principalmente fruto de despidos y ERE.\n    <\/p>\n<p class=\"article-text\">\n        Finalmente, el decreto reconoce que el pensionista que haya accedido de forma involuntaria a una jubilaci\u00f3n anticipada, cuando regrese a la jubilaci\u00f3n plena desde la jubilaci\u00f3n flexible, \u201cver\u00e1 mejorada su pensi\u00f3n inicial al recalcularse su base reguladora y el porcentaje aplicable, seg\u00fan el periodo de cotizaci\u00f3n acreditado\u201d, explican estas fuentes.\n    <\/p>\n<p>    <a href=\"https:\/\/www.eldiario.es\/economia\/jubilacion-flexible-reforma-debate-mejorar-pensiones-retirados-manera-forzosa_1_12627594.html\" data-mrf-recirculation=\"saber-mas-abajo\" data-dl-event=\"saber-mas-abajo\" rel=\"nofollow noopener\" target=\"_blank\"><\/p>\n<p class=\"know-more__title\"> Qu\u00e9 es la jubilaci\u00f3n flexible y qu\u00e9 reforma se debate para mejorar las pensiones de los retirados de manera forzosa <\/p>\n<p>            <img decoding=\"async\" class=\"lazy\" loading=\"lazy\" data-src=\"https:\/\/static.eldiario.es\/clip\/0e0b5c87-b51f-4dfb-ad2b-28008b4a5564_16-9-aspect-ratio_default_0.jpg\" src=\"data:image\/svg+xml,%3Csvg xmlns=\" http:=\"\" viewbox=\"0 0 880 495\" alt=\"Qu\u00e9 es la jubilaci\u00f3n flexible y qu\u00e9 reforma se debate para mejorar las pensiones de los retirados de manera forzosa\"\/><\/p>\n<p>                        <\/a><\/p>\n<p class=\"article-text\">\n        La nueva regulaci\u00f3n, que mejora las condiciones para las jubilaciones demoradas, se aplicar\u00e1 a todos los reg\u00edmenes de Seguridad Social, a excepci\u00f3n de los reg\u00edmenes especiales de los funcionarios Civiles del Estado, de las Fuerzas Armadas y del personal al servicio de la Administraci\u00f3n de Justicia.\n    <\/p>\n","protected":false},"excerpt":{"rendered":"El Consejo de Ministros aprueba este martes la reforma pendiente para impulsar m\u00e1s la jubilaci\u00f3n flexible, f\u00f3rmula por&hellip;\n","protected":false},"author":2,"featured_media":572741,"comment_status":"","ping_status":"","sticky":false,"template":"","format":"standard","meta":{"footnotes":""},"categories":[5],"tags":[44159,17,18,10190,25,24,13,14,26521,582,11,8881,19,20,9,10,15,16,12530,14698,14824,23,12,4710,21,22,865],"class_list":["post-572740","post","type-post","status-publish","format-standard","has-post-thumbnail","category-titulares","tag-autonomos","tag-breaking-news","tag-breakingnews","tag-cobrar","tag-es","tag-espana","tag-featured-news","tag-featurednews","tag-flexible","tag-gobierno","tag-headlines","tag-jubilacion","tag-latest-news","tag-latestnews","tag-news","tag-noticias","tag-noticias-destacadas","tag-noticiasdestacadas","tag-pension","tag-podran","tag-reforma","tag-spain","tag-titulares","tag-trabajar","tag-ultimas-noticias","tag-ultimasnoticias","tag-volver"],"share_on_mastodon":{"url":"https:\/\/pubeurope.com\/@es\/116644439998615723","error":""},"_links":{"self":[{"href":"https:\/\/www.europesays.com\/es\/wp-json\/wp\/v2\/posts\/572740","targetHints":{"allow":["GET"]}}],"collection":[{"href":"https:\/\/www.europesays.com\/es\/wp-json\/wp\/v2\/posts"}],"about":[{"href":"https:\/\/www.europesays.com\/es\/wp-json\/wp\/v2\/types\/post"}],"author":[{"embeddable":true,"href":"https:\/\/www.europesays.com\/es\/wp-json\/wp\/v2\/users\/2"}],"replies":[{"embeddable":true,"href":"https:\/\/www.europesays.com\/es\/wp-json\/wp\/v2\/comments?post=572740"}],"version-history":[{"count":0,"href":"https:\/\/www.europesays.com\/es\/wp-json\/wp\/v2\/posts\/572740\/revisions"}],"wp:featuredmedia":[{"embeddable":true,"href":"https:\/\/www.europesays.com\/es\/wp-json\/wp\/v2\/media\/572741"}],"wp:attachment":[{"href":"https:\/\/www.europesays.com\/es\/wp-json\/wp\/v2\/media?parent=572740"}],"wp:term":[{"taxonomy":"category","embeddable":true,"href":"https:\/\/www.europesays.com\/es\/wp-json\/wp\/v2\/categories?post=572740"},{"taxonomy":"post_tag","embeddable":true,"href":"https:\/\/www.europesays.com\/es\/wp-json\/wp\/v2\/tags?post=572740"}],"curies":[{"name":"wp","href":"https:\/\/api.w.org\/{rel}","templated":true}]}}