{"id":572774,"date":"2026-05-27T04:08:22","date_gmt":"2026-05-27T04:08:22","guid":{"rendered":"https:\/\/www.europesays.com\/es\/572774\/"},"modified":"2026-05-27T04:08:22","modified_gmt":"2026-05-27T04:08:22","slug":"el-emotivo-mensaje-de-maria-amaro-mujer-de-rulo-a-su-hijo-andy-fallecido-hace-un-ano-mi-bebe-eterno","status":"publish","type":"post","link":"https:\/\/www.europesays.com\/es\/572774\/","title":{"rendered":"El emotivo mensaje de Mar\u00eda Amaro, mujer de Rulo, a su hijo Andy, fallecido hace un a\u00f1o: \u00abMi beb\u00e9 eterno\u00bb"},"content":{"rendered":"<p id=\"e2QOIRLf7k\" data-wc=\"91\">La vida de <strong>Ra\u00fal Guti\u00e9rrez<\/strong>, conocido como Rulo, y su mujer, <strong>Mar\u00eda Amaro<\/strong>, cambi\u00f3 para siempre el 24 de mayo de 2022 con la llegada de su hijo Andy. El peque\u00f1o llen\u00f3 su hogar de luz y felicidad durante casi tres a\u00f1os, hasta que <a class=\"hm-link ho-link\" href=\"https:\/\/www.hola.com\/actualidad\/20250626840427\/rulo-y-la-contrabanda-muere-hijo-andy\/\" data-mrf-recirculation=\"article-body-link\" rel=\"nofollow noopener\" target=\"_blank\">el 23 de mayo de 2025 falleci\u00f3<\/a>, dejando un vac\u00edo imposible de llenar. El pasado domingo, fecha en la que Andy habr\u00eda cumplido cuatro a\u00f1os, su madre quiso rendirle homenaje compartiendo un emotivo v\u00eddeo en sus redes sociales, record\u00e1ndole en un d\u00eda especialmente significativo para la familia.\u00a0<\/p>\n<p> <img src=\"https:\/\/www.europesays.com\/es\/wp-content\/uploads\/2026\/05\/e826368f4d57-saveclipapp510875772185060838580490013936628898958710810n.jpg\"   width=\"768\" height=\"1024\" loading=\"lazy\" decoding=\"async\" alt=\"Mar\u00eda Amaro, mujer de Rulo y jefa de la oficina de Dani Mart\u00edn, con el peque\u00f1o Andy en brazos\" fetchpriority=\"auto\" class=\"image ho-image\"\/>\u00a9 maryamaroMar\u00eda Amaro, mujer de Rulo y jefa de la oficina de Dani Mart\u00edn, con el peque\u00f1o Andy en brazos<\/p>\n<p id=\"eYMR-DT0fmZ\" data-wc=\"55\">\u00ab<strong>Hace cuatro a\u00f1os naci\u00f3 nuestro Andy<\/strong>. Te llev\u00e9 en mi tripa nueve meses, te di lactancia materna durante doce, dorm\u00ed a tu lado tres a\u00f1os, te acun\u00e9, te bes\u00e9, te ba\u00f1\u00e9 y <strong>te abrac\u00e9 hasta la saciedad el tiempo que estuviste aqu\u00ed<\/strong>. Te amo por encima de mis posibilidades. <strong>Mi Andy, mi beb\u00e9 eterno<\/strong>\u00ab, escribi\u00f3.<\/p>\n<p> <img src=\"https:\/\/www.europesays.com\/es\/wp-content\/uploads\/2026\/05\/0d8212a5850f-captura-de-pantalla-2026-05-26-154858.png\"   width=\"672\" height=\"1024\" loading=\"lazy\" decoding=\"async\" alt=\"Dani Mart\u00edn jugando con el peque\u00f1o Andy\" fetchpriority=\"auto\" class=\"image ho-image\"\/>\u00a9 maryamaroDani Mart\u00edn jugando con el peque\u00f1o Andy<\/p>\n<p id=\"e3IOL2KSkF\" data-wc=\"78\">Las palabras de Mar\u00eda, jefa de la oficina de <strong>Dani Mart\u00edn<\/strong>, desprenden un amor inmenso y una profunda resiliencia que muchos admiran, incluido el propio artista, quien en uno de sus \u00faltimos conciertos le dedic\u00f3 un emotivo reconocimiento, describi\u00e9ndola como <strong>su mejor amiga y una mujer talentos\u00edsima<\/strong>. Adem\u00e1s, el cantante dedic\u00f3 unas bonitas palabras al peque\u00f1o <a class=\"hm-link ho-link\" href=\"https:\/\/www.hola.com\/actualidad\/20251117867934\/dani-martin-solo-un-buen-amigo-sobre-el-escenario-el-gesto-con-rulo-cronica-concierto\/\" data-mrf-recirculation=\"article-body-link\" rel=\"nofollow noopener\" target=\"_blank\">Andy, cuya memoria est\u00e1 muy presente en su gira<\/a>. Despu\u00e9s, visiblemente conmovido, interpret\u00f3 la canci\u00f3n Ya nada volver\u00e1 a ser como antes.\u00a0<\/p>\n<p> <img src=\"https:\/\/www.europesays.com\/es\/wp-content\/uploads\/2026\/05\/a11d4116cdff-mi-pequeo-homenaje-a-ti-a-cada-segundo-de-los-3-aos-que-la-vida-nos-regal-co.jpg\"   width=\"768\" height=\"1024\" loading=\"lazy\" decoding=\"async\" alt=\"Dani Mart\u00edn con Andy, el hijo fallecido de Rulo\" fetchpriority=\"auto\" class=\"image ho-image\"\/>\u00a9 maryamaroDani Mart\u00edn con el peque\u00f1o Andy<br \/>\nRulo: \u00abLa vida te da, la vida te quita\u00bb<\/p>\n<p id=\"eguMX3fk0FN\" data-wc=\"26\">A pesar del profundo dolor que siente y que siempre la acompa\u00f1ar\u00e1, Mar\u00eda ha encontrado la forma de seguir adelante, una actitud que tambi\u00e9n comparte Rulo.<\/p>\n<p> <img src=\"https:\/\/www.europesays.com\/es\/wp-content\/uploads\/2026\/05\/9ffd5007f2f4-mi-pequeo-homenaje-a-ti-a-cada-segundo-de-los-3-aos-que-la-vida-nos-regal-co.jpg\"   width=\"768\" height=\"1024\" loading=\"lazy\" decoding=\"async\" alt=\"Rulo con su hijo Andy, fallecido hace un mes con tan solo 3 a\u00f1os\" fetchpriority=\"auto\" class=\"image ho-image\"\/>\u00a9 maryamaroRulo con su hijo Andy de la mano<\/p>\n<p id=\"eTuj3Ez5jIo\" data-wc=\"136\">\u00ab<strong>La vida te da, la vida te quita<\/strong>. A todos. En todas las familias. Cuanto antes aprendas que es as\u00ed, y mejor lo vayas sorteando, va a ser mejor para ti mismo y para tu entorno\u00bb, dijo el cantante de Reinosa en una entrevista concedida a Alberto Herrera en la Cadena Cope. \u00abEntonces, depende de ti. Si decides aprender de ello y que te sirva para ser mejor persona, o disfrutar incluso m\u00e1s de la vida. Si no aprendes nada de ello, va a ir en tu detrimento. <strong>Hay dos opciones: o te vas hacia la luz, hacia la vida, o te vas hacia la oscuridad<\/strong>. Si entras mucho en la oscuridad, al final es muy dif\u00edcil salir. Esto es muy f\u00e1cil de decir, pero es una actitud, el salvarte cuando la vida te quita\u00bb, reflexion\u00f3.\u00a0<\/p>\n<p> <img src=\"https:\/\/www.europesays.com\/es\/wp-content\/uploads\/2026\/05\/d92f105150db-foto-bebe-ig1.jpg\"   width=\"893\" height=\"1024\" loading=\"lazy\" decoding=\"async\" alt=\"Rulo y la Contrabanda con su hijo Andy, que ha fallecido a los 3 a\u00f1os\" fetchpriority=\"auto\" class=\"image ho-image\"\/>\u00a9 ruloylacontrabanda_oficialRulo con su hijo Andy<br \/>\nMar\u00eda Amaro: \u00abDoy gracias por seguir caminando con Andy en mi coraz\u00f3n\u00bb<\/p>\n<p id=\"erkqiy6gJL-\" data-wc=\"85\">No es la primera vez que Mar\u00eda habla p\u00fablicamente de la muerte de su hijo. El 24 de junio de 2025, un mes despu\u00e9s de su partida, comparti\u00f3 el siguiente mensaje: \u00abMi peque\u00f1o homenaje a ti, a cada segundo de los tres a\u00f1os que la vida nos regal\u00f3 contigo. A tu sonrisa, tu risa, tu bondad, tu mirada y tu amor incondicional. A todo lo que fuiste y que ahora vive en nosotros. <strong>Qu\u00e9 afortunados somos de que fueras &#8216;nuestro&#8217;<\/strong>. Siempre en nuestros corazones, Andy\u00bb.\u00a0<\/p>\n<p id=\"eWVy65EBMOr\" data-wc=\"98\">Antes de poner fin al a\u00f1o m\u00e1s triste de su vida, Mar\u00eda comparti\u00f3 una reflexi\u00f3n que emocion\u00f3 a todos sus seguidores. \u00ab<strong>Doy gracias<\/strong> por mi familia. Por las amigas que tengo que son hermanas, por los amigos del alma, por los que no me sueltan, por Oli y por Ruth y por mis tres sobrinos, que hacen que tenga fuerzas y ganas de seguir celebrado cosas. Por mi trabajo, del que me siento muy orgullosa. Por poder hacer terapia y <strong>por seguir caminando con Andy en mi coraz\u00f3n siempre tan presente<\/strong>. Honr\u00e1ndole y celebrando su legado de amor\u00bb. \u00a0<\/p>\n<p>La historia de amor de Rulo y Mar\u00eda<\/p>\n<p id=\"ein5Q-ZxmgZ\" data-wc=\"103\">Rulo, de 46 a\u00f1os, y Mar\u00eda, de 45, se conocieron en 2011 gracias a Dani Mart\u00edn. \u00abCuando Dani invit\u00f3 a Rulo a cantar en la campa de La Magdalena no imaginaba que Cantabria se iba a convertir en mi segundo hogar\u00bb, dijo Mar\u00eda en una entrevista concedida El diario monta\u00f1\u00e9s en 2019. El 18 de febrero de 2016 se casaron en Las Vegas y juntos forman una preciosa familia con Ruth, hija de una relaci\u00f3n anterior de Rulo, <a class=\"hm-link ho-link\" href=\"https:\/\/www.hola.com\/actualidad\/20251115867688\/hijo-de-rulo-estrella-del-concierto-de-dani-martin-gesto-emotivo-homenaje\/\" data-mrf-recirculation=\"article-body-link\" rel=\"nofollow noopener\" target=\"_blank\">Oli, el ahijado de Dani Mart\u00edn<\/a>, que ha conquistado el coraz\u00f3n de todos al cantar junto al artista en sus conciertos, y el eterno Andy.\u00a0\u00a0<\/p>\n","protected":false},"excerpt":{"rendered":"La vida de Ra\u00fal Guti\u00e9rrez, conocido como Rulo, y su mujer, Mar\u00eda Amaro, cambi\u00f3 para siempre el 24&hellip;\n","protected":false},"author":2,"featured_media":572775,"comment_status":"","ping_status":"","sticky":false,"template":"","format":"standard","meta":{"footnotes":""},"categories":[174],"tags":[517,255,47099,146,147,25,24,256,23],"class_list":["post-572774","post","type-post","status-publish","format-standard","has-post-thumbnail","category-famosos","tag-actualidad","tag-celebrities","tag-dani-martin","tag-entertainment","tag-entretenimiento","tag-es","tag-espana","tag-famosos","tag-spain"],"share_on_mastodon":{"url":"https:\/\/pubeurope.com\/@es\/116644578458904195","error":""},"_links":{"self":[{"href":"https:\/\/www.europesays.com\/es\/wp-json\/wp\/v2\/posts\/572774","targetHints":{"allow":["GET"]}}],"collection":[{"href":"https:\/\/www.europesays.com\/es\/wp-json\/wp\/v2\/posts"}],"about":[{"href":"https:\/\/www.europesays.com\/es\/wp-json\/wp\/v2\/types\/post"}],"author":[{"embeddable":true,"href":"https:\/\/www.europesays.com\/es\/wp-json\/wp\/v2\/users\/2"}],"replies":[{"embeddable":true,"href":"https:\/\/www.europesays.com\/es\/wp-json\/wp\/v2\/comments?post=572774"}],"version-history":[{"count":0,"href":"https:\/\/www.europesays.com\/es\/wp-json\/wp\/v2\/posts\/572774\/revisions"}],"wp:featuredmedia":[{"embeddable":true,"href":"https:\/\/www.europesays.com\/es\/wp-json\/wp\/v2\/media\/572775"}],"wp:attachment":[{"href":"https:\/\/www.europesays.com\/es\/wp-json\/wp\/v2\/media?parent=572774"}],"wp:term":[{"taxonomy":"category","embeddable":true,"href":"https:\/\/www.europesays.com\/es\/wp-json\/wp\/v2\/categories?post=572774"},{"taxonomy":"post_tag","embeddable":true,"href":"https:\/\/www.europesays.com\/es\/wp-json\/wp\/v2\/tags?post=572774"}],"curies":[{"name":"wp","href":"https:\/\/api.w.org\/{rel}","templated":true}]}}