{"id":57287,"date":"2025-08-19T06:37:12","date_gmt":"2025-08-19T06:37:12","guid":{"rendered":"https:\/\/www.europesays.com\/es\/57287\/"},"modified":"2025-08-19T06:37:12","modified_gmt":"2025-08-19T06:37:12","slug":"vuelta-clicista-espana-el-angliru-y-la-farrapona-abren-la-ventana-de-asturias-al-mundo","status":"publish","type":"post","link":"https:\/\/www.europesays.com\/es\/57287\/","title":{"rendered":"VUELTA CLICISTA ESPA\u00d1A | El Angliru y La Farrapona abren la ventana de Asturias al mundo"},"content":{"rendered":"<p class=\"ft-text ft-helper-closenews\">La Vuelta Ciclista Espa\u00f1a festeja sus noventa a\u00f1os de vida con una in\u00e9dita salida el pr\u00f3ximo s\u00e1bado desde Tur\u00edn, en Italia. Ser\u00e1 la edici\u00f3n m\u00e1s internacional que atravesar\u00e1 cuatro pa\u00edses antes de finalizar en Madrid el 14 de septiembre.<\/p>\n<p><img decoding=\"async\" src=\"https:\/\/www.europesays.com\/es\/wp-content\/uploads\/2025\/08\/8d897e2f-7a04-4853-be68-739789954d2b_alta-libre-aspect-ratio_default_0.jpg\" width=\"1200\" height=\"773\" alt=\"El mirador en forma de lazo de La Farrapona, sobre la carretera y gran parte del parque natural de Somiedo.\" class=\"ft-helper-img-rd\" loading=\"lazy\" hasdataaida=\"true\"\/><\/p>\n<p class=\"ft-helper-fontColor-quaternary ft-helper-fontSize-body-S ft-helper-spacer-t-xxs\">La cumbre del Angliru, convertida en un paisaje casi des\u00e9rtico por la sequ\u00eda.  \/ MIKI L\u00d3PEZ<\/p>\n<p class=\"ft-text\">Asturias volver\u00e1 a convertirse en protagonista con las metas en el riosano Angliru, el viernes 4 de septiembre, en la etapa m\u00e1s larga, de 202 kil\u00f3metros, y en La Farrapona de Somiedo al d\u00eda siguiente. Ambas determinar\u00e1n la clasificaci\u00f3n general de la carrera y a buen seguro que obtendr\u00e1n tambi\u00e9n las mayores audiencias de televisi\u00f3n. La Vuelta abandonar\u00e1 el Principado el lunes 6 de septiembre en la etapa entre Vegadeo y Monforte de Lemos.<\/p>\n<p class=\"ft-text\">La Vuelta es mucho m\u00e1s que deporte y para Asturias, un magn\u00edfico escaparate con el que presentarse al mundo. Detr\u00e1s de la prueba hay un mont\u00f3n de datos curiosos, muchos de los cuales se recopilan en este reportaje para descubrir la vertiente social, no la competitiva, de la cita. Desde 1935, esta carrera ha vertebrado todo el territorial nacional con el paso de la caravana ciclista por las cincuenta y dos provincias y las diecisiete comunidades aut\u00f3nomas, tanto peninsulares como insulares.<\/p>\n<p class=\"ft-text\">Cada edici\u00f3n transita por m\u00e1s de 400 municipios espa\u00f1oles y descubre nuevas comarcas, paisajes y puertos de monta\u00f1a que se incorporan a la carrera. Ha representado, desde sus inicios, un s\u00edmbolo de uni\u00f3n entre la poblaci\u00f3n espa\u00f1ola que disfruta de la pasi\u00f3n y de la \u00e9pica del deporte del ciclismo. Tambi\u00e9n ha servido de magn\u00edfica ventana para mostrar la belleza y la diversidad del paisaje y paisanaje de nuestro pa\u00eds. El 92% de los residentes en los municipios por donde transita manifiestan \u00abhaber vivido una gran sensaci\u00f3n de emoci\u00f3n por el paso de la carrera y sentir una experiencia inusual\u00bb.<\/p>\n<p>La mayor feria itinerante<\/p>\n<p class=\"ft-text\">La mayor feria itinerante de Espa\u00f1a comenz\u00f3 a retransmitir todas sus etapas en directo por televisi\u00f3n en 1983, aunque desde 1959 ya se emit\u00edan, en diferido, res\u00famenes diarios nocturnos. Las im\u00e1genes de televisi\u00f3n han supuesto la proyecci\u00f3n nacional e internacional de territorios espa\u00f1oles apenas conocidos hasta entonces, como los asturianos.<\/p>\n<p class=\"ft-text\">En la \u00faltima edici\u00f3n de 2024, m\u00e1s de 17 millones de espa\u00f1oles han disfrutado en directo la carrera por televisi\u00f3n con una media superior al mill\u00f3n de espectadores por etapa. La mejor audiencia se registr\u00f3 en la que finaliz\u00f3 en los Lagos de Covadonga con 2,2 millones de espectadores y una cuota de pantalla del 23,2%. Una audiencia que esperan igualar o batir este a\u00f1o El Angliru y La Farrapona con sus finales .<\/p>\n<p class=\"ft-text\">Un total de 67 etapas han tenido salida o meta en territorio extranjero habiendo transitado por siete pa\u00edses europeos: Andorra, Francia, Portugal, Pa\u00edses Bajos, Alemania, B\u00e9lgica e Italia.<\/p>\n<p class=\"ft-text\">La ronda espa\u00f1ola traspas\u00f3 sus fronteras por primera vez en 1965 cuando tuvo lugar un final de etapa en Andorra. Posteriormente, en 1992, la carrera se adentr\u00f3 en Francia con final de etapa en Luz Ardiden.<\/p>\n<p><img decoding=\"async\" src=\"https:\/\/www.europesays.com\/es\/wp-content\/uploads\/2025\/08\/8227a47d-7084-466b-8080-e95c370ce077_alta-libre-aspect-ratio_default_0.jpg\" width=\"1200\" height=\"767\" alt=\"La cumbre del Angliru, convertida en un paisaje casi des\u00e9rtico por la sequ\u00eda.   | MIKI L\u00d3PEZ\" class=\"ft-helper-img-rd\" loading=\"lazy\" hasdataaida=\"true\"\/><\/p>\n<p class=\"ft-helper-fontColor-quaternary ft-helper-fontSize-body-S ft-helper-spacer-t-xxs\">El mirador en forma de lazo de La Farrapona, sobre la carretera y gran parte del parque natural de Somiedo.  \/  MIKI L\u00d3PEZ<\/p>\n<p class=\"ft-text\">En 2025 ser\u00e1 la sexta ocasi\u00f3n en la que la salida tendr\u00e1 lugar en un pa\u00eds extranjero. En 2026 ya est\u00e1 programada la salida desde otro principado, M\u00f3naco, que se convertir\u00e1 en el octavo pa\u00eds europeo que recorra la prueba.<\/p>\n<p class=\"ft-text\">Las im\u00e1genes de La Vuelta se difunden por televisi\u00f3n en 190 pa\u00edses de cuatro continentes a trav\u00e9s de 24 cadenas internacionales. En total, 18.700 horas de retransmisi\u00f3n en todo el mundo. Este evento deportivo itinerante es seguido cada d\u00eda sobre el terreno por m\u00e1s un millar de periodistas de 30 nacionalidades distintas, pertenecientes a 270 medios de comunicaci\u00f3n internacionales.<\/p>\n<p class=\"ft-text\">El gasto diario por etapa en hoteler\u00eda supera los 325.000 \u20ac, cantidad a la que habr\u00eda que sumar todos los consumos y gastos de las tres mil personas en las distintas ciudades que se recorren durante los 21 d\u00edas de competici\u00f3n. Ese retorno directo, que supera los 10 millones de euros, queda por completo en cada una de las ciudades y sedes que acogen la prueba.<\/p>\n<p class=\"ft-text\">Este circo rodante deportivo, un espect\u00e1culo, mover\u00e1 cada d\u00eda, adem\u00e1s de los 184 ciclistas integrados en 23 equipos y sus 550 acompa\u00f1antes, 25 comisarios del jurado internacional, 140 guardias civiles en moto, 80 polic\u00edas nacionales y 900 veh\u00edculos acreditados. En total, 2.500 pernoctaciones diarias. Asimismo, se movilizan para la seguridad 8.000 polic\u00edas y guardias civiles.<\/p>\n<p>Una fiesta<\/p>\n<p class=\"ft-text\">Otras cifras de inter\u00e9s sobre la movilidad de La Vuelta son: 1.100 veh\u00edculos ligeros, 96 <a class=\"ft-link ft-link--decoration\" href=\"https:\/\/www.lne.es\/tags\/motogp\/\" rel=\"nofollow noopener\" target=\"_blank\">motos<\/a>, 47 camiones, 26 autobuses, 100 furgonetas, 7 helic\u00f3pteros y 2 aviones. En cuanto al material, durante las 3 semanas de competici\u00f3n se instalan cada d\u00eda: 37 carpas, 10 contenedores, 20 arcos kilom\u00e9tricos y 8 kil\u00f3metros de vallas.<\/p>\n<p class=\"ft-text\">La Vuelta se ha convertido en un evento popular y gratuito, una fiesta para todos los p\u00fablicos. Sus espectadores tienen un perfil familiar y s\u00f3lo un 40% la siguen por ser aficionados al ciclismo. El resto, es decir, el 60% de los seguidores, la consideran como una fiesta deportiva y como un evento cultural de ocio y de entretenimiento.<\/p>\n<p class=\"ft-text\">En espera del \u00abataque\u00bb de la serpiente multicolor, como coloquialmente se define al pelot\u00f3n, los dos gigantes asturianos ya atraen a un buen n\u00famero de visitantes. En La Farrapona, la novedad es el mirador en forma de lazo que permite una vistas espectaculares del parque natural de Somiedo. En El Angliru, la sequ\u00eda ha convertido la cumbre casi en un paraje lunar. Durante la pasada ola de calor, fueron pocos los ciclistas que se atrevieron a enfilar sus rampas, pero algunos valientes s\u00ed hubo. Las condiciones meteorol\u00f3gicas de este verano permitieron, con el cielo despejado, una mirada casi infinita sobre la llanura central.<\/p>\n<p data-close=\"closedContent\" class=\"subscribeHideForDisplay\">Suscr\u00edbete para seguir leyendo<\/p>\n","protected":false},"excerpt":{"rendered":"La Vuelta Ciclista Espa\u00f1a festeja sus noventa a\u00f1os de vida con una in\u00e9dita salida el pr\u00f3ximo s\u00e1bado desde&hellip;\n","protected":false},"author":2,"featured_media":57288,"comment_status":"","ping_status":"","sticky":false,"template":"","format":"standard","meta":{"footnotes":""},"categories":[273],"tags":[12232,1770,14764,313,312,168,24426,25,24,7789,13733,23,167,807,1793],"class_list":{"0":"post-57287","1":"post","2":"type-post","3":"status-publish","4":"format-standard","5":"has-post-thumbnail","7":"category-ciclismo","8":"tag-asturiano","9":"tag-asturias","10":"tag-atractivos","11":"tag-ciclismo","12":"tag-cycling","13":"tag-deportes","14":"tag-encandilar","15":"tag-es","16":"tag-espana","17":"tag-la-vuelta","18":"tag-quieren","19":"tag-spain","20":"tag-sports","21":"tag-television","22":"tag-verano"},"share_on_mastodon":{"url":"","error":""},"_links":{"self":[{"href":"https:\/\/www.europesays.com\/es\/wp-json\/wp\/v2\/posts\/57287","targetHints":{"allow":["GET"]}}],"collection":[{"href":"https:\/\/www.europesays.com\/es\/wp-json\/wp\/v2\/posts"}],"about":[{"href":"https:\/\/www.europesays.com\/es\/wp-json\/wp\/v2\/types\/post"}],"author":[{"embeddable":true,"href":"https:\/\/www.europesays.com\/es\/wp-json\/wp\/v2\/users\/2"}],"replies":[{"embeddable":true,"href":"https:\/\/www.europesays.com\/es\/wp-json\/wp\/v2\/comments?post=57287"}],"version-history":[{"count":0,"href":"https:\/\/www.europesays.com\/es\/wp-json\/wp\/v2\/posts\/57287\/revisions"}],"wp:featuredmedia":[{"embeddable":true,"href":"https:\/\/www.europesays.com\/es\/wp-json\/wp\/v2\/media\/57288"}],"wp:attachment":[{"href":"https:\/\/www.europesays.com\/es\/wp-json\/wp\/v2\/media?parent=57287"}],"wp:term":[{"taxonomy":"category","embeddable":true,"href":"https:\/\/www.europesays.com\/es\/wp-json\/wp\/v2\/categories?post=57287"},{"taxonomy":"post_tag","embeddable":true,"href":"https:\/\/www.europesays.com\/es\/wp-json\/wp\/v2\/tags?post=57287"}],"curies":[{"name":"wp","href":"https:\/\/api.w.org\/{rel}","templated":true}]}}